
{"id":19369,"date":"2025-11-08T19:04:06","date_gmt":"2025-11-08T18:04:06","guid":{"rendered":"https:\/\/lezajsk.przemyska.pl\/?p=19369"},"modified":"2025-11-08T19:07:00","modified_gmt":"2025-11-08T18:07:00","slug":"ogloszenia-duszpasterskie-xxxii-niedziela-zw-9-11-2025-r-swieto-rocznicy-poswiecenia-bazyliki-lateranskiej","status":"publish","type":"post","link":"https:\/\/lezajsk.przemyska.pl\/?p=19369","title":{"rendered":"XXXII Niedziela Zwyk\u0142a (\u015awi\u0119to Rocznicy Po\u015bwi\u0119cenia Bazyliki Latera\u0144skiej) &#8211; 9.11.2025 r."},"content":{"rendered":"<ol>\n<li>Dzi\u015b wyj\u0105tkowo nie b\u0119dzie r\u00f3\u017ca\u0144ca za zmar\u0142ych polecanych w wypominkach ze wzgl\u0119du na koncert<strong> patriotyczny pt. \u201eRado\u015bni z\u00a0wolno\u015bci, dumni z polsko\u015bci\u201d<\/strong>, kt\u00f3rego organizatorem jest Muzeum Ziemi Le\u017cajskiej. Koncert rozpocznie bezpo\u015brednio po Mszy \u015bw. o godz. 16.00. Serdecznie zapraszamy.<\/li>\n<li><strong>R\u00f3\u017caniec za zmar\u0142ych polecanych w wypominkach<\/strong> w tygodniu o\u00a0godz. 17.30 a\u00a0po nim Msza \u015bw. wieczorna.<\/li>\n<li><strong>We wtorek 11 listopada<\/strong>, \u015bwi\u0119tujemy dzie\u0144 wdzi\u0119czno\u015bci za wielokrotnie odzyskiwan\u0105 wolno\u015b\u0107. <strong>Powiatowe obchody 107 rocznicy Odzyskania Niepodleg\u0142o\u015bci rozpoczn\u0105 si\u0119 Msz\u0105 \u015bw. w Bazylice OO. Bernardyn\u00f3w o\u00a0godz. 12.00.<\/strong> Po Mszy \u015bw. z\u0142o\u017cenie wie\u0144c\u00f3w przy pomniku, nast\u0119pnie przemarsz na plac obok MCK-u a zwie\u0144czeniem b\u0119dzie program patriotyczny w wykonaniu m\u0142odzie\u017cy ZSL i artyst\u00f3w MCK w\u00a0Le\u017cajsku. Niech ten dzie\u0144 b\u0119dzie dla nas wszystkich okazj\u0105 do wdzi\u0119czno\u015bci wobec Boga za dar wolnej Ojczyzny oraz modlitwy o\u00a0umiej\u0119tno\u015b\u0107 korzystania z\u00a0tego daru wolno\u015bci, a tak\u017ce za tych, kt\u00f3rzy za Ojczyzn\u0119 i\u00a0Jej wolno\u015b\u0107 oddali swoje \u017cycie.<\/li>\n<li>We wtorek, po Mszy \u015bw. <strong>nowenna do \u015bw. Antoniego<\/strong> i b\u0142ogos\u0142awie\u0144stwo dzieci. Pro\u015bby i\u00a0podzi\u0119kowania mo\u017cna sk\u0142ada\u0107 przy figurze \u015bwi\u0119tego.<\/li>\n<li>W \u015brod\u0119 dzie\u0144 imienin naszego wikariusza <strong> Witolda Orzechowskiego<\/strong>. Pami\u0119tajmy z\u00a0tej okazji o Nim w naszych modlitwach.<\/li>\n<li><strong>Dzisiejsza taca mszalna<\/strong> jest przeznaczona na trwaj\u0105ce prace remontowe przy naszej parafii. Za wszystkie z\u0142o\u017cone nie tylko dzi\u015b ofiary, sk\u0142adamy serdeczne B\u00f3g zap\u0142a\u0107.<\/li>\n<li><strong>W Siewcy<\/strong> do nabycia prasa i publikacje katolickie. S\u0105 te\u017c <strong>Kalendarze Rolnik\u00f3w i\u00a0Ewangelie<\/strong> na rok 2026.<\/li>\n<\/ol>\n<p>&nbsp;<\/p>\n<p><strong><u>Intencje zbiorowe: <\/u><\/strong><\/p>\n<ul>\n<li>Za \u015bp. Zofi\u0119 i zmar\u0142ych z rodzin z R\u00f3\u017cy \u015bw. s. Faustyny \u2013 wtorek, godz. 18.00.<\/li>\n<li>Z intencji Stra\u017cy Honorowej NSPJ \u2013 wtorek, godz. 18.00.<\/li>\n<li>W intencji ks. Witolda z okazji imienin \u2013 intencja od R\u00f3\u017c R\u00f3\u017ca\u0144cowych \u2013 \u015broda, godz. 18.00.<\/li>\n<li>Z R\u00f3\u017cy MB R\u00f3\u017ca\u0144cowej \u2013 \u015broda, godz. 18.00.<\/li>\n<li>W intencji nowennowych pr\u00f3\u015bb i podzi\u0119kowa\u0144 do MB Pocieszenia \u2013 \u015broda, godz. 18.00.<\/li>\n<li>Za zmar\u0142ych z R\u00f3\u017cy \u015bw. Heleny \u2013 czwartek, godz. 18.00.<\/li>\n<li>W intencji dzieci, rodzic\u00f3w, si\u00f3str i pracownik\u00f3w Przedszkola Si\u00f3str S\u0142u\u017cebniczek \u2013 pi\u0105tek, godz. 15.30.<\/li>\n<li>Za ze wsp\u00f3lnoty Bractwa Szkaplerza \u015awi\u0119tego \u2013 pi\u0105tek, godz. 18.00.<\/li>\n<li>Za \u015bp. Remigiusza Szajnara \u2013 intencja od koleg\u00f3w Jacka z Rejonowego Zwi\u0105zku Sp\u00f3\u0142ek Wodnych \u2013 sobota, godz. 7.00.<\/li>\n<li>Za zmar\u0142ych z R\u00f3\u017cy b\u0142. Anieli Salawy \u2013 sobota, godz. 18.00.<\/li>\n<li>Za zmar\u0142ych polecanych w wypominkach \u2013 niedziela, godz. 8.30.<\/li>\n<li>Za zmar\u0142ych z R\u00f3\u017cy \u015bw. J\u00f3zefa \u2013 niedziela, godz. 10.00.<\/li>\n<\/ul>\n<p>&nbsp;<\/p>\n<p>&nbsp;<\/p>\n<p>W ostatnim tygodniu odesz\u0142y od nas do wieczno\u015bci <strong>\u015bp. Michalina J\u0119drusiejko <\/strong>z\u00a0ul. Sikorskiego <strong>i\u00a0Krystyna Kucharska<\/strong> z\u00a0ul. Mickiewicza \u2013 wieczny odpoczynek \u2026..<\/p>\n","protected":false},"excerpt":{"rendered":"<p>Dzi\u015b wyj\u0105tkowo nie b\u0119dzie r\u00f3\u017ca\u0144ca za zmar\u0142ych polecanych w wypominkach ze wzgl\u0119du na koncert patriotyczny pt. \u201eRado\u015bni z\u00a0wolno\u015bci, dumni z polsko\u015bci\u201d, kt\u00f3rego organizatorem jest Muzeum Ziemi Le\u017cajskiej. Koncert rozpocznie bezpo\u015brednio po Mszy \u015bw. o godz. 16.00. Serdecznie zapraszamy. R\u00f3\u017caniec za zmar\u0142ych polecanych w wypominkach w tygodniu o\u00a0godz. 17.30 a\u00a0po nim Msza \u015bw. wieczorna. We wtorek [&hellip;]<\/p>\n","protected":false},"author":10,"featured_media":0,"comment_status":"closed","ping_status":"open","sticky":false,"template":"","format":"standard","meta":[],"categories":[5],"tags":[],"_links":{"self":[{"href":"https:\/\/lezajsk.przemyska.pl\/index.php?rest_route=\/wp\/v2\/posts\/19369"}],"collection":[{"href":"https:\/\/lezajsk.przemyska.pl\/index.php?rest_route=\/wp\/v2\/posts"}],"about":[{"href":"https:\/\/lezajsk.przemyska.pl\/index.php?rest_route=\/wp\/v2\/types\/post"}],"author":[{"embeddable":true,"href":"https:\/\/lezajsk.przemyska.pl\/index.php?rest_route=\/wp\/v2\/users\/10"}],"replies":[{"embeddable":true,"href":"https:\/\/lezajsk.przemyska.pl\/index.php?rest_route=%2Fwp%2Fv2%2Fcomments&post=19369"}],"version-history":[{"count":3,"href":"https:\/\/lezajsk.przemyska.pl\/index.php?rest_route=\/wp\/v2\/posts\/19369\/revisions"}],"predecessor-version":[{"id":19372,"href":"https:\/\/lezajsk.przemyska.pl\/index.php?rest_route=\/wp\/v2\/posts\/19369\/revisions\/19372"}],"wp:attachment":[{"href":"https:\/\/lezajsk.przemyska.pl\/index.php?rest_route=%2Fwp%2Fv2%2Fmedia&parent=19369"}],"wp:term":[{"taxonomy":"category","embeddable":true,"href":"https:\/\/lezajsk.przemyska.pl\/index.php?rest_route=%2Fwp%2Fv2%2Fcategories&post=19369"},{"taxonomy":"post_tag","embeddable":true,"href":"https:\/\/lezajsk.przemyska.pl\/index.php?rest_route=%2Fwp%2Fv2%2Ftags&post=19369"}],"curies":[{"name":"wp","href":"https:\/\/api.w.org\/{rel}","templated":true}]}}