
{"id":19293,"date":"2025-10-25T21:47:26","date_gmt":"2025-10-25T19:47:26","guid":{"rendered":"https:\/\/lezajsk.przemyska.pl\/?p=19293"},"modified":"2025-10-26T08:30:34","modified_gmt":"2025-10-26T07:30:34","slug":"xxx-niedziela-zwykla-rocznica-poswiecenia-kosciola-26-10-2025-r","status":"publish","type":"post","link":"https:\/\/lezajsk.przemyska.pl\/?p=19293","title":{"rendered":"XXX Niedziela Zwyk\u0142a (Rocznica Po\u015bwi\u0119cenia Ko\u015bcio\u0142a) &#8211; 26.10.2025 r."},"content":{"rendered":"<ol>\n<li>Bardzo serdecznie dzi\u0119kujemy za obecno\u015b\u0107 i skierowane do nas s\u0142owo, <strong>Siostrom S\u0142u\u017cebniczkom Starowiejskim<\/strong> a Siostrom z naszej wsp\u00f3lnoty za pe\u0142n\u0105 \u017cyczliwo\u015bci pos\u0142ug\u0119 i wsp\u00f3\u0142prac\u0119. Dzi\u0119kujemy tak\u017ce za wszystkie z\u0142o\u017cone dzi\u015b na tac\u0119 ofiary, kt\u00f3re zostan\u0105 przekazane Siostrom, na poczet rozpocz\u0119tych prac remontowych ich klasztoru.<\/li>\n<li>Dzi\u015b<strong>, <\/strong>nieco uprzedzaj\u0105c <strong>Uroczysto\u015b\u0107 Wszystkich \u015awi\u0119tych<\/strong>, wszystkich parafian i go\u015bci a\u00a0szczeg\u00f3lnie dzieci i m\u0142odzie\u017c, zapraszamy na kolejn\u0105 niecodzienn\u0105 procesj\u0119 pod has\u0142em <strong>&#8222;W\u00a0drog\u0119 ze \u015bwi\u0119tymi&#8221;<\/strong>. Wydarzenie to rozpocznie si\u0119\u00a0 <strong>Msz\u0105 \u015bw. o\u00a0godz. 11:30<\/strong> a\u00a0po niej przejdziemy ulicami miasta nios\u0105c relikwie \u015bwi\u0119tych na plac przed MCK. Tam b\u0119dziemy mie\u0107 okazj\u0119 wys\u0142ucha\u0107 koncertu\u00a0Gminnej Orkiestry D\u0119tej z\u00a0Kury\u0142\u00f3wki, naszej Diakoni Muzycznej i\u00a0grupy MERITUM a nast\u0119pnie zabawy, gry i\u00a0konkursy dla dzieci. B\u0119dzie mo\u017cliwo\u015b\u0107 zaopatrzenia si\u0119 w ciep\u0142e posi\u0142ki w bardzo przyst\u0119pnych cenach u\u00a0naszych wolontariuszy z Eucharystycznego Ruchu M\u0142odych. Szczeg\u00f3\u0142y na plakatach.<\/li>\n<li>Warto te\u017c zwr\u00f3ci\u0107 uwag\u0119 na przygotowany przez Urz\u0105d Miasta we wsp\u00f3\u0142pracy z Parafi\u0105 cykl wydarze\u0144 pod nazw\u0105 <strong>\u201eLe\u017cajskie \u015awiat\u0142o Pami\u0119ci\u201d<\/strong> w kontek\u015bcie Uroczysto\u015bci Wszystkich \u015awi\u0119tych i Dnia Zadusznego w kt\u00f3re wpisuje si\u0119 chocia\u017cby dzisiejsza procesja <strong>\u201eW drog\u0119 ze \u015bwi\u0119tymi\u201d<\/strong>, koncert w le\u017cajskiej Farze, wystawa malarska <strong>\u201e\u015awi\u0119ty Jan Pawe\u0142 II Wielki \u2013 Pielgrzym Nadziei\u201d<\/strong> oraz wieczorny <strong>Spacer Pami\u0119ci<\/strong> po le\u017cajskim cmentarzu. Szczeg\u00f3\u0142y wydarze\u0144 dost\u0119pne s\u0105 na plakatach, stronie Urz\u0119du Miejskiego oraz w mediach spo\u0142eczno\u015bciowych.<\/li>\n<li><strong>Tak\u017ce dzi\u015b, w\u00a0czasie nabo\u017ce\u0144stwa r\u00f3\u017ca\u0144cowego o godz. 17.30<\/strong>, b\u0119dziemy si\u0119 modli\u0107 za fundator\u00f3w i dobrodziej\u00f3w naszego ko\u015bcio\u0142a Farnego i ko\u015bcio\u0142a Jezusa Mi\u0142osiernego jak i\u00a0za wszystkich darczy\u0144c\u00f3w wspieraj\u0105cych prace remontowe przy naszej parafii.<\/li>\n<li>Z inicjatywy <strong>Urz\u0119du Miasta,<\/strong> <strong>Miejskiego Zak\u0142adu Komunalnego i Le\u017cajskich Parafii<\/strong> w najbli\u017cszy <strong>czwartek 30 pa\u017adziernika o godz. 14.00<\/strong> w kaplicy na Cmentarzu Komunalnym zostanie odprawiona Msza \u015bw. a nast\u0119pnie zostanie po\u015bwi\u0119cony <strong>Pomnik Dziecka Utraconego<\/strong>. Nabo\u017ce\u0144stwu b\u0119dzie przewodniczy\u0142 <strong> bp. Krzysztof Chudzio<\/strong>. Na to wyj\u0105tkowe nabo\u017ce\u0144stwo serdecznie zapraszamy wszystkich, kt\u00f3rzy do\u015bwiadczyli straty nienarodzonego dziecka oraz tych, kt\u00f3rzy pragn\u0105 ich modlitewnie i duchowo wesprze\u0107. Od tego momentu b\u0119dziemy tam cyklicznie ka\u017cdego roku 15 pa\u017adziernika odprawia\u0107 pogrzeb dzieci zmar\u0142ych przed urodzeniem, aby w ten spos\u00f3b pom\u00f3c rodzicom po chrze\u015bcija\u0144sku prze\u017cywa\u0107 b\u00f3l i \u017ca\u0142ob\u0119. B\u0119dzie on te\u017c okazj\u0105 do modlitwy, zadumy i refleksji nad warto\u015bci\u0105 \u017cycia ludzkiego. Gr\u00f3b, w kt\u00f3rym zostan\u0105 z\u0142o\u017cone zmar\u0142e dzieci, b\u0119dzie dla rodzic\u00f3w symbolicznym miejscem spotkania z utraconym dzieckiem.<\/li>\n<li><strong>W pi\u0105tek zako\u0144czenie nabo\u017ce\u0144stw r\u00f3\u017ca\u0144cowych. Dzi\u0119kujmy Matce Naj\u015bwi\u0119tszej za wszelkie otrzymane w tym miesi\u0105cu \u0142aski.<\/strong><\/li>\n<li><strong>Zach\u0119camy do skorzystania z sakramentu pokuty przed Uroczysto\u015bci\u0105 Wszystkich \u015awi\u0119tych<\/strong> codziennie w czasie ka\u017cdej Mszy \u015bw. a <strong>w pi\u0105tek dodatkowo wieczorem najpierw w czasie r\u00f3\u017ca\u0144ca dla dzieci a potem od godz. 17.30<\/strong>.<\/li>\n<li>W sobot\u0119 1 listopada <strong>Uroczysto\u015b\u0107 Wszystkich \u015awi\u0119tych<\/strong>. Msze \u015bw. przedpo\u0142udniem jak w\u00a0ka\u017cd\u0105 niedziel\u0119, za\u015b popo\u0142udniu <strong>Msza \u015bw. o godz. 14.00<\/strong> na cmentarzu a\u00a0po niej procesja i modlitwy za zmar\u0142ych. Zapraszamy wszystkich, do uczestnictwa we Mszy \u015bw. i\u00a0procesji. <strong>Msza \u015bw. o\u00a0godz. 14.00 na cmentarzu, <\/strong>w Uroczysto\u015b\u0107 Wszystkich \u015awi\u0119tych jak i w Dzie\u0144 Zaduszny<strong>,<\/strong> b\u0119dzie ofiarowana za wszystkich zmar\u0142ych parafian i\u00a0w zwi\u0105zku z tym w\u00a0Uroczysto\u015b\u0107 Wszystkich \u015awi\u0119tych i Dzie\u0144 Zaduszny <strong><u>nie b\u0119dzie Mszy \u015bw. o\u00a0godz. 16.00.<\/u><\/strong><\/li>\n<li>W sobot\u0119 wszystkich czcicieli Matki Bo\u017cej, zapraszamy na kolejne <strong>nabo\u017ce\u0144stwo I\u00a0soboty<\/strong>, <strong>wynagradzaj\u0105ce Niepokalanemu Sercu NMP<\/strong>, po\u0142\u0105czone z modlitw\u0105 r\u00f3\u017ca\u0144cow\u0105 o godz. 17.00.<\/li>\n<li><strong>Za zmar\u0142ych polecanych w wypominkach<\/strong> b\u0119dziemy modli\u0107 si\u0119, polecaj\u0105c ich mi\u0142osierdziu Bo\u017cemu przez ca\u0142y miesi\u0105c listopad odmawiaj\u0105c r\u00f3\u017caniec, <strong>codziennie o\u00a0godz. 17.30<\/strong>. W ich intencji b\u0119d\u0105 te\u017c odprawiane <strong>Msze \u015bw. w ka\u017cd\u0105 niedziel\u0119 listopada o\u00a0godz. 8.30<\/strong>. Kartki wypominkowe s\u0105 wy\u0142o\u017cone na o\u0142tarzach i mo\u017cna je po czytelnym wype\u0142nieniu sk\u0142ada\u0107 do wystawionej skrzynki.<\/li>\n<li><strong>W<\/strong> <strong>Uroczysto\u015b\u0107 Wszystkich \u015awi\u0119tych<\/strong> lub <strong>Dzie\u0144 Zaduszny<\/strong>, wierni mog\u0105 zyskiwa\u0107 <strong>odpust zupe\u0142ny<\/strong> za zmar\u0142ych. Warunkiem jest wyzbycie si\u0119 przywi\u0105zania do grzechu, nawet lekkiego, spowied\u017a, Komunia \u015bw., pobo\u017cne nawiedzenia ko\u015bcio\u0142a lub kaplicy i\u00a0odm\u00f3wienie tam modlitwy Ojcze nasz, Wierz\u0119 w\u00a0Boga i dowolnej modlitwy w intencjach Ojca \u015bw. Ponadto w listopadzie w ka\u017cdym dniu mo\u017cna zyskiwa\u0107 odpusty za dusze zmar\u0142ych, nawiedzaj\u0105c cmentarz i\u00a0odmawiaj\u0105c modlitwy za zmar\u0142ych. W\u00a0dniach od 1\u00a0do 8 listopada odpust jest zupe\u0142ny, w\u00a0pozosta\u0142e dni \u2013 cz\u0105stkowy.<\/li>\n<li>Uprzedzaj\u0105c informujemy, i\u017c<strong> Msza \u015bw. dla wd\u00f3w i wdowc\u00f3w za zmar\u0142ych wsp\u00f3\u0142ma\u0142\u017conk\u00f3w<\/strong>, b\u0119dzie odprawiona <strong>w<\/strong><strong>sobot\u0119 8 listopada o godz. 15.00 w kaplicy na cmentarzu<\/strong>. Przypomnimy o\u00a0tym jeszcze w najbli\u017csz\u0105 niedziel\u0119.<\/li>\n<li>Taca z przysz\u0142ej niedzieli b\u0119dzie przeznaczona na <strong>potrzeby Archidiecezji.<\/strong><\/li>\n<li><strong>W Siewcy<\/strong> przed po\u0142udniem do nabycia <strong>prasa, publikacje katolickie. S\u0105 ju\u017c Kalendarze Rolnik\u00f3w i Ewangelie na 2026 r. <\/strong><\/li>\n<li>Przypominamy, \u017ce dzi\u015b przy ko\u015bciele trwa <strong>kiermasz stroik\u00f3w na groby<\/strong> wykonanych przez uczestnik\u00f3w Warsztat\u00f3w Terapii Zaj\u0119ciowej przy naszym Caritas i<strong> zniczy<\/strong> prowadzony przez nasz\u0105 m\u0142odzie\u017c oazow\u0105 i harcerzy. Serdecznie polecamy.<\/li>\n<li>Burmistrz Le\u017cajska informuje, \u017ce od poniedzia\u0142ku, 27 pa\u017adziernika, rusza <strong>Le\u017cajski Bus<\/strong> \u2013 pilota\u017cowa, bezp\u0142atna komunikacja miejska, \u0142\u0105cz\u0105ca najwa\u017cniejsze punkty Le\u017cajska, m.in. rynek, szko\u0142y, szpital, cmentarz i instytucje publiczne. Szczeg\u00f3\u0142owe informacje i\u00a0rozk\u0142ad jazdy dost\u0119pne s\u0105 na przystankach, w najnowszym wydaniu Biuletynu Miejskiego, stronie internetowej Urz\u0119du Miejskiego oraz w mediach spo\u0142eczno\u015bciowych.<\/li>\n<\/ol>\n<p><strong><u>Intencje zbiorowe: <\/u><\/strong><\/p>\n<ul>\n<li>W intencji nowennowych pr\u00f3\u015bb i podzi\u0119kowa\u0144 do MB Pocieszenia \u2013 \u015broda, godz. 18.00.<\/li>\n<li>Za \u015bp. Mari\u0119 W\u0119grzy\u0144sk\u0105 \u2013 od s\u0105siad\u00f3w z ul. Nizinnej, Sikorskiego, 28 Maja i B\u0142onie \u2013 czwartek, godz. 6.30 i pi\u0105tek, godz. 18.00.<\/li>\n<li>Msze \u015bw. gregoria\u0144skie za \u015bp. W\u0142adys\u0142awa Kopciewicza, pocz\u0105tek \u2013 sobota, godz. 8.30. (poza parafi\u0105).<\/li>\n<li>Msze \u015bw. gregoria\u0144skie za \u015bp. Kazimier\u0119 Przesz\u0142o, pocz\u0105tek \u2013 sobota, godz. 9.30 w MK.<\/li>\n<li>Z R\u00f3\u017cy \u015bw. Barbary \u2013 sobota, godz. 8.30.<\/li>\n<li>Wynagradzaj\u0105ca Niepokalanemu Sercu NMP \u2013 intencja od Bractwa Szkaplerza \u015awi\u0119tego i\u00a0R\u00f3\u017c R\u00f3\u017ca\u0144cowych \u2013 sobota, godz. 18.00.<\/li>\n<li>Za zmar\u0142ych polecanych w wypominkach \u2013 niedziela, godz. 8.30.<\/li>\n<\/ul>\n<p>W ostatnim tygodniu odesz\u0142a od nas do wieczno\u015bci <strong>\u015bp. Joanna Snopek<\/strong> z ul. Podzwierzyniec \u2013 wieczny odpoczynek \u2026..<\/p>\n","protected":false},"excerpt":{"rendered":"<p>Bardzo serdecznie dzi\u0119kujemy za obecno\u015b\u0107 i skierowane do nas s\u0142owo, Siostrom S\u0142u\u017cebniczkom Starowiejskim a Siostrom z naszej wsp\u00f3lnoty za pe\u0142n\u0105 \u017cyczliwo\u015bci pos\u0142ug\u0119 i wsp\u00f3\u0142prac\u0119. Dzi\u0119kujemy tak\u017ce za wszystkie z\u0142o\u017cone dzi\u015b na tac\u0119 ofiary, kt\u00f3re zostan\u0105 przekazane Siostrom, na poczet rozpocz\u0119tych prac remontowych ich klasztoru. Dzi\u015b, nieco uprzedzaj\u0105c Uroczysto\u015b\u0107 Wszystkich \u015awi\u0119tych, wszystkich parafian i go\u015bci a\u00a0szczeg\u00f3lnie [&hellip;]<\/p>\n","protected":false},"author":4,"featured_media":0,"comment_status":"closed","ping_status":"open","sticky":false,"template":"","format":"standard","meta":[],"categories":[5],"tags":[],"_links":{"self":[{"href":"https:\/\/lezajsk.przemyska.pl\/index.php?rest_route=\/wp\/v2\/posts\/19293"}],"collection":[{"href":"https:\/\/lezajsk.przemyska.pl\/index.php?rest_route=\/wp\/v2\/posts"}],"about":[{"href":"https:\/\/lezajsk.przemyska.pl\/index.php?rest_route=\/wp\/v2\/types\/post"}],"author":[{"embeddable":true,"href":"https:\/\/lezajsk.przemyska.pl\/index.php?rest_route=\/wp\/v2\/users\/4"}],"replies":[{"embeddable":true,"href":"https:\/\/lezajsk.przemyska.pl\/index.php?rest_route=%2Fwp%2Fv2%2Fcomments&post=19293"}],"version-history":[{"count":2,"href":"https:\/\/lezajsk.przemyska.pl\/index.php?rest_route=\/wp\/v2\/posts\/19293\/revisions"}],"predecessor-version":[{"id":19295,"href":"https:\/\/lezajsk.przemyska.pl\/index.php?rest_route=\/wp\/v2\/posts\/19293\/revisions\/19295"}],"wp:attachment":[{"href":"https:\/\/lezajsk.przemyska.pl\/index.php?rest_route=%2Fwp%2Fv2%2Fmedia&parent=19293"}],"wp:term":[{"taxonomy":"category","embeddable":true,"href":"https:\/\/lezajsk.przemyska.pl\/index.php?rest_route=%2Fwp%2Fv2%2Fcategories&post=19293"},{"taxonomy":"post_tag","embeddable":true,"href":"https:\/\/lezajsk.przemyska.pl\/index.php?rest_route=%2Fwp%2Fv2%2Ftags&post=19293"}],"curies":[{"name":"wp","href":"https:\/\/api.w.org\/{rel}","templated":true}]}}