
{"id":19252,"date":"2025-10-11T22:48:55","date_gmt":"2025-10-11T20:48:55","guid":{"rendered":"https:\/\/lezajsk.przemyska.pl\/?p=19252"},"modified":"2025-10-11T22:48:55","modified_gmt":"2025-10-11T20:48:55","slug":"xxviii-niedziela-zwykla-12-10-2025-r","status":"publish","type":"post","link":"https:\/\/lezajsk.przemyska.pl\/?p=19252","title":{"rendered":"XXVIII Niedziela zwyk\u0142a &#8211; 12.10.2025 r."},"content":{"rendered":"<ol>\n<li>Dzi\u015b w ca\u0142ej Polsce \u015bwi\u0119tujemy kolejny <strong>Dzie\u0144 Papieski<\/strong>. Z tej okazji Oaza Dzieci Bo\u017cych przy pomocy rodzic\u00f3w i R\u00f3\u017c R\u00f3\u017ca\u0144cowych po ka\u017cdej Mszy \u015bw. rozprowadza <strong>\u201ekrem\u00f3wki papieskie\u201d<\/strong>. Uzyskany doch\u00f3d zasili ich fundusz rekolekcyjny a m\u0142odzie\u017c oazowa zbiera do puszek ofiary na rzecz Fundacji <strong>\u201eDzie\u0142o Nowego Tysi\u0105clecia\u201d.<\/strong><\/li>\n<li>Z okazji <strong>Dnia Papieskiego<\/strong> jak i rocznicy wyboru Ojca \u015awi\u0119tego, mo\u017cna dzi\u015b i w czwartek po Mszach \u015bw. uczci\u0107 <strong>relikwie \u015bw. Jana Paw\u0142a II<\/strong>.<\/li>\n<li>Jutro w poniedzia\u0142ek, wszystkich czcicieli Matki Bo\u017cej zapraszamy na ostatnie w tym roku\u00a0<strong>Nabo\u017ce\u0144stwo Fatimskie<\/strong> z procesj\u0105 r\u00f3\u017ca\u0144cow\u0105 o godz. 18.00.\u00a0W tym dniu wyj\u0105tkowo <strong>nie b\u0119dzie r\u00f3\u017ca\u0144ca o godz. 17.30<\/strong>. Serdecznie zapraszamy.<\/li>\n<li>Tak\u017ce w poniedzia\u0142ek, 13 pa\u017adziernika, po Mszy \u015bw. o godz. 18.00, <strong>spotkanie dla rodzic\u00f3w dzieci przygotowuj\u0105cych si\u0119 do I Komunii \u015awi\u0119tej<\/strong>. Spotkanie to odb\u0119dzie si\u0119 w ma\u0142ym ko\u015bciele. Szczeg\u00f3\u0142y na stronie parafii w zak\u0142adce \u201eI Komunia \u015awi\u0119ta\u201d.<\/li>\n<li>We wtorek <strong>nowenna do \u015bw. Antoniego<\/strong> i b\u0142ogos\u0142awie\u0144stwo dzieci. Pro\u015bby i\u00a0podzi\u0119kowania mo\u017cna sk\u0142ada\u0107 przy figurze \u015bwi\u0119tego.<\/li>\n<li>Z okazji <strong>Dnia Nauczyciela<\/strong>, w czwartek 16 pa\u017adziernika Msza \u015bw. dla nauczycieli, a po niej spotkanie formacyjne w formie adoracji w ko\u015bciele.\u00a0\u00a0Serdecznie zapraszamy.<\/li>\n<li>W czwartek 16 pa\u017adziernika przypada <strong>47 rocznica wyboru \u015bw. Jana Paw\u0142a II<\/strong> na Stolic\u0119 Piotrow\u0105. Tego dnia pami\u0119tajmy w modlitwie tak\u017ce o naszym <strong>Arcybiskupie Seniorze J\u00f3zefie Michaliku<\/strong> z racji rocznicy Jego \u015bwi\u0119ce\u0144 biskupich.<\/li>\n<li>W sobot\u0119 <strong>\u015bwi\u0119to \u015bw. \u0141ukasza Aposto\u0142a<\/strong>. B\u0119dziemy modli\u0107 si\u0119 w\u00a0intencji wszystkich pracownik\u00f3w s\u0142u\u017cby zdrowia a tak\u017ce naszego wikariusza <strong> \u0141ukasza Mendrali z\u00a0okazji jego imienin<\/strong>.<\/li>\n<li>Przypominamy o pielgrzymce sympatyk\u00f3w i cz\u0142onk\u00f3w <strong>Dzie\u0142a Pomocy Powo\u0142aniom im. b\u0142. ks. Jana Balickiego<\/strong><strong>\u00a0<\/strong>do Przemy\u015bla w sobot\u0119 18 pa\u017adziernika. Zapisy w zakrystii do \u015brody w\u0142\u0105cznie a wyjazd z parkingu przy ko\u015bciele w sobot\u0119 o godz. 8.00.<\/li>\n<li>Dzisiejsza taca mszalna jest przeznaczona na <strong>nowe okna i witra\u017ce do<\/strong><strong> naszej Fary.<\/strong> Taca z\u00a0przysz\u0142ej niedzieli, kt\u00f3ra b\u0119dzie <strong>niedziel\u0105 misyjn\u0105<\/strong>, b\u0119dzie przeznaczona na Za wszystkie z\u0142o\u017cone dzi\u015b ofiary serdecznie dzi\u0119kujemy.<\/li>\n<li><strong>W Siewcy<\/strong> do nabycia prasa i publikacje katolickie.<\/li>\n<\/ol>\n<p><strong><u>Intencje zbiorowe: <\/u><\/strong><\/p>\n<ul>\n<li>Z R\u00f3\u017cy b\u0142. Dzieci Fatimskich \u2013 poniedzia\u0142ek, godz. 18.00.<\/li>\n<li>W intencji wszystkich R\u00f3\u017c R\u00f3\u017ca\u0144cowych \u2013 poniedzia\u0142ek, godz. 18.00.<\/li>\n<li>Za dusze w czy\u015b\u0107cu cierpi\u0105ce \u2013 intencja od Apostolskiego Dzie\u0142a Pomocy Duszom Czy\u015b\u0107cowym \u2013 wtorek, godz. 7.00.<\/li>\n<li>Z R\u00f3\u017cy \u015bw. Urszuli Led\u00f3chowskiej \u2013 wtorek, godz. 18.00.<\/li>\n<li>Z intencji Stra\u017cy Honorowej NSPJ \u2013 wtorek, godz. 18.00.<\/li>\n<li>Za \u015bp. Ann\u0119 Piskor \u2013 intencja od s\u0105siad\u00f3w z bloku ul. Mickiewicza 57, kl. 2 \u2013 \u015broda, godz. 6.30.<\/li>\n<li>Z intencji Bractwa Szkaplerza \u015awi\u0119tego \u2013 \u015broda, godz. 18.00.<\/li>\n<li>W intencji nowennowych pr\u00f3\u015bb i podzi\u0119kowa\u0144 do MB Pocieszenia \u2013 \u015broda, godz. 18.00.<\/li>\n<li>Za \u015bp. Stanis\u0142awa Gi\u017c\u0119 \u2013 intencja od kole\u017canek z pracy \u017cony \u2013 czwartek, godz. 6.30.<\/li>\n<li>Z R\u00f3\u017cy \u015bw. Jana Paw\u0142a II \u2013 czwartek, godz. 7.00.<\/li>\n<li>Za \u015bp. Magdalen\u0119 So\u0142ek \u2013 intencja od pracownik\u00f3w SP nr 1 \u2013 sobota, godz. 6.30.<\/li>\n<li>Z R\u00f3\u017cy \u015bw. \u0141ukasza \u2013 sobota, godz. 18.00.<\/li>\n<li>W intencji naszego wikariusza ks. \u0141ukasza Mendrali \u2013 z okazji imienin, intencja od Stra\u017cy Honorowej NSPJ, sobota, godz. 18.00.<\/li>\n<\/ul>\n<p>W ostatnim tygodniu odszed\u0142 od nas do wieczno\u015bci <strong>\u015bp. Tadeusz Marcinowski<\/strong> z ul. 28 Maja \u2013 wieczny odpoczynek \u2026..<\/p>\n","protected":false},"excerpt":{"rendered":"<p>Dzi\u015b w ca\u0142ej Polsce \u015bwi\u0119tujemy kolejny Dzie\u0144 Papieski. Z tej okazji Oaza Dzieci Bo\u017cych przy pomocy rodzic\u00f3w i R\u00f3\u017c R\u00f3\u017ca\u0144cowych po ka\u017cdej Mszy \u015bw. rozprowadza \u201ekrem\u00f3wki papieskie\u201d. Uzyskany doch\u00f3d zasili ich fundusz rekolekcyjny a m\u0142odzie\u017c oazowa zbiera do puszek ofiary na rzecz Fundacji \u201eDzie\u0142o Nowego Tysi\u0105clecia\u201d. Z okazji Dnia Papieskiego jak i rocznicy wyboru Ojca [&hellip;]<\/p>\n","protected":false},"author":4,"featured_media":0,"comment_status":"closed","ping_status":"open","sticky":false,"template":"","format":"standard","meta":[],"categories":[5],"tags":[],"_links":{"self":[{"href":"https:\/\/lezajsk.przemyska.pl\/index.php?rest_route=\/wp\/v2\/posts\/19252"}],"collection":[{"href":"https:\/\/lezajsk.przemyska.pl\/index.php?rest_route=\/wp\/v2\/posts"}],"about":[{"href":"https:\/\/lezajsk.przemyska.pl\/index.php?rest_route=\/wp\/v2\/types\/post"}],"author":[{"embeddable":true,"href":"https:\/\/lezajsk.przemyska.pl\/index.php?rest_route=\/wp\/v2\/users\/4"}],"replies":[{"embeddable":true,"href":"https:\/\/lezajsk.przemyska.pl\/index.php?rest_route=%2Fwp%2Fv2%2Fcomments&post=19252"}],"version-history":[{"count":1,"href":"https:\/\/lezajsk.przemyska.pl\/index.php?rest_route=\/wp\/v2\/posts\/19252\/revisions"}],"predecessor-version":[{"id":19253,"href":"https:\/\/lezajsk.przemyska.pl\/index.php?rest_route=\/wp\/v2\/posts\/19252\/revisions\/19253"}],"wp:attachment":[{"href":"https:\/\/lezajsk.przemyska.pl\/index.php?rest_route=%2Fwp%2Fv2%2Fmedia&parent=19252"}],"wp:term":[{"taxonomy":"category","embeddable":true,"href":"https:\/\/lezajsk.przemyska.pl\/index.php?rest_route=%2Fwp%2Fv2%2Fcategories&post=19252"},{"taxonomy":"post_tag","embeddable":true,"href":"https:\/\/lezajsk.przemyska.pl\/index.php?rest_route=%2Fwp%2Fv2%2Ftags&post=19252"}],"curies":[{"name":"wp","href":"https:\/\/api.w.org\/{rel}","templated":true}]}}