
{"id":19227,"date":"2025-09-27T21:00:42","date_gmt":"2025-09-27T19:00:42","guid":{"rendered":"https:\/\/lezajsk.przemyska.pl\/?p=19227"},"modified":"2025-09-27T21:05:20","modified_gmt":"2025-09-27T19:05:20","slug":"xxvi-niedziela-zwykla-28-09-2025-r","status":"publish","type":"post","link":"https:\/\/lezajsk.przemyska.pl\/?p=19227","title":{"rendered":"XXVI Niedziela zwyk\u0142a &#8211; 28.09.2025 r."},"content":{"rendered":"<ol>\n<li>Dzi\u015b <strong>nabo\u017ce\u0144stwo eucharystyczne z koronk\u0105 do Bo\u017cego Mi\u0142osierdzia<\/strong> o godz. 17.30 a\u00a0po nim Msza \u015bw. Od \u015brody zapraszamy wszystkich do wsp\u00f3lnej modlitwy r\u00f3\u017ca\u0144cowej i\u00a0przypominamy, \u017ce w\u00a0naszym ko\u015bciele <strong>nabo\u017ce\u0144stwo r\u00f3\u017ca\u0144cowe odprawiamy codziennie o godz. 16.30 dla dzieci<\/strong> (w dniach nauki tj. od poniedzia\u0142ku do pi\u0105tku) i\u00a0<strong>30 dla wszystkich<\/strong>.<\/li>\n<li>Jutro <strong>\u015bwi\u0119to \u015awi\u0119tych Archanio\u0142\u00f3w Micha\u0142a, Gabriela i Rafa\u0142a<\/strong>.<\/li>\n<li>W \u015brod\u0119, <strong>spotkanie Akcji Katolickiej po Mszy \u015bw. wieczornej, <\/strong>na kt\u00f3re wszystkich cz\u0142onk\u00f3w serdecznie zapraszamy.<\/li>\n<li>W tam tygodniu przypada <strong>I czwartek, I pi\u0105tek miesi\u0105ca i I sobota miesi\u0105ca<\/strong>. Adoracja Naj\u015bwi\u0119tszego Sakramentu po Mszy \u015bw. zar\u00f3wno w czwartek ja i w pi\u0105tek do godz. 20.00 a spowied\u017a w\u00a0pi\u0105tek od godz. 16.30.<\/li>\n<li>W pi\u0105tek <strong>odwiedziny chorych w domach z Komuni\u0105 \u015bw<\/strong>. od godz. 9.00.<\/li>\n<li>W sobot\u0119 wszystkich czcicieli Matki Bo\u017cej, zapraszamy na kolejne <strong>nabo\u017ce\u0144stwo I\u00a0soboty<\/strong>, wynagradzaj\u0105ce Niepokalanemu Sercu NMP, po\u0142\u0105czone z modlitw\u0105 r\u00f3\u017ca\u0144cow\u0105 na godz. 17.00. <strong><u>Uwaga; nabo\u017ce\u0144stwo w sobot\u0119 o godz. 17.00 a nie 17.30<\/u><\/strong>. Tego te\u017c dnia po Mszy \u015bw. o godz. 18.00 odb\u0119dzie si\u0119 ostatni w tym roku <strong> \u201eM\u0119ski R\u00f3\u017caniec\u201d<\/strong>. Na to wyj\u0105tkowe nabo\u017ce\u0144stwo i wieczorn\u0105 procesj\u0119 r\u00f3\u017ca\u0144cow\u0105 ju\u017c dzi\u015b zapraszamy wszystkich m\u0119\u017cczyzn, niezale\u017cnie od wieku.<\/li>\n<li><strong>Wszystkich kandydat\u00f3w do bierzmowania i ich rodzic\u00f3w<\/strong>, prosimy o zapoznanie si\u0119 z\u00a0terminami spotka\u0144 i wymaganiami przed dopuszczeniem do sakramentu, kt\u00f3re s\u0105 zamieszczone na naszej stronie internetowej w zak\u0142adce \u201ebierzmowanie\u201d.<\/li>\n<li><strong>W Siewcy<\/strong> przed po\u0142udniem do nabycia prasa i publikacje katolickie. Za\u015b przed ko\u015bcio\u0142em z r\u0105k ministrant\u00f3w b\u0105d\u017a z o\u0142tarzy, mo\u017cna odebra\u0107 kolejny darmowy numer <strong>Dobrych Nowin<\/strong>. Serdecznie polecamy.<\/li>\n<\/ol>\n<p><strong><u>Intencje zbiorowe:<\/u><\/strong><\/p>\n<ul>\n<li>Za \u015bp. Jacka Czerwonk\u0119 \u2013 intencja od pracownik\u00f3w sklepu PSS Spo\u0142em SAM II \u2013 wtorek, godz. 6.30.<\/li>\n<li>Za \u015bp. Jana Koguc \u2013 intencja od dyrekcji, nauczycieli i pracownik\u00f3w ZSL w Le\u017cajsku \u2013 wtorek, godz. 18.00.<\/li>\n<li>Msze gregoria\u0144skie za \u015bp. Danut\u0119 Warenica, pocz\u0105tek &#8211; \u015broda, godz. 6.30.<\/li>\n<li>Msze gregoria\u0144skie za \u015bp. Ryszarda Sudo\u0142a, pocz\u0105tek &#8211; \u015broda, godz. 7.00, (poza parafi\u0105).<\/li>\n<li>Z intencji Bractwa Szkaplerza \u015awi\u0119tego \u2013 \u015broda, godz. 18.00.<\/li>\n<li>W intencji nowennowych pr\u00f3\u015bb i podzi\u0119kowa\u0144 do MB Pocieszenia \u2013 \u015broda godz. 18.00.<\/li>\n<li>Za kap\u0142an\u00f3w i o nowe powo\u0142ania kap\u0142a\u0144skie i zakonne \u2013 intencja od Stra\u017cy Honorowej NSPJ \u2013 czwartek, godz. 18.00.<\/li>\n<li>Za \u015bp. Stanis\u0142awa Gi\u017c\u0119 \u2013 intencja od pracownik\u00f3w Przedszkola Miejskiego \u201eBajka\u201d i \u017b\u0142obka Miejskiego w Le\u017cajsku \u2013 pi\u0105tek, godz. 7.00.<\/li>\n<li>Z intencji Stra\u017cy Honorowej NSPJ \u2013 pi\u0105tek, godz. 18.00.<\/li>\n<li>Wynagradzaj\u0105ca Niepokalanemu Sercu NMP \u2013 intencja od Bractwa Szkaplerza \u015awi\u0119tego i\u00a0R\u00f3\u017c R\u00f3\u017ca\u0144cowych \u2013 sobota, godz. 18.00.<\/li>\n<li>Z R\u00f3\u017cy \u015bw. Jadwigi \u2013 niedziela, godz. 8.30.<\/li>\n<li>Z R\u00f3\u017cy \u015bw. Teresy od Dzieci\u0105tka Jezus \u2013 niedziela, godz. 10.00.<\/li>\n<li>Z R\u00f3\u017cy \u015bw. s. Faustyny \u2013 niedziela, godz. 18.00.<\/li>\n<\/ul>\n<p>W ostatnim tygodniu odesz\u0142a od nas do wieczno\u015bci <strong>\u015bp.<\/strong> <strong>Maria Skarba<\/strong> z ul. Reymonta \u2013 wieczny odpoczynek \u2026<\/p>\n","protected":false},"excerpt":{"rendered":"<p>Dzi\u015b nabo\u017ce\u0144stwo eucharystyczne z koronk\u0105 do Bo\u017cego Mi\u0142osierdzia o godz. 17.30 a\u00a0po nim Msza \u015bw. Od \u015brody zapraszamy wszystkich do wsp\u00f3lnej modlitwy r\u00f3\u017ca\u0144cowej i\u00a0przypominamy, \u017ce w\u00a0naszym ko\u015bciele nabo\u017ce\u0144stwo r\u00f3\u017ca\u0144cowe odprawiamy codziennie o godz. 16.30 dla dzieci (w dniach nauki tj. od poniedzia\u0142ku do pi\u0105tku) i\u00a030 dla wszystkich. Jutro \u015bwi\u0119to \u015awi\u0119tych Archanio\u0142\u00f3w Micha\u0142a, Gabriela i Rafa\u0142a. [&hellip;]<\/p>\n","protected":false},"author":4,"featured_media":0,"comment_status":"closed","ping_status":"open","sticky":false,"template":"","format":"standard","meta":[],"categories":[5],"tags":[],"_links":{"self":[{"href":"https:\/\/lezajsk.przemyska.pl\/index.php?rest_route=\/wp\/v2\/posts\/19227"}],"collection":[{"href":"https:\/\/lezajsk.przemyska.pl\/index.php?rest_route=\/wp\/v2\/posts"}],"about":[{"href":"https:\/\/lezajsk.przemyska.pl\/index.php?rest_route=\/wp\/v2\/types\/post"}],"author":[{"embeddable":true,"href":"https:\/\/lezajsk.przemyska.pl\/index.php?rest_route=\/wp\/v2\/users\/4"}],"replies":[{"embeddable":true,"href":"https:\/\/lezajsk.przemyska.pl\/index.php?rest_route=%2Fwp%2Fv2%2Fcomments&post=19227"}],"version-history":[{"count":2,"href":"https:\/\/lezajsk.przemyska.pl\/index.php?rest_route=\/wp\/v2\/posts\/19227\/revisions"}],"predecessor-version":[{"id":19229,"href":"https:\/\/lezajsk.przemyska.pl\/index.php?rest_route=\/wp\/v2\/posts\/19227\/revisions\/19229"}],"wp:attachment":[{"href":"https:\/\/lezajsk.przemyska.pl\/index.php?rest_route=%2Fwp%2Fv2%2Fmedia&parent=19227"}],"wp:term":[{"taxonomy":"category","embeddable":true,"href":"https:\/\/lezajsk.przemyska.pl\/index.php?rest_route=%2Fwp%2Fv2%2Fcategories&post=19227"},{"taxonomy":"post_tag","embeddable":true,"href":"https:\/\/lezajsk.przemyska.pl\/index.php?rest_route=%2Fwp%2Fv2%2Ftags&post=19227"}],"curies":[{"name":"wp","href":"https:\/\/api.w.org\/{rel}","templated":true}]}}