
{"id":19102,"date":"2025-09-06T21:25:50","date_gmt":"2025-09-06T19:25:50","guid":{"rendered":"https:\/\/lezajsk.przemyska.pl\/?p=19102"},"modified":"2025-09-09T18:14:46","modified_gmt":"2025-09-09T16:14:46","slug":"xxiii-niedziela-zwykla-7-09-2025-r","status":"publish","type":"post","link":"https:\/\/lezajsk.przemyska.pl\/?p=19102","title":{"rendered":"XXIII Niedziela zwyk\u0142a &#8211; 7.09.2025 r."},"content":{"rendered":"<ol>\n<li>Dzi\u015b I niedziela miesi\u0105ca, <strong>zmiana tajemnic r\u00f3\u017ca\u0144cowych<\/strong> po Mszy \u015bw. o godz. 8.30 i\u00a010.00 a\u00a0podczas <strong>nabo\u017ce\u0144stwa r\u00f3\u017ca\u0144cowego, <\/strong>b\u0119dziemy dzi\u0119kowa\u0107 b\u0119dziemy Bogu za tegoroczne plony i\u00a0prosi\u0107 o Bo\u017ce b\u0142ogos\u0142awie\u0144stwo i potrzebne \u0142aski dla dzieci i\u00a0m\u0142odzie\u017cy w rozpoczynaj\u0105cym si\u0119 roku szkolnym.<\/li>\n<li>Jutro, 8 wrze\u015bnia, przypada <strong>\u015bwi\u0119to Narodzenia Matki Bo\u017cej, czyli MB Siewnej<\/strong>. Z\u00a0tej okazji, jak co roku Starostwo Powiatowe i OO. Bernardyni zapraszaj\u0105 na kolejn\u0105 <strong>XXVI Pielgrzymk\u0119 S\u0142u\u017cb Mundurowych Wojew\u00f3dztwa Podkarpackiego po\u0142\u0105czon\u0105 z\u00a0Do\u017cynkami Powiatowymi<\/strong> na godz. 11.00 na plac przed Bazylik\u0105.<\/li>\n<li>Tak\u017ce jutro po Mszy \u015bw. wieczornej spotkanie <strong>R\u00f3\u017c R\u00f3\u017ca\u0144cowych, Apostolskiego Dzie\u0142a Pomocy dla Czy\u015b\u0107ca oraz Dzie\u0142a Pomocy Powo\u0142aniom. <\/strong><\/li>\n<li>We wtorek spotkanie<strong> Stra\u017cy Honorowej NSPJ.<\/strong><\/li>\n<li>Tak\u017ce, we wtorek\u00a0<strong>nowenna do \u015bw. Antoniego\u00a0i b\u0142ogos\u0142awie\u0144stwo dzieci<\/strong>. Pro\u015bby i\u00a0podzi\u0119kowania mo\u017cna sk\u0142ada\u0107 przy figurze \u015bwi\u0119tego.<\/li>\n<li>W \u015brod\u0119 spotkanie <strong>Bractwa Szkaplerza \u015awi\u0119tego.<\/strong><\/li>\n<li>W sobot\u0119 13 dnia miesi\u0105ca, wszystkich czcicieli Matki Bo\u017cej zapraszamy na kolejne <strong>Nabo\u017ce\u0144stwo Fatimskie<\/strong> z procesj\u0105 r\u00f3\u017ca\u0144cow\u0105 na godz. 18.00.\u00a0Serdecznie zapraszamy.<\/li>\n<li>Za tydzie\u0144 w niedziel\u0119 14 wrze\u015bnia <strong>\u015bwi\u0119to Podwy\u017cszenia Krzy\u017ca \u015awi\u0119tego.<\/strong> Po Mszy \u015bw. o godz. 18.00, odprawimy <strong>nabo\u017ce\u0144stwo Drogi Krzy\u017cowej<\/strong> id\u0105c do krzy\u017ca przy placu targowym. B\u0119dziemy modli\u0107 si\u0119 w intencji naszej Ojczyzny. Na to nabo\u017ce\u0144stwo prosimy zabra\u0107 ze sob\u0105 \u015bwiece lub znicze. Tym samym nie b\u0119dzie w ko\u015bciele nabo\u017ce\u0144stwa o godz. 17.30.<\/li>\n<li>Dzieci i m\u0142odzie\u017c naszej parafii serdecznie zapraszamy na spotkania <strong>Ruchu \u015awiat\u0142o \u2013 \u017bycie<\/strong><strong> czyli Oazy<\/strong> do sali katechetycznej w\u00a0ka\u017cdy pi\u0105tek w dw\u00f3ch grupach. I\u00a0tak, dzieci ze Szk\u00f3\u0142 Podstawowych do klasy VI w\u0142\u0105cznie zapraszamy na godz. 17.00 za\u015b klasy VII i\u00a0VIII SP oraz m\u0142odzie\u017c licealn\u0105 i\u00a0starsz\u0105 na godz. 18.00. Na pierwsze spotkanie zapraszamy tak\u017ce rodzic\u00f3w celem om\u00f3wienia spraw organizacyjnych. Spotkania starszej grupy b\u0119dzie si\u0119 rozpoczyna\u0107 Msz\u0105 \u015bw. a\u00a0ko\u0144czy\u0107 ok. godz. 21.00.<\/li>\n<li>Zapraszamy wszystkich kandydat\u00f3w, ministrant\u00f3w i lektor\u00f3w na <strong>zbi\u00f3rki<\/strong> <strong>Liturgicznej S\u0142u\u017cby O\u0142tarza<\/strong>. Najbli\u017csza odb\u0119dzie si\u0119 w czwartek w salce katechetycznej przy Le\u017cajskiej Farze po Mszy \u015awi\u0119tej wieczornej. Zach\u0119camy uczni\u00f3w 3 klasy Szko\u0142y Podstawowej i starszych, kt\u00f3rzy chcieliby s\u0142u\u017cy\u0107 przy O\u0142tarzu Pa\u0144skim.<\/li>\n<li>Dzisiejsza taca mszalna jest przeznaczona na <strong>potrzeby Seminarium Duchownego w\u00a0Przemy\u015blu<\/strong>, za\u015b za tydzie\u0144, w\u00a0II niedziel\u0119 miesi\u0105ca, taca b\u0119dzie przeznaczona na nowe okna i witra\u017ce do naszej Fary. Wszystkim darczy\u0144com za ka\u017cd\u0105 przekazan\u0105 z\u0142ot\u00f3wk\u0119, za \u017cyczliwo\u015b\u0107 i\u00a0zrozumienie sk\u0142adamy serdeczne B\u00f3g zap\u0142a\u0107 a kolejni fundatorzy mile widziani.<\/li>\n<li><strong>W Siewcy<\/strong> przed po\u0142udniem do nabycia <strong>prasa i publikacje katolickie.<\/strong><\/li>\n<\/ol>\n<p><strong><u>Intencje zbiorowe:<\/u><\/strong><\/p>\n<ul>\n<li>Za \u015bp. Piotra Moskala \u2013 intencja od Zarz\u0105du i pracownik\u00f3w Sp\u00f3\u0142ki Stare Miasto Park \u2013 poniedzia\u0142ek, \u015broda i czwartek, godz. 6.30.<\/li>\n<li>Z intencji Bractwa Szkaplerza \u015awi\u0119tego \u2013 poniedzia\u0142ek, godz. 18.00.<\/li>\n<li>Z R\u00f3\u017cy b\u0142. Anieli Salawy \u2013 wtorek, godz. 18.00.<\/li>\n<li>Z R\u00f3\u017cy \u015aw. Kingi \u2013 wtorek, godz. 18.00.<\/li>\n<li>W intencji nowennowych pr\u00f3\u015bb i podzi\u0119kowa\u0144 do MB Pocieszenia \u2013 \u015broda, godz. 18.00.<\/li>\n<li>Za \u015bp. Tadeusza Dud\u0119 \u2013 intencja od Dzia\u0142u Administracyjno-Gospodarczego szpitala w Le\u017cajsku \u2013 czwartek, godz. 18.00.<\/li>\n<li>Z intencji Ko\u0142a Przyjaci\u00f3\u0142 Radia Maryja \u2013 pi\u0105tek, godz. 18.00.<\/li>\n<li>W intencji R\u00f3\u017c R\u00f3\u017ca\u0144cowych \u2013 sobota, godz. 18.00.<\/li>\n<li>Z intencji Stra\u017cy Honorowej NSPJ \u2013 wynagradzaj\u0105ca za grzechy i brak poszanowania dla krzy\u017ca \u015bwi\u0119tego \u2013 niedziela, godz. 16.00.<\/li>\n<\/ul>\n<p>W ostatnim tygodniu odeszli od nas do wieczno\u015bci <strong>\u015bp. Krzysztof Kuli\u0144ski <\/strong>z ul. M.C. Sk\u0142odowskiej i\u00a0<strong>Genowefa Wi\u015bniewska <\/strong>zam. ostatnio we Wroc\u0142awiu \u2013 wieczny odpoczynek. <strong>\u00a0<\/strong><\/p>\n","protected":false},"excerpt":{"rendered":"<p>Dzi\u015b I niedziela miesi\u0105ca, zmiana tajemnic r\u00f3\u017ca\u0144cowych po Mszy \u015bw. o godz. 8.30 i\u00a010.00 a\u00a0podczas nabo\u017ce\u0144stwa r\u00f3\u017ca\u0144cowego, b\u0119dziemy dzi\u0119kowa\u0107 b\u0119dziemy Bogu za tegoroczne plony i\u00a0prosi\u0107 o Bo\u017ce b\u0142ogos\u0142awie\u0144stwo i potrzebne \u0142aski dla dzieci i\u00a0m\u0142odzie\u017cy w rozpoczynaj\u0105cym si\u0119 roku szkolnym. Jutro, 8 wrze\u015bnia, przypada \u015bwi\u0119to Narodzenia Matki Bo\u017cej, czyli MB Siewnej. Z\u00a0tej okazji, jak co roku [&hellip;]<\/p>\n","protected":false},"author":4,"featured_media":0,"comment_status":"closed","ping_status":"open","sticky":false,"template":"","format":"standard","meta":[],"categories":[5],"tags":[],"_links":{"self":[{"href":"https:\/\/lezajsk.przemyska.pl\/index.php?rest_route=\/wp\/v2\/posts\/19102"}],"collection":[{"href":"https:\/\/lezajsk.przemyska.pl\/index.php?rest_route=\/wp\/v2\/posts"}],"about":[{"href":"https:\/\/lezajsk.przemyska.pl\/index.php?rest_route=\/wp\/v2\/types\/post"}],"author":[{"embeddable":true,"href":"https:\/\/lezajsk.przemyska.pl\/index.php?rest_route=\/wp\/v2\/users\/4"}],"replies":[{"embeddable":true,"href":"https:\/\/lezajsk.przemyska.pl\/index.php?rest_route=%2Fwp%2Fv2%2Fcomments&post=19102"}],"version-history":[{"count":2,"href":"https:\/\/lezajsk.przemyska.pl\/index.php?rest_route=\/wp\/v2\/posts\/19102\/revisions"}],"predecessor-version":[{"id":19104,"href":"https:\/\/lezajsk.przemyska.pl\/index.php?rest_route=\/wp\/v2\/posts\/19102\/revisions\/19104"}],"wp:attachment":[{"href":"https:\/\/lezajsk.przemyska.pl\/index.php?rest_route=%2Fwp%2Fv2%2Fmedia&parent=19102"}],"wp:term":[{"taxonomy":"category","embeddable":true,"href":"https:\/\/lezajsk.przemyska.pl\/index.php?rest_route=%2Fwp%2Fv2%2Fcategories&post=19102"},{"taxonomy":"post_tag","embeddable":true,"href":"https:\/\/lezajsk.przemyska.pl\/index.php?rest_route=%2Fwp%2Fv2%2Ftags&post=19102"}],"curies":[{"name":"wp","href":"https:\/\/api.w.org\/{rel}","templated":true}]}}