
{"id":19077,"date":"2025-08-23T21:13:36","date_gmt":"2025-08-23T19:13:36","guid":{"rendered":"https:\/\/lezajsk.przemyska.pl\/?p=19077"},"modified":"2025-08-23T21:13:36","modified_gmt":"2025-08-23T19:13:36","slug":"xxi-niedziela-zwykla-24-08-2025-r","status":"publish","type":"post","link":"https:\/\/lezajsk.przemyska.pl\/?p=19077","title":{"rendered":"XXI Niedziela zwyk\u0142a &#8211; 24.08.2025 r."},"content":{"rendered":"<ol>\n<li>Dzi\u015b zapraszamy jeszcze na <strong>nabo\u017ce\u0144stwo eucharystyczne z Koronk\u0105 do Bo\u017cego Mi\u0142osierdzia<\/strong> na godz. 17.30 a po nim Msza \u015bw. wieczorna.<\/li>\n<li>Jutro po Mszy \u015bw. wieczornej <strong>spotkanie Akcji Katolickiej<\/strong>. Serdecznie zapraszamy.<\/li>\n<li>We wtorek <strong>Uroczysto\u015b\u0107 Matki Bo\u017cej Cz\u0119stochowskiej<\/strong>, porz\u0105dek Mszy \u015bw. tak jak w\u00a0dni powszednie za\u015b wieczorem zapraszamy na uroczyst\u0105 Msz\u0119 \u015bw. na godz. 18.00.<\/li>\n<li><strong>W sobot\u0119 6 wrze\u015bnia<\/strong> wybieramy si\u0119 na dzi\u0119kczynn\u0105 autokarow\u0105 <strong>pielgrzymk\u0119 do relikwii b\u0142. Rodziny Ulm\u00f3w w Markowej<\/strong>. Jest to r\u00f3wnocze\u015bnie ko\u015bci\u00f3\u0142 Jubileuszowy a\u00a0wi\u0119c b\u0119dziemy te\u017c pielgrzymowa\u0107 z intencj\u0105 zyskania odpustu. Serdecznie zapraszamy a\u00a0zapisy w zakrystii.<\/li>\n<li>W dalszym ci\u0105gu <strong>zapraszamy na pielgrzymk\u0119 <\/strong>dniach <strong>26-28 wrze\u015bnia, do Gidli, Cz\u0119stochowy i\u00a0Lichenia<\/strong>. Szczeg\u00f3\u0142y w gablocie, a zapisy u ks. Piotra lub w zakrystii.<\/li>\n<li><strong>W Siewcy<\/strong> przed po\u0142udniem do nabycia prasa i publikacje katolickie.<\/li>\n<\/ol>\n<p><strong><u>Intencje zbiorowe<\/u><\/strong><strong>:<\/strong><\/p>\n<ul>\n<li>Z intencji Bractwa Szkaplerza \u015awi\u0119tego \u2013 wtorek, godz. 18.00.<\/li>\n<li>W intencji nowennowych pr\u00f3\u015bb i podzi\u0119kowa\u0144 do MB Pocieszenia \u2013 \u015broda, godz. 18.00.<\/li>\n<li>Za \u015bp. Tadeusza Dud\u0119 \u2013 intencja od w\u00f3jta i pracownik\u00f3w Gminy Le\u017cajsk \u2013 niedziela, godz. 16.00.<\/li>\n<\/ul>\n<p>W ostatnim tygodniu odszed\u0142 od nas do wieczno\u015bci <strong>\u015bp. Stanis\u0142aw Kenig <\/strong>z ul. Braci \u015aniadeckich \u2013 wieczny odpoczynek,,, <strong>\u00a0<\/strong><\/p>\n","protected":false},"excerpt":{"rendered":"<p>Dzi\u015b zapraszamy jeszcze na nabo\u017ce\u0144stwo eucharystyczne z Koronk\u0105 do Bo\u017cego Mi\u0142osierdzia na godz. 17.30 a po nim Msza \u015bw. wieczorna. Jutro po Mszy \u015bw. wieczornej spotkanie Akcji Katolickiej. Serdecznie zapraszamy. We wtorek Uroczysto\u015b\u0107 Matki Bo\u017cej Cz\u0119stochowskiej, porz\u0105dek Mszy \u015bw. tak jak w\u00a0dni powszednie za\u015b wieczorem zapraszamy na uroczyst\u0105 Msz\u0119 \u015bw. na godz. 18.00. W sobot\u0119 [&hellip;]<\/p>\n","protected":false},"author":4,"featured_media":0,"comment_status":"closed","ping_status":"open","sticky":false,"template":"","format":"standard","meta":[],"categories":[5],"tags":[],"_links":{"self":[{"href":"https:\/\/lezajsk.przemyska.pl\/index.php?rest_route=\/wp\/v2\/posts\/19077"}],"collection":[{"href":"https:\/\/lezajsk.przemyska.pl\/index.php?rest_route=\/wp\/v2\/posts"}],"about":[{"href":"https:\/\/lezajsk.przemyska.pl\/index.php?rest_route=\/wp\/v2\/types\/post"}],"author":[{"embeddable":true,"href":"https:\/\/lezajsk.przemyska.pl\/index.php?rest_route=\/wp\/v2\/users\/4"}],"replies":[{"embeddable":true,"href":"https:\/\/lezajsk.przemyska.pl\/index.php?rest_route=%2Fwp%2Fv2%2Fcomments&post=19077"}],"version-history":[{"count":1,"href":"https:\/\/lezajsk.przemyska.pl\/index.php?rest_route=\/wp\/v2\/posts\/19077\/revisions"}],"predecessor-version":[{"id":19078,"href":"https:\/\/lezajsk.przemyska.pl\/index.php?rest_route=\/wp\/v2\/posts\/19077\/revisions\/19078"}],"wp:attachment":[{"href":"https:\/\/lezajsk.przemyska.pl\/index.php?rest_route=%2Fwp%2Fv2%2Fmedia&parent=19077"}],"wp:term":[{"taxonomy":"category","embeddable":true,"href":"https:\/\/lezajsk.przemyska.pl\/index.php?rest_route=%2Fwp%2Fv2%2Fcategories&post=19077"},{"taxonomy":"post_tag","embeddable":true,"href":"https:\/\/lezajsk.przemyska.pl\/index.php?rest_route=%2Fwp%2Fv2%2Ftags&post=19077"}],"curies":[{"name":"wp","href":"https:\/\/api.w.org\/{rel}","templated":true}]}}