
{"id":19075,"date":"2025-08-16T22:10:40","date_gmt":"2025-08-16T20:10:40","guid":{"rendered":"https:\/\/lezajsk.przemyska.pl\/?p=19075"},"modified":"2025-08-16T22:10:40","modified_gmt":"2025-08-16T20:10:40","slug":"xx-niedziela-zwykla-17-08-2025-r","status":"publish","type":"post","link":"https:\/\/lezajsk.przemyska.pl\/?p=19075","title":{"rendered":"XX Niedziela zwyk\u0142a &#8211; 17.08.2025 r."},"content":{"rendered":"<ol>\n<li>Dzi\u015b zapraszamy jeszcze na <strong>nieszpory niedzielne o godz. 17.30. <\/strong>Po nabo\u017ce\u0144stwie Msza \u015bw. wieczorna.<\/li>\n<li>We wtorek <strong>nowenna do \u015aw. J\u00f3zefa \u2013 Oblubie\u0144ca NMP<\/strong>. Podzi\u0119kowania i\u00a0pro\u015bby mo\u017cna sk\u0142ada\u0107 bezpo\u015brednio przed nabo\u017ce\u0144stwem na o\u0142tarzu Matki Bo\u017cej.<\/li>\n<li>Dzisiejsza niedziela jest ostatni\u0105 jak\u0105 sp\u0119dza z nami <strong>ks. Pawe\u0142 Kozio\u0142<\/strong>. Dzi\u0119kujemy za dwa lata Jego gorliwej pos\u0142ugi, najpierw jako diakona a dzi\u015b kap\u0142an, za wszelkie dobro, kt\u00f3re otrzymali\u015bmy przez Jego pos\u0142ug\u0119 i\u00a0\u017cyczymy Bo\u017cego b\u0142ogos\u0142awie\u0144stwa na nowej plac\u00f3wce duszpasterskiej. Ks. Paw\u0142a oficjalnie po\u017cegnamy w \u015brod\u0119 w czasie Mszy \u015bw. o\u00a0godz. 18.00.<\/li>\n<li>W naszej parafialnej wsp\u00f3lnocie witamy now\u0105 siostr\u0119; <strong>s. Ann\u0119 Szczepek<\/strong>, kt\u00f3ra b\u0119dzie katechetk\u0105 w Szkole Podstawowej nr 1 i 2. Siostr\u0119 Ann\u0119 serdecznie witamy i\u00a0\u017cyczymy obfito\u015bci Bo\u017cych dar\u00f3w a szczeg\u00f3lna opieka naszej Pani Le\u017cajskiej niechaj Jej zawsze towarzyszy.<\/li>\n<li>W dniach <strong>26-28 wrze\u015bnia, zapraszamy na pielgrzymk\u0119 do Gidli, Cz\u0119stochowy i\u00a0Lichenia<\/strong>. Szczeg\u00f3\u0142y w gablocie, a zapisy u ks. Piotra lub w zakrystii.<\/li>\n<li>W Siewcy przed po\u0142udniem do nabycia prasa katolicka i wiele innych publikacji. Serdecznie polecamy.<\/li>\n<\/ol>\n<p><strong><u>Intencje zbiorowe<\/u><\/strong><strong>:<\/strong><\/p>\n<ul>\n<li>Z R\u00f3\u017cy \u015bw. Heleny \u2013 poniedzia\u0142ek, godz. 18.00.<\/li>\n<li>W intencji nowennowych pr\u00f3\u015bb i podzi\u0119kowa\u0144 do MB Pocieszenia \u2013 \u015broda, godz. 18.00.<\/li>\n<li>Za \u015bp. W\u0142adys\u0142aw\u0119 Samojedny \u2013 intencja od kole\u017canek emerytek ze SP nr 2 w Le\u017cajsku \u2013 czwartek, godz. 6.30.<\/li>\n<li>Z R\u00f3\u017cy \u015bw. Urszuli Led\u00f3chowskiej \u2013 czwartek, godz. 18.00.<\/li>\n<li>Z intencji Bractwa Szkaplerza \u015awi\u0119tego \u2013 pi\u0105tek, godz. 18.00.<\/li>\n<li>Za \u015bp. W\u0142adys\u0142awa Bryniarskiego \u2013 intencja od Stowarzyszenia Emeryt\u00f3w i Rencist\u00f3w Policji w Le\u017cajsku \u2013 niedziela, godz. 10.00 (poza parafi\u0105).<\/li>\n<\/ul>\n","protected":false},"excerpt":{"rendered":"<p>Dzi\u015b zapraszamy jeszcze na nieszpory niedzielne o godz. 17.30. Po nabo\u017ce\u0144stwie Msza \u015bw. wieczorna. We wtorek nowenna do \u015aw. J\u00f3zefa \u2013 Oblubie\u0144ca NMP. Podzi\u0119kowania i\u00a0pro\u015bby mo\u017cna sk\u0142ada\u0107 bezpo\u015brednio przed nabo\u017ce\u0144stwem na o\u0142tarzu Matki Bo\u017cej. Dzisiejsza niedziela jest ostatni\u0105 jak\u0105 sp\u0119dza z nami ks. Pawe\u0142 Kozio\u0142. Dzi\u0119kujemy za dwa lata Jego gorliwej pos\u0142ugi, najpierw jako diakona [&hellip;]<\/p>\n","protected":false},"author":4,"featured_media":0,"comment_status":"closed","ping_status":"open","sticky":false,"template":"","format":"standard","meta":[],"categories":[5],"tags":[],"_links":{"self":[{"href":"https:\/\/lezajsk.przemyska.pl\/index.php?rest_route=\/wp\/v2\/posts\/19075"}],"collection":[{"href":"https:\/\/lezajsk.przemyska.pl\/index.php?rest_route=\/wp\/v2\/posts"}],"about":[{"href":"https:\/\/lezajsk.przemyska.pl\/index.php?rest_route=\/wp\/v2\/types\/post"}],"author":[{"embeddable":true,"href":"https:\/\/lezajsk.przemyska.pl\/index.php?rest_route=\/wp\/v2\/users\/4"}],"replies":[{"embeddable":true,"href":"https:\/\/lezajsk.przemyska.pl\/index.php?rest_route=%2Fwp%2Fv2%2Fcomments&post=19075"}],"version-history":[{"count":1,"href":"https:\/\/lezajsk.przemyska.pl\/index.php?rest_route=\/wp\/v2\/posts\/19075\/revisions"}],"predecessor-version":[{"id":19076,"href":"https:\/\/lezajsk.przemyska.pl\/index.php?rest_route=\/wp\/v2\/posts\/19075\/revisions\/19076"}],"wp:attachment":[{"href":"https:\/\/lezajsk.przemyska.pl\/index.php?rest_route=%2Fwp%2Fv2%2Fmedia&parent=19075"}],"wp:term":[{"taxonomy":"category","embeddable":true,"href":"https:\/\/lezajsk.przemyska.pl\/index.php?rest_route=%2Fwp%2Fv2%2Fcategories&post=19075"},{"taxonomy":"post_tag","embeddable":true,"href":"https:\/\/lezajsk.przemyska.pl\/index.php?rest_route=%2Fwp%2Fv2%2Ftags&post=19075"}],"curies":[{"name":"wp","href":"https:\/\/api.w.org\/{rel}","templated":true}]}}