
{"id":19061,"date":"2025-08-02T23:04:18","date_gmt":"2025-08-02T21:04:18","guid":{"rendered":"https:\/\/lezajsk.przemyska.pl\/?p=19061"},"modified":"2025-08-02T23:36:21","modified_gmt":"2025-08-02T21:36:21","slug":"xviii-niedziela-zwykla-03-08-2025-r","status":"publish","type":"post","link":"https:\/\/lezajsk.przemyska.pl\/?p=19061","title":{"rendered":"XVIII Niedziela zwyk\u0142a &#8211; 03.08.2025 r."},"content":{"rendered":"<ol>\n<li>Dzi\u015b z racji I niedzieli miesi\u0105ca, zapraszamy jeszcze na <strong>nabo\u017ce\u0144stwo eucharystyczne z\u00a0modlitw\u0105 r\u00f3\u017ca\u0144cow\u0105 o godz. 17.30<\/strong>. B\u0119dziemy modli\u0107 si\u0119 w\u00a0intencji trze\u017awo\u015bci w\u00a0naszej Ojczy\u017anie a po niej Msza \u015bw. wieczorna.<\/li>\n<li>Jutro <strong>wspomnienie \u015bw. Jana Marii Vianney\u2019a<\/strong>\u2013 patrona kap\u0142an\u00f3w.<\/li>\n<li>W \u015brod\u0119 <strong>\u015bwi\u0119to Przemienienia Pa\u0144skiego<\/strong>.<\/li>\n<li>W tym tygodniu przypada<strong> I czwartek miesi\u0105ca<\/strong>. Adoracja Naj\u015bwi\u0119tszego Sakramentu po Mszy \u015bw. w czwartek do godz. 20.00.<\/li>\n<li>W sobot\u0119<strong> \u015bwi\u0119to \u015bw. Teresy Benedykty od Krzy\u017ca (Edyty Stein)<\/strong>, dziewicy i\u00a0m\u0119czennicy, patronki Europy.<\/li>\n<li>Dzisiejsza taca mszalna jest przeznaczona na <strong>potrzeby Archidiecezji<\/strong>, za\u015b za tydzie\u0144, w II niedziel\u0119 miesi\u0105ca, taca b\u0119dzie przeznaczona na nowe okna i witra\u017ce do naszej Fary. Wszystkim darczy\u0144com za ka\u017cd\u0105 przekazan\u0105 z\u0142ot\u00f3wk\u0119, za \u017cyczliwo\u015b\u0107 i\u00a0zrozumienie sk\u0142adamy serdeczne B\u00f3g zap\u0142a\u0107.<\/li>\n<li><strong>W Siewcy<\/strong> przed po\u0142udniem do nabycia prasa katolicka i wiele innych ciekawych publikacji. Serdecznie polecamy.<\/li>\n<\/ol>\n<p><strong><u>Intencje zbiorowe: <\/u><\/strong><\/p>\n<ul>\n<li>Za dusze w czy\u015b\u0107cu cierpi\u0105ce \u2013 intencja od Apostolskiego Dzie\u0142a Pomocy Duszom Czy\u015b\u0107cowym \u2013 poniedzia\u0142ek, godz. 7.00.<\/li>\n<li>Za \u015bp. Mariusza Dro\u017cd\u017cala \u2013 intencja od koleg\u00f3w i kole\u017canek z piekarni w Kury\u0142\u00f3wce \u2013 \u015broda, godz. 6.30.<\/li>\n<li>W intencji nowennowych pr\u00f3\u015bb i podzi\u0119kowa\u0144 do MB Pocieszenia \u2013 \u015broda, godz. 18.00.<\/li>\n<li>Za \u015bp. Jana Koguc \u2013 intencja od s\u0105siad\u00f3w z klatki \u2013 czwartek, godz. 7.00.<\/li>\n<li>Za kap\u0142an\u00f3w i o nowe \u015bwi\u0119te powo\u0142ania kap\u0142a\u0144skie i zakonne \u2013 intencja od Stra\u017cy Honorowej NSPJ \u2013 czwartek, godz. 18.00.<\/li>\n<li>Z intencji Ko\u0142a Przyjaci\u00f3\u0142 Radia Maryja \u2013 pi\u0105tek, godz. 18.00.<\/li>\n<li>Za \u015bp. Zbigniewa Go\u017adziewskiego \u2013 intencja od mieszka\u0144c\u00f3w ul. \u015aw. Kr\u00f3lowej Jadwigi \u2013 sobota, godz. 6.30.<\/li>\n<li>Za \u015bp. Tadeusza Dud\u0119 \u2013 intencja od Diakoni Muzycznej \u2013 niedziela, godz. 16.00.<\/li>\n<\/ul>\n<p>W ostatnim tygodniu odesz\u0142a od nas do wieczno\u015bci <strong>\u015bp. Krystyna Fogiel <\/strong>z ul. Mickiewicza \u2013 wieczny odpoczynek\u2026<\/p>\n","protected":false},"excerpt":{"rendered":"<p>Dzi\u015b z racji I niedzieli miesi\u0105ca, zapraszamy jeszcze na nabo\u017ce\u0144stwo eucharystyczne z\u00a0modlitw\u0105 r\u00f3\u017ca\u0144cow\u0105 o godz. 17.30. B\u0119dziemy modli\u0107 si\u0119 w\u00a0intencji trze\u017awo\u015bci w\u00a0naszej Ojczy\u017anie a po niej Msza \u015bw. wieczorna. Jutro wspomnienie \u015bw. Jana Marii Vianney\u2019a\u2013 patrona kap\u0142an\u00f3w. W \u015brod\u0119 \u015bwi\u0119to Przemienienia Pa\u0144skiego. W tym tygodniu przypada I czwartek miesi\u0105ca. Adoracja Naj\u015bwi\u0119tszego Sakramentu po Mszy \u015bw. [&hellip;]<\/p>\n","protected":false},"author":4,"featured_media":0,"comment_status":"closed","ping_status":"open","sticky":false,"template":"","format":"standard","meta":[],"categories":[5],"tags":[],"_links":{"self":[{"href":"https:\/\/lezajsk.przemyska.pl\/index.php?rest_route=\/wp\/v2\/posts\/19061"}],"collection":[{"href":"https:\/\/lezajsk.przemyska.pl\/index.php?rest_route=\/wp\/v2\/posts"}],"about":[{"href":"https:\/\/lezajsk.przemyska.pl\/index.php?rest_route=\/wp\/v2\/types\/post"}],"author":[{"embeddable":true,"href":"https:\/\/lezajsk.przemyska.pl\/index.php?rest_route=\/wp\/v2\/users\/4"}],"replies":[{"embeddable":true,"href":"https:\/\/lezajsk.przemyska.pl\/index.php?rest_route=%2Fwp%2Fv2%2Fcomments&post=19061"}],"version-history":[{"count":2,"href":"https:\/\/lezajsk.przemyska.pl\/index.php?rest_route=\/wp\/v2\/posts\/19061\/revisions"}],"predecessor-version":[{"id":19063,"href":"https:\/\/lezajsk.przemyska.pl\/index.php?rest_route=\/wp\/v2\/posts\/19061\/revisions\/19063"}],"wp:attachment":[{"href":"https:\/\/lezajsk.przemyska.pl\/index.php?rest_route=%2Fwp%2Fv2%2Fmedia&parent=19061"}],"wp:term":[{"taxonomy":"category","embeddable":true,"href":"https:\/\/lezajsk.przemyska.pl\/index.php?rest_route=%2Fwp%2Fv2%2Fcategories&post=19061"},{"taxonomy":"post_tag","embeddable":true,"href":"https:\/\/lezajsk.przemyska.pl\/index.php?rest_route=%2Fwp%2Fv2%2Ftags&post=19061"}],"curies":[{"name":"wp","href":"https:\/\/api.w.org\/{rel}","templated":true}]}}