
{"id":19054,"date":"2025-07-26T21:33:02","date_gmt":"2025-07-26T19:33:02","guid":{"rendered":"https:\/\/lezajsk.przemyska.pl\/?p=19054"},"modified":"2025-07-27T08:22:54","modified_gmt":"2025-07-27T06:22:54","slug":"xvii-niedziela-zwykla-27-07-2025-r","status":"publish","type":"post","link":"https:\/\/lezajsk.przemyska.pl\/?p=19054","title":{"rendered":"XVII Niedziela zwyk\u0142a &#8211; 27.07.2025 r."},"content":{"rendered":"<ol>\n<li>Dzi\u015b zapraszamy jeszcze na <strong>nieszpory niedzielne o godz. 17.30<\/strong>. a po nich Msza \u015bw. wieczorna.<\/li>\n<li>W pi\u0105tek rozpoczynamy <strong>miesi\u0105c sierpie\u0144<\/strong>, dla wielu czas dobrowolnie podejmowanej abstynencji. Zach\u0119ceni s\u0142owami listu pasterskiego, jako chrze\u015bcijanie miejmy si\u0142\u0119 i\u00a0odwag\u0119 przeciwstawia\u0107 si\u0119 temu z\u0142u, jakie niesie w sobie plaga alkoholizmu. Miejmy te\u017c \u015bwiadomo\u015b\u0107, \u017ce wiele zale\u017cy od naszej osobistej postawy i\u00a0\u015bwiadectwa.<\/li>\n<li>W tym tygodniu przypada<strong> I pi\u0105tek i I sobota miesi\u0105ca<\/strong>. Adoracja Naj\u015bwi\u0119tszego Sakramentu po Mszy \u015bw. w pi\u0105tek do godz. 20.00. Spowied\u017a w\u00a0pi\u0105tek od godz. 17.00.<\/li>\n<li><strong>Odwiedziny chorych w domach <\/strong>w pi\u0105tek od godz. 9.00.<\/li>\n<li>W sobot\u0119 2 sierpnia, w ka\u017cdym ko\u015bciele parafialnym mo\u017cna zyska\u0107 <strong>odpust zupe\u0142ny tzw. \u201ePorcjunkuli\u201d,<\/strong> pod zwyk\u0142ymi warunkami.<\/li>\n<li>W sobot\u0119 wszystkich czcicieli Matki Bo\u017cej, zapraszamy na kolejne <strong>nabo\u017ce\u0144stwo I\u00a0soboty<\/strong>, wynagradzaj\u0105ce Niepokalanemu Sercu NMP, po\u0142\u0105czone z\u00a0modlitw\u0105 r\u00f3\u017ca\u0144cow\u0105 o godz. 17.00. Tego te\u017c dnia <strong>po Mszy \u015bw. o godz. 18.00<\/strong> odb\u0119dzie si\u0119 kolejny w naszej parafii <strong> \u201eM\u0119ski R\u00f3\u017caniec\u201d<\/strong>. Na to wyj\u0105tkowe nabo\u017ce\u0144stwo i\u00a0wieczorn\u0105 procesj\u0119 r\u00f3\u017ca\u0144cow\u0105 ju\u017c dzi\u015b zapraszamy wszystkich m\u0119\u017cczyzn, niezale\u017cnie od wieku.<\/li>\n<li>W imieniu\u00a0<strong>Zarz\u0105du MZKS Pogo\u0144 Le\u017cajsk, <\/strong>zapraszamy dzia\u0142aczy, trener\u00f3w, rodzic\u00f3w, zawodnik\u00f3w i wszystkich sympatyk\u00f3w klubu <strong>na\u00a0Msz\u0119 \u015awi\u0119t\u0105 <\/strong>inauguruj\u0105c\u0105 sezon pi\u0142karski, kt\u00f3ra zostanie odprawiona w naszej Farze, <strong>w niedziel\u0119 3 sierpnia o\u00a0godz. 10.00.<\/strong><\/li>\n<li>Spotkanie organizacyjne przed wyjazdem na <strong>Parafialn\u0105 Pielgrzymk\u0119 do Wilna i\u00a0okolic<\/strong> odb\u0119dzie si\u0119 <strong>w \u015brod\u0119 30 lipca<\/strong> po Mszy \u015awi\u0119tej wieczornej ok. godz. 18.45 w\u00a0domu katechetycznym. Wszystkich zapisanych prosimy o niezawodne przybycie. Przy okazji informujemy, \u017ce nie ma ju\u017c wolnych miejsc.<\/li>\n<li><strong>W Siewcy<\/strong> przed po\u0142udniem do nabycia prasa katolicka i wiele innych publikacji. Serdecznie polecamy.<\/li>\n<\/ol>\n<p><strong><u>Intencje zbiorowe: <\/u><\/strong><\/p>\n<ul>\n<li>W intencji nowennowych pr\u00f3\u015bb i podzi\u0119kowa\u0144 do MB Pocieszenia \u2013 \u015broda, godz. 18.00.<\/li>\n<li>Z intencji Stra\u017cy Honorowej NSPJ \u2013 pi\u0105tek, godz. 18.00.<\/li>\n<li>Msze \u015bw. gregoria\u0144skie za \u015bp. Zofi\u0119 Rogala, pocz\u0105tek \u2013 pi\u0105tek, godz. 6.30 (poza parafi\u0105).<\/li>\n<li>Msze \u015bw. gregoria\u0144skie za \u015bp. J\u00f3zefa Saneckiego, pocz\u0105tek \u2013 pi\u0105tek, godz. 7.00 (poza parafi\u0105).<\/li>\n<li>Msze \u015bw. gregoria\u0144skie za \u015bp. Ann\u0119 Cisek, pocz\u0105tek \u2013 pi\u0105tek, godz. 7.00 (poza parafi\u0105).<\/li>\n<li>Msze \u015bw. gregoria\u0144skie za \u015bp. Jana Wysowskiego, pocz\u0105tek \u2013 pi\u0105tek, godz. 7.00 (poza parafi\u0105).<\/li>\n<li>Za \u015bp. Zdzis\u0142awa Go\u017adziewskiego \u2013 intencja od mieszka\u0144c\u00f3w ul. \u015aw. Kr\u00f3lowej Jadwigi \u2013 sobota, godz. 7.00.<\/li>\n<li>Wynagradzaj\u0105ca Niepokalanemu Sercu NMP \u2013 intencja od R\u00f3\u017c R\u00f3\u017ca\u0144cowych i Bractwa Szkaplerza \u015awi\u0119tego \u2013 sobota, godz. 18.00.<\/li>\n<li>Z R\u00f3\u017cy Mi\u0142osierdzia Bo\u017cego \u2013 niedziela, godz. 8.30.<\/li>\n<li>Z R\u00f3\u017cy b\u0142. Kard. Stefana Wyszy\u0144skiego \u2013 niedziela, godz. 10.00.<\/li>\n<\/ul>\n<p>W ostatnim tygodniu odeszli od nas do wieczno\u015bci <strong>\u015bp. Roman Ra\u017anikiewicz<\/strong> z ul. \u015aw. Kr\u00f3lowej Jadwigi i <strong>Miros\u0142aw P\u0142atkowski<\/strong> z ul. Sanowej \u2013 wieczny odpoczynek\u2026<\/p>\n","protected":false},"excerpt":{"rendered":"<p>Dzi\u015b zapraszamy jeszcze na nieszpory niedzielne o godz. 17.30. a po nich Msza \u015bw. wieczorna. W pi\u0105tek rozpoczynamy miesi\u0105c sierpie\u0144, dla wielu czas dobrowolnie podejmowanej abstynencji. Zach\u0119ceni s\u0142owami listu pasterskiego, jako chrze\u015bcijanie miejmy si\u0142\u0119 i\u00a0odwag\u0119 przeciwstawia\u0107 si\u0119 temu z\u0142u, jakie niesie w sobie plaga alkoholizmu. Miejmy te\u017c \u015bwiadomo\u015b\u0107, \u017ce wiele zale\u017cy od naszej osobistej postawy [&hellip;]<\/p>\n","protected":false},"author":4,"featured_media":0,"comment_status":"closed","ping_status":"open","sticky":false,"template":"","format":"standard","meta":[],"categories":[5],"tags":[],"_links":{"self":[{"href":"https:\/\/lezajsk.przemyska.pl\/index.php?rest_route=\/wp\/v2\/posts\/19054"}],"collection":[{"href":"https:\/\/lezajsk.przemyska.pl\/index.php?rest_route=\/wp\/v2\/posts"}],"about":[{"href":"https:\/\/lezajsk.przemyska.pl\/index.php?rest_route=\/wp\/v2\/types\/post"}],"author":[{"embeddable":true,"href":"https:\/\/lezajsk.przemyska.pl\/index.php?rest_route=\/wp\/v2\/users\/4"}],"replies":[{"embeddable":true,"href":"https:\/\/lezajsk.przemyska.pl\/index.php?rest_route=%2Fwp%2Fv2%2Fcomments&post=19054"}],"version-history":[{"count":2,"href":"https:\/\/lezajsk.przemyska.pl\/index.php?rest_route=\/wp\/v2\/posts\/19054\/revisions"}],"predecessor-version":[{"id":19056,"href":"https:\/\/lezajsk.przemyska.pl\/index.php?rest_route=\/wp\/v2\/posts\/19054\/revisions\/19056"}],"wp:attachment":[{"href":"https:\/\/lezajsk.przemyska.pl\/index.php?rest_route=%2Fwp%2Fv2%2Fmedia&parent=19054"}],"wp:term":[{"taxonomy":"category","embeddable":true,"href":"https:\/\/lezajsk.przemyska.pl\/index.php?rest_route=%2Fwp%2Fv2%2Fcategories&post=19054"},{"taxonomy":"post_tag","embeddable":true,"href":"https:\/\/lezajsk.przemyska.pl\/index.php?rest_route=%2Fwp%2Fv2%2Ftags&post=19054"}],"curies":[{"name":"wp","href":"https:\/\/api.w.org\/{rel}","templated":true}]}}