
{"id":19051,"date":"2025-07-19T22:02:19","date_gmt":"2025-07-19T20:02:19","guid":{"rendered":"https:\/\/lezajsk.przemyska.pl\/?p=19051"},"modified":"2025-07-19T22:02:19","modified_gmt":"2025-07-19T20:02:19","slug":"xvi-niedziela-zwykla-20-07-2025-r","status":"publish","type":"post","link":"https:\/\/lezajsk.przemyska.pl\/?p=19051","title":{"rendered":"XVI Niedziela zwyk\u0142a &#8211; 20.07.2025 r."},"content":{"rendered":"<ol>\n<li>Dzi\u015b z racji zbli\u017caj\u0105cego si\u0119 wspomnienia <strong>\u015bw. Krzysztofa, patrona kierowc\u00f3w<\/strong>, po ka\u017cdej Mszy \u015bw. mamy mo\u017cliwo\u015b\u0107 <strong>po\u015bwi\u0119cenia pojazd\u00f3w mechanicznych.<\/strong> Zbierane przy tej okazji ofiary s\u0105 przeznaczone na specjalny fundusz <strong>MIVA Polska<\/strong>, kt\u00f3ry z\u00a0zebranych ofiar, funduje r\u00f3\u017cnego rodzaju \u015brodki transportu dla misjonarzy.<\/li>\n<li>Dzi\u015b tak\u017ce, zapraszamy jeszcze na<strong> nabo\u017ce\u0144stwo eucharystyczne z Koronk\u0105 do Bo\u017cego Mi\u0142osierdzia o godz. 17.30.<\/strong> Po nabo\u017ce\u0144stwie Msza \u015bw. wieczorna.<\/li>\n<li>We wtorek 22 lipca <strong>\u015bwi\u0119to \u015bw. Magdaleny.<\/strong><\/li>\n<li>W \u015brod\u0119 23 lipca<strong> \u015bwi\u0119to \u015bw. Brygidy Szwedzkiej \u2013 <\/strong>patronki Europy.<\/li>\n<li>W pi\u0105tek 25 lipca \u015bwi\u0119to<strong> \u015bw. Jakuba Aposto\u0142a<\/strong> a tak\u017ce <strong>wspomnienie \u015bw. Krzysztofa <\/strong>a\u00a0zatem i dzie\u0144 imienin naszego <strong>biskupa Krzysztofa Chudzio<\/strong>. Pami\u0119tajmy i o nim w\u00a0naszych modlitwach.<\/li>\n<li>W sobot\u0119<strong> 26 lipca \u2013 przypada wspomnienie \u015bw. Joachima i Anny<\/strong> \u2013 szczeg\u00f3lna okazja do wdzi\u0119czno\u015bci wobec naszych rodzic\u00f3w i dziadk\u00f3w.<\/li>\n<li>W dniach 14-18 sierpnia, zapraszamy na wyj\u0105tkow\u0105 <strong>pielgrzymk\u0119 do Wilna \u2013 miasta \u015bw. Faustyny, Bo\u017cego Mi\u0142osierdzia i Matki Bo\u017cej Ostrobramskiej<\/strong>. Odwiedzimy tak\u017ce: Sok\u00f3\u0142k\u0119, Troki, Szyd\u0142owo, Szawle, Kowno, Ryg\u0119, Wigry i August\u00f3w. To pi\u0119\u0107 dni duchowych prze\u017cy\u0107 w \u015bwi\u0119tych miejscach w\u015br\u00f3d malowniczych krajobraz\u00f3w. Szczeg\u00f3\u0142y na stronie parafii i w gablocie, a zapisy u ks. Witolda lub w zakrystii.<\/li>\n<li><strong>W Siewcy<\/strong> przed po\u0142udniem do nabycia prasa katolicka. Serdecznie polecamy.<\/li>\n<\/ol>\n<p><strong><u>Intencje zbiorowe: <\/u><\/strong><\/p>\n<ul>\n<li>Za \u015bp. Stanis\u0142awa Peryg\u0119 \u2013 intencja od s\u0105siad\u00f3w z dzia\u0142ki \u2013 wtorek, godz. 6.30.<\/li>\n<li>W intencji nowennowych pr\u00f3\u015bb i podzi\u0119kowa\u0144 do MB Pocieszenia \u2013 \u015broda, godz. 18.00.<\/li>\n<li>Z R\u00f3\u017cy \u015bw. Krzysztofa \u2013 niedziela, godz. 8.30.<\/li>\n<\/ul>\n<p>W ostatnim tygodniu odesz\u0142y od nas do wieczno\u015bci <strong>\u015bp. Anastazja Staro\u0144 <\/strong>z ul. Sandomierskiej zam. ostatnio w Rzeszowie i<strong> Stanis\u0142awa Franek <\/strong>z ul. Braci \u015aniadeckich zam. ostatnio w Krakowie \u2013 wieczny odpoczynek\u2026<\/p>\n","protected":false},"excerpt":{"rendered":"<p>Dzi\u015b z racji zbli\u017caj\u0105cego si\u0119 wspomnienia \u015bw. Krzysztofa, patrona kierowc\u00f3w, po ka\u017cdej Mszy \u015bw. mamy mo\u017cliwo\u015b\u0107 po\u015bwi\u0119cenia pojazd\u00f3w mechanicznych. Zbierane przy tej okazji ofiary s\u0105 przeznaczone na specjalny fundusz MIVA Polska, kt\u00f3ry z\u00a0zebranych ofiar, funduje r\u00f3\u017cnego rodzaju \u015brodki transportu dla misjonarzy. Dzi\u015b tak\u017ce, zapraszamy jeszcze na nabo\u017ce\u0144stwo eucharystyczne z Koronk\u0105 do Bo\u017cego Mi\u0142osierdzia o godz. [&hellip;]<\/p>\n","protected":false},"author":4,"featured_media":0,"comment_status":"closed","ping_status":"open","sticky":false,"template":"","format":"standard","meta":[],"categories":[5],"tags":[],"_links":{"self":[{"href":"https:\/\/lezajsk.przemyska.pl\/index.php?rest_route=\/wp\/v2\/posts\/19051"}],"collection":[{"href":"https:\/\/lezajsk.przemyska.pl\/index.php?rest_route=\/wp\/v2\/posts"}],"about":[{"href":"https:\/\/lezajsk.przemyska.pl\/index.php?rest_route=\/wp\/v2\/types\/post"}],"author":[{"embeddable":true,"href":"https:\/\/lezajsk.przemyska.pl\/index.php?rest_route=\/wp\/v2\/users\/4"}],"replies":[{"embeddable":true,"href":"https:\/\/lezajsk.przemyska.pl\/index.php?rest_route=%2Fwp%2Fv2%2Fcomments&post=19051"}],"version-history":[{"count":1,"href":"https:\/\/lezajsk.przemyska.pl\/index.php?rest_route=\/wp\/v2\/posts\/19051\/revisions"}],"predecessor-version":[{"id":19052,"href":"https:\/\/lezajsk.przemyska.pl\/index.php?rest_route=\/wp\/v2\/posts\/19051\/revisions\/19052"}],"wp:attachment":[{"href":"https:\/\/lezajsk.przemyska.pl\/index.php?rest_route=%2Fwp%2Fv2%2Fmedia&parent=19051"}],"wp:term":[{"taxonomy":"category","embeddable":true,"href":"https:\/\/lezajsk.przemyska.pl\/index.php?rest_route=%2Fwp%2Fv2%2Fcategories&post=19051"},{"taxonomy":"post_tag","embeddable":true,"href":"https:\/\/lezajsk.przemyska.pl\/index.php?rest_route=%2Fwp%2Fv2%2Ftags&post=19051"}],"curies":[{"name":"wp","href":"https:\/\/api.w.org\/{rel}","templated":true}]}}