
{"id":19038,"date":"2025-07-12T23:49:07","date_gmt":"2025-07-12T21:49:07","guid":{"rendered":"https:\/\/lezajsk.przemyska.pl\/?p=19038"},"modified":"2025-07-12T23:49:07","modified_gmt":"2025-07-12T21:49:07","slug":"xv-niedziela-zwykla-13-07-2025-r","status":"publish","type":"post","link":"https:\/\/lezajsk.przemyska.pl\/?p=19038","title":{"rendered":"XV Niedziela zwyk\u0142a &#8211; 13.07.2025 r."},"content":{"rendered":"<ol>\n<li>Dzi\u015b i do wtorku w\u0142\u0105cznie zapraszamy jeszcze na <strong>nowenn\u0119 przed \u015bwi\u0119tem MB Szkaplerznej<\/strong>. Dzi\u015b b\u0119dzie ona po\u0142\u0105czona z Nabo\u017ce\u0144stwem Fatimskim i rozpocznie si\u0119 o\u00a0godz. 17.00.<\/li>\n<li>We wtorek <strong>nowenna do \u015aw. J\u00f3zefa \u2013 Oblubie\u0144ca NMP<\/strong>. Podzi\u0119kowania i\u00a0pro\u015bby mo\u017cna sk\u0142ada\u0107 bezpo\u015brednio przed nabo\u017ce\u0144stwem na o\u0142tarzu Matki Bo\u017cej.<\/li>\n<li><strong>W \u015brod\u0119 16 lipca<\/strong> przypada <strong>wspomnienie NMP z G\u00f3ry Karmel<\/strong>, <strong>czyli MB Szkaplerznej<\/strong>. Jest to \u015bwi\u0119to patronalne naszego Bractwa Szkaplerza \u015awi\u0119tego i z tej okazji w czasie Mszy \u015bw. o\u00a0godz. 18.00, b\u0119dzie mo\u017cliwo\u015b\u0107 na\u0142o\u017cenia\u00a0 szkaplerza nowym czcicielom Matki Bo\u017cej Szkaplerznej. Zainteresowani zg\u0142aszaj\u0105 si\u0119 wcze\u015bniej do zakrystii lub zelatora.<\/li>\n<li>Wyjazd autokaru na <strong>powitanie naszych pielgrzym\u00f3w na Jasn\u0105 G\u00f3r\u0119, <\/strong>jutro<strong> o godz. 19.00<\/strong> z Le\u017cajska z placu targowego przy ul. Sikorskiego. Autokary dojad\u0105 na miejsce z\u00a0kt\u00f3rego pielgrzymi b\u0119d\u0105 wychodzi\u0107 na ostatni dzie\u0144 pielgrzymowania. Og\u0142oszenie to, dotyczy tylko tych, kt\u00f3rzy wcze\u015bniej zarezerwowali sobie miejsce w autokarze. Ch\u0119tni do\u0142\u0105cz\u0105 do pielgrzym\u00f3w i pieszo przejd\u0105 ostatni odcinek, pozostali udadz\u0105 si\u0119 na Jasn\u0105 G\u00f3r\u0119 autokarem.<\/li>\n<li>Bractwo Szkaplerza \u015awi\u0119tego zaprasza na <strong>pielgrzymk\u0119 do Czernej w dniu<\/strong> 19 lipca br. Zapisy w zakrystii do \u015brody w\u0142\u0105cznie.<\/li>\n<li><strong>Dzisiejsza taca mszalna<\/strong> jest przeznaczona na trwaj\u0105ce prace remontowe przy naszej Farze. Wszystkim darczy\u0144com, cz\u0119sto anonimowym, za systematycznie sk\u0142adane ofiary, \u017cyczliwo\u015b\u0107 i\u00a0zrozumienie sk\u0142adamy serdeczne B\u00f3g zap\u0142a\u0107. Pragniemy te\u017c podzi\u0119kowa\u0107 <strong>Braciom Kwieci\u0144skim, p. Eugeniuszowi i Stanis\u0142awowi<\/strong> za rzetelne i fachowe odkurzenie o\u0142tarzy i stalli, kt\u00f3re uleg\u0142y zanieczyszczeniu przy wymianie okien.<\/li>\n<li>Rozpoczynaj\u0105cy si\u0119 tydzie\u0144 to ostatnia okazja aby jaka\u015b <strong>zamo\u017cna Rodzina b\u0105d\u017a Firma<\/strong> zdecydowa\u0142a si\u0119 na fundacj\u0119 konkretnego witra\u017cu a tym samym wkomponowania w\u00a0witra\u017c danych fundatora. Projekty i ceny poszczeg\u00f3lnych witra\u017cy s\u0105 wywieszone w\u00a0gablocie.<\/li>\n<li>W zwi\u0105zku ze zbli\u017caj\u0105cym si\u0119 wspomnieniem <strong>\u015bw. Krzysztofa, patrona kierowc\u00f3w<\/strong>, w\u00a0najbli\u017csz\u0105 <strong>niedziel\u0119 20 lipca<\/strong> b\u0119dzie mo\u017cliwo\u015b\u0107 <strong>po\u015bwi\u0119cenia pojazd\u00f3w mechanicznych po ka\u017cdej Mszy \u015bw.<\/strong> Tradycyjnie tego dnia b\u0119d\u0105 te\u017c przed ko\u015bcio\u0142em i\u00a0na parkingach zbierane ofiary na specjalny fundusz <strong>MIVA Polska<\/strong>, kt\u00f3ry z\u00a0zebranych ofiar kupuje r\u00f3\u017cnego rodzaju \u015brodki transportu dla misjonarzy. O\u00a0przeprowadzenie tej\u017ce zbi\u00f3rki prosimy Stra\u017c Honorow\u0105 NSPJ.<\/li>\n<li><strong>W Siewcy<\/strong> przed po\u0142udniem do nabycia prasa katolicka i wiele innych publikacji. Serdecznie polecamy.<\/li>\n<\/ol>\n<p><strong><u>Intencje zbiorowe: <\/u><\/strong><\/p>\n<ul>\n<li>Z intencji Ko\u0142a Przyjaci\u00f3\u0142 Radia Maryja \u2013 wtorek, godz. 18.00.<\/li>\n<li>W intencji nowennowych pr\u00f3\u015bb i podzi\u0119kowa\u0144 do MB Pocieszenia \u2013 \u015broda, godz. 18.00.<\/li>\n<li>Z intencji Bractwa Szkaplerza \u015awi\u0119tego \u2013 \u015broda i niedziela, godz. 18.00.<\/li>\n<li>Za \u015bp. Zdzis\u0142awa Go\u017adziewskiego \u2013 intencja od pracownik\u00f3w Urz\u0119du Miasta i Gminy Nowa Sarzyna \u2013 pi\u0105tek, godz. 7.00.<\/li>\n<li>Z R\u00f3\u017cy \u015bw. Bernadety \u2013 niedziela, 10.00.<\/li>\n<\/ul>\n","protected":false},"excerpt":{"rendered":"<p>Dzi\u015b i do wtorku w\u0142\u0105cznie zapraszamy jeszcze na nowenn\u0119 przed \u015bwi\u0119tem MB Szkaplerznej. Dzi\u015b b\u0119dzie ona po\u0142\u0105czona z Nabo\u017ce\u0144stwem Fatimskim i rozpocznie si\u0119 o\u00a0godz. 17.00. We wtorek nowenna do \u015aw. J\u00f3zefa \u2013 Oblubie\u0144ca NMP. Podzi\u0119kowania i\u00a0pro\u015bby mo\u017cna sk\u0142ada\u0107 bezpo\u015brednio przed nabo\u017ce\u0144stwem na o\u0142tarzu Matki Bo\u017cej. W \u015brod\u0119 16 lipca przypada wspomnienie NMP z G\u00f3ry Karmel, [&hellip;]<\/p>\n","protected":false},"author":4,"featured_media":0,"comment_status":"closed","ping_status":"open","sticky":false,"template":"","format":"standard","meta":[],"categories":[5],"tags":[],"_links":{"self":[{"href":"https:\/\/lezajsk.przemyska.pl\/index.php?rest_route=\/wp\/v2\/posts\/19038"}],"collection":[{"href":"https:\/\/lezajsk.przemyska.pl\/index.php?rest_route=\/wp\/v2\/posts"}],"about":[{"href":"https:\/\/lezajsk.przemyska.pl\/index.php?rest_route=\/wp\/v2\/types\/post"}],"author":[{"embeddable":true,"href":"https:\/\/lezajsk.przemyska.pl\/index.php?rest_route=\/wp\/v2\/users\/4"}],"replies":[{"embeddable":true,"href":"https:\/\/lezajsk.przemyska.pl\/index.php?rest_route=%2Fwp%2Fv2%2Fcomments&post=19038"}],"version-history":[{"count":1,"href":"https:\/\/lezajsk.przemyska.pl\/index.php?rest_route=\/wp\/v2\/posts\/19038\/revisions"}],"predecessor-version":[{"id":19039,"href":"https:\/\/lezajsk.przemyska.pl\/index.php?rest_route=\/wp\/v2\/posts\/19038\/revisions\/19039"}],"wp:attachment":[{"href":"https:\/\/lezajsk.przemyska.pl\/index.php?rest_route=%2Fwp%2Fv2%2Fmedia&parent=19038"}],"wp:term":[{"taxonomy":"category","embeddable":true,"href":"https:\/\/lezajsk.przemyska.pl\/index.php?rest_route=%2Fwp%2Fv2%2Fcategories&post=19038"},{"taxonomy":"post_tag","embeddable":true,"href":"https:\/\/lezajsk.przemyska.pl\/index.php?rest_route=%2Fwp%2Fv2%2Ftags&post=19038"}],"curies":[{"name":"wp","href":"https:\/\/api.w.org\/{rel}","templated":true}]}}