
{"id":19034,"date":"2025-07-05T23:04:54","date_gmt":"2025-07-05T21:04:54","guid":{"rendered":"https:\/\/lezajsk.przemyska.pl\/?p=19034"},"modified":"2025-07-05T23:49:45","modified_gmt":"2025-07-05T21:49:45","slug":"xiv-niedziela-zwykla-06-07-2025-r","status":"publish","type":"post","link":"https:\/\/lezajsk.przemyska.pl\/?p=19034","title":{"rendered":"XIV Niedziela zwyk\u0142a &#8211; 06.07.2025 r."},"content":{"rendered":"<ol>\n<li>Dzi\u015b zapraszamy jeszcze na <strong>nabo\u017ce\u0144stwo eucharystyczne z modlitw\u0105 r\u00f3\u017ca\u0144cow\u0105<\/strong> <strong>na godz. 17.30<\/strong> a po nim Msza \u015bw. wieczorna.<\/li>\n<li>Od jutra zapraszamy na <strong>nowenn\u0119 przed \u015bwi\u0119tem MB Szkaplerznej<\/strong>. Rozpoczyna si\u0119 ona o godz. 17.00 \u015bpiewem Godzinek do MB Szkaplerznej, o godz. 17.30 wystawienie Naj\u015bwi\u0119tszego Sakramentu i nowenna a po niej Msza \u015bw. wieczorna.<\/li>\n<li>Jutro przypada <strong>\u015bwi\u0119to b\u0142. Rodziny Ulm\u00f3w \u2013 <\/strong>Patron\u00f3w Wojew\u00f3dztwa Podkarpackiego. Z tej okazji na o\u0142tarzu s\u0105 wystawione ich relikwie.<\/li>\n<li>We wtorek <strong>wspomnienie \u015bw. Jana z Dukli<\/strong> \u2013 patrona naszej Archidiecezji.<\/li>\n<li>Tak\u017ce we wtorek <strong>nowenna do \u015bw. Antoniego<\/strong> i b\u0142ogos\u0142awie\u0144stwo dzieci. Pro\u015bby i\u00a0podzi\u0119kowania mo\u017cna sk\u0142ada\u0107 przy figurze \u015bwi\u0119tego.<\/li>\n<li>W pi\u0105tek <strong>\u015bwi\u0119to \u015bw. Benedykta <\/strong>\u2013 patrona Europy.<\/li>\n<li>Za tydzie\u0144 w <strong>niedziel\u0119 13 lipca<\/strong>, wszystkich czcicieli Matki Bo\u017cej zapraszamy na kolejne <strong>Nabo\u017ce\u0144stwo Fatimskie z procesj\u0105 r\u00f3\u017ca\u0144cow\u0105<\/strong>, kt\u00f3re rozpocznie si\u0119 z racji niedzieli, wyj\u0105tkowo o godz. 17.00 a po nim Msza \u015bw. wieczorna.<\/li>\n<li>Jest jeszcze kilka miejsc na <strong>wyjazd autokarem na Jasn\u0105 G\u00f3r\u0119<\/strong>, aby do\u0142\u0105czy\u0107 do pielgrzym\u00f3w w ostatnim dniu pielgrzymowania, lub bezpo\u015brednio na Jasn\u0105 G\u00f3r\u0119 na powitanie pielgrzym\u00f3w. Autokary b\u0119d\u0105 wyje\u017cd\u017ca\u0142y 14 lipca o godzinie 19.00 z placu targowego w Le\u017cajsku. Ponadto przez ca\u0142y czas trwania Pieszej Pielgrzymki, <strong>codziennie o godz. 20.15<\/strong>, b\u0119dziemy gromadzi\u0107 si\u0119 na r\u00f3\u017ca\u0144cu w naszej Farze wraz z duchowymi pielgrzymami i sympatykami pielgrzymki, aby w ten spos\u00f3b tworzy\u0107 <strong>R\u00f3\u017ca\u0144cow\u0105 Sztafet\u0119 modlitwy w\u00a0intencji pielgrzym\u00f3w i Archidiecezji. <\/strong>Modlitwa ta b\u0119dzie si\u0119 ko\u0144czy\u0107 Apelem Jasnog\u00f3rskim.<\/li>\n<li>Bractwo Szkaplerza \u015awi\u0119tego zaprasza na <strong>pielgrzymk\u0119 do Czernej w dniu<\/strong> 19 lipca br. Zapisy w zakrystii.<\/li>\n<li><strong>Dzisiejsza taca mszalna<\/strong> jest przeznaczona na potrzeby Wy\u017cszego Seminarium Duchownego w Przemy\u015blu, za\u015b za tydzie\u0144, w\u00a0II niedziel\u0119 miesi\u0105ca, taca b\u0119dzie przeznaczona na trwaj\u0105ce prace remontowe przy naszej Farze. Wszystkim darczy\u0144com za ka\u017cd\u0105 przekazan\u0105 z\u0142ot\u00f3wk\u0119, za \u017cyczliwo\u015b\u0107 i\u00a0zrozumienie sk\u0142adamy serdeczne B\u00f3g zap\u0142a\u0107.<\/li>\n<li><strong>W Siewcy<\/strong> przed po\u0142udniem do nabycia prasa katolicka i wiele innych ciekawych publikacji. Z r\u0105k ministrant\u00f3w b\u0105d\u017a z o\u0142tarzy mo\u017cna sobie zabra\u0107 kolejny numer naszej <strong>parafialnej<\/strong> <strong>gazetki Siewca<\/strong>. Serdecznie polecamy.<\/li>\n<\/ol>\n<p><strong><u>Intencje zbiorowe: <\/u><\/strong><\/p>\n<ul>\n<li>Z R\u00f3\u017cy \u015bw. Jana z Dukli \u2013 wtorek, godz. 18.00.<\/li>\n<li>W intencji nowennowych pr\u00f3\u015bb i podzi\u0119kowa\u0144 do MB Pocieszenia \u2013 \u015broda, godz. 18.00.<\/li>\n<li>Za \u015bp. Teres\u0119 Lotz \u2013 intencja od s\u0105siad\u00f3w z ul. Wa\u0142owej \u2013 sobota, godz. 7.00.<\/li>\n<li>W intencji R\u00f3\u017c R\u00f3\u017ca\u0144cowych \u2013 niedziela, godz. 16.00.<\/li>\n<li>Za pomordowanych na Kresach Wschodnich \u2013 intencja od Towarzystwa Mi\u0142o\u015bnik\u00f3w Lwowa i\u00a0Kres\u00f3w Po\u0142udniowo-Wschodnich w Le\u017cajsku \u2013 niedziela, godz. 18.00.<\/li>\n<\/ul>\n<p>W ostatnim tygodniu odesz\u0142a od nas do wieczno\u015bci <strong>\u015bp. Halina Krzemi\u0144ska <\/strong>z ul. Braci \u015aniadeckich \u2013 wieczny odpoczynek\u2026<\/p>\n","protected":false},"excerpt":{"rendered":"<p>Dzi\u015b zapraszamy jeszcze na nabo\u017ce\u0144stwo eucharystyczne z modlitw\u0105 r\u00f3\u017ca\u0144cow\u0105 na godz. 17.30 a po nim Msza \u015bw. wieczorna. Od jutra zapraszamy na nowenn\u0119 przed \u015bwi\u0119tem MB Szkaplerznej. Rozpoczyna si\u0119 ona o godz. 17.00 \u015bpiewem Godzinek do MB Szkaplerznej, o godz. 17.30 wystawienie Naj\u015bwi\u0119tszego Sakramentu i nowenna a po niej Msza \u015bw. wieczorna. Jutro przypada \u015bwi\u0119to [&hellip;]<\/p>\n","protected":false},"author":4,"featured_media":0,"comment_status":"closed","ping_status":"open","sticky":false,"template":"","format":"standard","meta":[],"categories":[5],"tags":[],"_links":{"self":[{"href":"https:\/\/lezajsk.przemyska.pl\/index.php?rest_route=\/wp\/v2\/posts\/19034"}],"collection":[{"href":"https:\/\/lezajsk.przemyska.pl\/index.php?rest_route=\/wp\/v2\/posts"}],"about":[{"href":"https:\/\/lezajsk.przemyska.pl\/index.php?rest_route=\/wp\/v2\/types\/post"}],"author":[{"embeddable":true,"href":"https:\/\/lezajsk.przemyska.pl\/index.php?rest_route=\/wp\/v2\/users\/4"}],"replies":[{"embeddable":true,"href":"https:\/\/lezajsk.przemyska.pl\/index.php?rest_route=%2Fwp%2Fv2%2Fcomments&post=19034"}],"version-history":[{"count":2,"href":"https:\/\/lezajsk.przemyska.pl\/index.php?rest_route=\/wp\/v2\/posts\/19034\/revisions"}],"predecessor-version":[{"id":19036,"href":"https:\/\/lezajsk.przemyska.pl\/index.php?rest_route=\/wp\/v2\/posts\/19034\/revisions\/19036"}],"wp:attachment":[{"href":"https:\/\/lezajsk.przemyska.pl\/index.php?rest_route=%2Fwp%2Fv2%2Fmedia&parent=19034"}],"wp:term":[{"taxonomy":"category","embeddable":true,"href":"https:\/\/lezajsk.przemyska.pl\/index.php?rest_route=%2Fwp%2Fv2%2Fcategories&post=19034"},{"taxonomy":"post_tag","embeddable":true,"href":"https:\/\/lezajsk.przemyska.pl\/index.php?rest_route=%2Fwp%2Fv2%2Ftags&post=19034"}],"curies":[{"name":"wp","href":"https:\/\/api.w.org\/{rel}","templated":true}]}}