
{"id":19031,"date":"2025-06-28T22:35:26","date_gmt":"2025-06-28T20:35:26","guid":{"rendered":"https:\/\/lezajsk.przemyska.pl\/?p=19031"},"modified":"2025-06-29T06:59:28","modified_gmt":"2025-06-29T04:59:28","slug":"uroczystosc-swietych-piotra-i-pawla-29-06-2025-r","status":"publish","type":"post","link":"https:\/\/lezajsk.przemyska.pl\/?p=19031","title":{"rendered":"Uroczysto\u015b\u0107 \u015awi\u0119tych Piotra i Paw\u0142a &#8211; 29.06.2025 r."},"content":{"rendered":"<ol>\n<li>Dzi\u015b zapraszamy jeszcze na nabo\u017ce\u0144stwo eucharystyczne z litani\u0105 do <strong>Naj\u015bwi\u0119tszego Serca Pana Jezusa <\/strong><strong>na godz. 17.30<\/strong> a po nim Msza \u015bw. wieczorna.<\/li>\n<li>Tak\u017ce dzi\u015b po Mszy \u015awi\u0119tej o godz. 18.00 spotkanie <strong>przedpielgrzymkowe, pielgrzym\u00f3w grupy b\u0142. Marii<\/strong>.<\/li>\n<li>Jutro zako\u0144czenie nabo\u017ce\u0144stw czerwcowych.<\/li>\n<li>W czwartek <strong>\u015bwi\u0119to \u015bw. Tomasza Aposto\u0142a<\/strong>.<\/li>\n<li>W tym tygodniu przypada<strong> I czwartek, pi\u0105tek i I sobota miesi\u0105ca<\/strong>. Adoracja Naj\u015bwi\u0119tszego Sakramentu po Mszy \u015bw. w czwartek i pi\u0105tek do godz. 20.00. Spowied\u017a w\u00a0pi\u0105tek od godz. 17.00.<\/li>\n<li><strong>Odwiedziny chorych w domach <\/strong>w pi\u0105tek od godz. 9.00.<\/li>\n<li>W pi\u0105tek z Przemy\u015bla a w sobot\u0119 z Le\u017cajska wyrusza <strong>45 Piesza Pielgrzymka na Jasna G\u00f3r\u0119.<\/strong> Sk\u0142adanie baga\u017cy w pi\u0105tek od godz. 16.00. Msza \u015bw. na wyj\u015bcie naszej grupy zostanie odprawiona w sobot\u0119 <strong>o godz. 8.00<\/strong>. Zapraszamy wszystkich do wsp\u00f3lnej modlitwy. Jak co roku, przy bocznym o\u0142tarzu pojawi si\u0119 skrzynka, do kt\u00f3rej mo\u017cna sk\u0142ada\u0107 intencje duchowych pielgrzym\u00f3w a 15 lipca na Jasnej G\u00f3rze b\u0119dzie sprawowana w tych intencjach, a tak\u017ce w intencji wszystkich pielgrzym\u00f3w zar\u00f3wno fizycznych, jak i\u00a0duchowych Msza \u015awi\u0119ta. Jest tak\u017ce mo\u017cliwo\u015b\u0107 zapisywania si\u0119 na <strong>wyjazd autokarem na Jasn\u0105 G\u00f3r\u0119<\/strong>, aby do\u0142\u0105czy\u0107 do pielgrzym\u00f3w w ostatnim dniu pielgrzymowania, lub bezpo\u015brednio na Jasn\u0105 G\u00f3r\u0119 na powitanie pielgrzym\u00f3w. Oba autokary b\u0119d\u0105 wyje\u017cd\u017ca\u0142y 14 lipca o godzinie 19.00 z placu targowego w Le\u017cajsku. Ponadto przez ca\u0142y czas trwania Pieszej Pielgrzymki, <strong>codziennie o godz. 20.15<\/strong>, b\u0119dziemy gromadzi\u0107 si\u0119 na r\u00f3\u017ca\u0144cu w naszej Farze wraz z duchowymi pielgrzymami i\u00a0tymi wszystkimi, kt\u00f3rzy kiedy\u015b pielgrzymowali a dzi\u015b mog\u0105 towarzyszy\u0107 pielgrzymce tylko modlitewnie, aby w ten spos\u00f3b tworzy\u0107 <strong>R\u00f3\u017ca\u0144cow\u0105 Sztafet\u0119 modlitwy w\u00a0intencji pielgrzym\u00f3w i Archidiecezji. <\/strong>Modlitwa ta b\u0119dzie si\u0119 ko\u0144czy\u0107 Apelem Jasnog\u00f3rskim.<\/li>\n<li>Tak\u017ce w sobot\u0119 wszystkich czcicieli Matki Bo\u017cej, zapraszamy na kolejne <strong>nabo\u017ce\u0144stwo I\u00a0soboty, wynagradzaj\u0105ce Niepokalanemu Sercu NMP<\/strong> i\u00a0modlitw\u0105 r\u00f3\u017ca\u0144cow\u0105. <strong><u>Uwaga; nabo\u017ce\u0144stwo w sobot\u0119 o godz. 17.00 a\u00a0nie 18.00<\/u><\/strong>. Tego te\u017c dnia po Mszy \u015bw. o godz. 18.00 odb\u0119dzie si\u0119 kolejny w naszej parafii <strong> \u201eM\u0119ski R\u00f3\u017caniec\u201d<\/strong>. Na to wyj\u0105tkowe nabo\u017ce\u0144stwo i wieczorn\u0105 procesj\u0119 r\u00f3\u017ca\u0144cow\u0105 ju\u017c dzi\u015b zapraszamy wszystkich m\u0119\u017cczyzn, niezale\u017cnie od wieku.<\/li>\n<li>Mamy ju\u017c kalendarz na przysz\u0142y rok i tym samym <strong>otwieramy, ale od jutra, mo\u017cliwo\u015b\u0107 zamawiania Mszy \u015bw. na rok 2026.<\/strong> Warto pami\u0119ta\u0107, i\u017c w pierwszej kolejno\u015bci wpisano ju\u017c Msze \u015bw. gregoria\u0144skie, przypisane grupom modlitewnym i oczekuj\u0105ce od p\u00f3\u0142 roku Msze \u015bw. pogrzebowe (ich rozpiski s\u0105 do odebrania w zakrystii).<\/li>\n<li>W naszej Farze <strong>zosta\u0142a ju\u017c uruchomiona klimatyzacja<\/strong>, zapewniaj\u0105c wszystkim b\u0119d\u0105cym wewn\u0105trz ko\u015bcio\u0142a komfortow\u0105 temperatur\u0119. Jednak\u017ce, aby by\u0142a ona skuteczna i\u00a0spe\u0142nia\u0142a swoj\u0105 rol\u0119, <strong>bezwzgl\u0119dnie prosimy o\u00a0zamykanie za sob\u0105 drzwi<\/strong> wej\u015bciowych i\u00a0nie zahaczanie wahad\u0142owych.<\/li>\n<li><strong>W Siewcy<\/strong>, przed po\u0142udniem do nabycia prasa i publikacje katolickie.<\/li>\n<\/ol>\n<p><strong><u>Intencje zbiorowe: <\/u><\/strong><\/p>\n<ul>\n<li>Msze \u015bw. gregoria\u0144skie za \u015bp. Janin\u0119 Saneck\u0105, pocz\u0105tek \u2013 wtorek, godz. 7.00 (poza parafi\u0105).<\/li>\n<li>Za dusze w czy\u015b\u0107cu cierpi\u0105ce \u2013 intencja od Apostolskiego Dzie\u0142a Pomocy Duszom Czy\u015b\u0107cowym \u2013 wtorek, godz. 7.00.<\/li>\n<li>W intencji nowennowych pr\u00f3\u015bb i podzi\u0119kowa\u0144 do MB Pocieszenia \u2013 \u015broda, godz. 18.00.<\/li>\n<li>Z intencji Stra\u017cy Honorowej NSPJ \u2013 czwartek i pi\u0105tek, godz. 18.00.<\/li>\n<li>Wynagradzaj\u0105ca Niepokalanemu Sercu NMP z intencji Bractwa Szkaplerza \u015awi\u0119tego i R\u00f3\u017c R\u00f3\u017ca\u0144cowych \u2013 sobota, godz. 18.00.<\/li>\n<li>Z R\u00f3\u017cy \u015bw. Anny \u2013 niedziela, godz. 10.00.<\/li>\n<\/ul>\n<p>W ostatnim tygodniu odesz\u0142a od nas do wieczno\u015bci <strong>\u015bp. Krystyna S\u0119k <\/strong>z ul. Klonowej \u2013 wieczny odpoczynek\u2026<\/p>\n","protected":false},"excerpt":{"rendered":"<p>Dzi\u015b zapraszamy jeszcze na nabo\u017ce\u0144stwo eucharystyczne z litani\u0105 do Naj\u015bwi\u0119tszego Serca Pana Jezusa na godz. 17.30 a po nim Msza \u015bw. wieczorna. Tak\u017ce dzi\u015b po Mszy \u015awi\u0119tej o godz. 18.00 spotkanie przedpielgrzymkowe, pielgrzym\u00f3w grupy b\u0142. Marii. Jutro zako\u0144czenie nabo\u017ce\u0144stw czerwcowych. W czwartek \u015bwi\u0119to \u015bw. Tomasza Aposto\u0142a. W tym tygodniu przypada I czwartek, pi\u0105tek i I [&hellip;]<\/p>\n","protected":false},"author":4,"featured_media":0,"comment_status":"closed","ping_status":"open","sticky":false,"template":"","format":"standard","meta":[],"categories":[5],"tags":[],"_links":{"self":[{"href":"https:\/\/lezajsk.przemyska.pl\/index.php?rest_route=\/wp\/v2\/posts\/19031"}],"collection":[{"href":"https:\/\/lezajsk.przemyska.pl\/index.php?rest_route=\/wp\/v2\/posts"}],"about":[{"href":"https:\/\/lezajsk.przemyska.pl\/index.php?rest_route=\/wp\/v2\/types\/post"}],"author":[{"embeddable":true,"href":"https:\/\/lezajsk.przemyska.pl\/index.php?rest_route=\/wp\/v2\/users\/4"}],"replies":[{"embeddable":true,"href":"https:\/\/lezajsk.przemyska.pl\/index.php?rest_route=%2Fwp%2Fv2%2Fcomments&post=19031"}],"version-history":[{"count":2,"href":"https:\/\/lezajsk.przemyska.pl\/index.php?rest_route=\/wp\/v2\/posts\/19031\/revisions"}],"predecessor-version":[{"id":19033,"href":"https:\/\/lezajsk.przemyska.pl\/index.php?rest_route=\/wp\/v2\/posts\/19031\/revisions\/19033"}],"wp:attachment":[{"href":"https:\/\/lezajsk.przemyska.pl\/index.php?rest_route=%2Fwp%2Fv2%2Fmedia&parent=19031"}],"wp:term":[{"taxonomy":"category","embeddable":true,"href":"https:\/\/lezajsk.przemyska.pl\/index.php?rest_route=%2Fwp%2Fv2%2Fcategories&post=19031"},{"taxonomy":"post_tag","embeddable":true,"href":"https:\/\/lezajsk.przemyska.pl\/index.php?rest_route=%2Fwp%2Fv2%2Ftags&post=19031"}],"curies":[{"name":"wp","href":"https:\/\/api.w.org\/{rel}","templated":true}]}}