
{"id":19021,"date":"2025-05-30T20:57:59","date_gmt":"2025-05-30T18:57:59","guid":{"rendered":"https:\/\/lezajsk.przemyska.pl\/?p=19021"},"modified":"2025-06-25T21:01:16","modified_gmt":"2025-06-25T19:01:16","slug":"w-holdzie-ofiarom-obchody-rocznicy-pacyfikacji-lezajska","status":"publish","type":"post","link":"https:\/\/lezajsk.przemyska.pl\/?p=19021","title":{"rendered":"W ho\u0142dzie ofiarom \u2013 obchody rocznicy pacyfikacji Le\u017cajska"},"content":{"rendered":"<p data-start=\"175\" data-end=\"449\"><strong data-start=\"175\" data-end=\"186\">28 maja<\/strong> w Le\u017cajsku uczcili\u015bmy kolejn\u0105 rocznic\u0119 tragicznych wydarze\u0144 z czas\u00f3w II wojny \u015bwiatowej \u2013 pacyfikacji miasta dokonanej przez niemieckie oddzia\u0142y w maju 1943 roku. By\u0142 to dzie\u0144 zadumy, modlitwy i pami\u0119ci o tych, kt\u00f3rzy zgin\u0119li, broni\u0105c swojej godno\u015bci i Ojczyzny.<\/p>\n<p data-start=\"451\" data-end=\"803\">Uroczysto\u015bci rozpocz\u0119\u0142y si\u0119 <strong data-start=\"479\" data-end=\"513\">Msz\u0105 \u015awi\u0119t\u0105 w le\u017cajskiej Farze<\/strong>, kt\u00f3rej przewodniczy\u0142 <strong data-start=\"536\" data-end=\"607\">kustosz Sanktuarium Matki Bo\u017cej Pocieszenia, o. Klaudiusz Baran OFM<\/strong>. W czasie Eucharystii homili\u0119 wyg\u0142osi\u0142 <strong data-start=\"647\" data-end=\"669\">ks. Piotr Zawadzki<\/strong>, kt\u00f3ry w poruszaj\u0105cych s\u0142owach przypomnia\u0142 o cierpieniu mieszka\u0144c\u00f3w Le\u017cajska oraz o potrzebie zachowania pami\u0119ci o ofierze ich \u017cycia.<\/p>\n<p data-start=\"981\" data-end=\"1271\">Po Mszy \u015awi\u0119tej uczestnicy obchod\u00f3w przeszli w uroczystym marszu <strong data-start=\"1046\" data-end=\"1087\">pod pomnik ofiar pacyfikacji Le\u017cajska<\/strong>, gdzie z\u0142o\u017cono kwiaty i oddano ho\u0142d poleg\u0142ym. Uroczysto\u015b\u0107 mia\u0142a charakter patriotyczny i religijny, \u0142\u0105cz\u0105c modlitw\u0119 z wyrazami szacunku wobec historii i tych, kt\u00f3rzy j\u0105 wsp\u00f3\u0142tworzyli.<\/p>\n<p data-start=\"1273\" data-end=\"1571\">W wydarzeniu wzi\u0119\u0142y udzia\u0142 liczne <strong data-start=\"1307\" data-end=\"1341\">delegacje i poczty sztandarowe<\/strong>, a opraw\u0119 wojskow\u0105 zapewni\u0142a <strong data-start=\"1371\" data-end=\"1446\">Kompania Honorowa 21. Dywizjonu Artylerii Przeciwlotniczej z Jaros\u0142awia<\/strong>. Muzyczn\u0105 opraw\u0119 zapewni\u0142a <strong data-start=\"1474\" data-end=\"1508\">Orkiestra D\u0119ta GOK w Kury\u0142\u00f3wce<\/strong>, kt\u00f3ra nada\u0142a uroczysto\u015bci podnios\u0142y i patriotyczny charakter.<\/p>\n<p data-start=\"1573\" data-end=\"1749\">Obecni byli r\u00f3wnie\u017c przedstawiciele m\u0142odego pokolenia:<br data-start=\"1627\" data-end=\"1630\" \/>\u2013 <strong data-start=\"1632\" data-end=\"1669\">Jednostka Strzelecka 2035 Le\u017cajsk<\/strong>,<br data-start=\"1670\" data-end=\"1673\" \/>\u2013 <strong data-start=\"1675\" data-end=\"1705\">Harcerze Hufca ZHP Le\u017cajsk<\/strong>,<br data-start=\"1706\" data-end=\"1709\" \/>\u2013 <strong data-start=\"1711\" data-end=\"1748\">V Le\u017cajska Dru\u017cyna Harcerzy \u201eWIR\u201d<\/strong>.<\/p>\n<p data-start=\"1751\" data-end=\"1877\">Ich obecno\u015b\u0107 by\u0142a wyrazem kontynuacji pami\u0119ci, odpowiedzialno\u015bci i mi\u0142o\u015bci do Ojczyzny przekazywanej z pokolenia na pokolenie.<\/p>\n<p data-start=\"1879\" data-end=\"2081\">Niech to coroczne spotkanie pod pomnikiem pacyfikacji b\u0119dzie nie tylko wspomnieniem tragicznych wydarze\u0144, ale te\u017c przypomnieniem, \u017ce wolno\u015b\u0107, kt\u00f3r\u0105 dzi\u015b si\u0119 cieszymy, ma swoj\u0105 cen\u0119 \u2013 i swoich bohater\u00f3w.<\/p>\n<p data-start=\"2083\" data-end=\"2105\"><strong data-start=\"2083\" data-end=\"2105\">Cze\u015b\u0107 ich pami\u0119ci!<\/p>\n<p><a href=\"https:\/\/www.miastolezajsk.pl\/4939\/82-rocznica-pacyfikacji-lezajska.html\">Zdj\u0119cie na stronie miasta<\/a><\/strong><\/p>\n","protected":false},"excerpt":{"rendered":"<p>28 maja w Le\u017cajsku uczcili\u015bmy kolejn\u0105 rocznic\u0119 tragicznych wydarze\u0144 z czas\u00f3w II wojny \u015bwiatowej \u2013 pacyfikacji miasta dokonanej przez niemieckie oddzia\u0142y w maju 1943 roku. By\u0142 to dzie\u0144 zadumy, modlitwy i pami\u0119ci o tych, kt\u00f3rzy zgin\u0119li, broni\u0105c swojej godno\u015bci i Ojczyzny. Uroczysto\u015bci rozpocz\u0119\u0142y si\u0119 Msz\u0105 \u015awi\u0119t\u0105 w le\u017cajskiej Farze, kt\u00f3rej przewodniczy\u0142 kustosz Sanktuarium Matki Bo\u017cej [&hellip;]<\/p>\n","protected":false},"author":9,"featured_media":19023,"comment_status":"closed","ping_status":"open","sticky":false,"template":"","format":"standard","meta":[],"categories":[4],"tags":[],"_links":{"self":[{"href":"https:\/\/lezajsk.przemyska.pl\/index.php?rest_route=\/wp\/v2\/posts\/19021"}],"collection":[{"href":"https:\/\/lezajsk.przemyska.pl\/index.php?rest_route=\/wp\/v2\/posts"}],"about":[{"href":"https:\/\/lezajsk.przemyska.pl\/index.php?rest_route=\/wp\/v2\/types\/post"}],"author":[{"embeddable":true,"href":"https:\/\/lezajsk.przemyska.pl\/index.php?rest_route=\/wp\/v2\/users\/9"}],"replies":[{"embeddable":true,"href":"https:\/\/lezajsk.przemyska.pl\/index.php?rest_route=%2Fwp%2Fv2%2Fcomments&post=19021"}],"version-history":[{"count":2,"href":"https:\/\/lezajsk.przemyska.pl\/index.php?rest_route=\/wp\/v2\/posts\/19021\/revisions"}],"predecessor-version":[{"id":19024,"href":"https:\/\/lezajsk.przemyska.pl\/index.php?rest_route=\/wp\/v2\/posts\/19021\/revisions\/19024"}],"wp:featuredmedia":[{"embeddable":true,"href":"https:\/\/lezajsk.przemyska.pl\/index.php?rest_route=\/wp\/v2\/media\/19023"}],"wp:attachment":[{"href":"https:\/\/lezajsk.przemyska.pl\/index.php?rest_route=%2Fwp%2Fv2%2Fmedia&parent=19021"}],"wp:term":[{"taxonomy":"category","embeddable":true,"href":"https:\/\/lezajsk.przemyska.pl\/index.php?rest_route=%2Fwp%2Fv2%2Fcategories&post=19021"},{"taxonomy":"post_tag","embeddable":true,"href":"https:\/\/lezajsk.przemyska.pl\/index.php?rest_route=%2Fwp%2Fv2%2Ftags&post=19021"}],"curies":[{"name":"wp","href":"https:\/\/api.w.org\/{rel}","templated":true}]}}