
{"id":18990,"date":"2025-06-21T22:00:06","date_gmt":"2025-06-21T20:00:06","guid":{"rendered":"https:\/\/lezajsk.przemyska.pl\/?p=18990"},"modified":"2025-06-21T22:00:06","modified_gmt":"2025-06-21T20:00:06","slug":"xii-niedziela-zwykla-22-06-2025-r","status":"publish","type":"post","link":"https:\/\/lezajsk.przemyska.pl\/?p=18990","title":{"rendered":"XII Niedziela zwyk\u0142a &#8211; 22.06.2025 r."},"content":{"rendered":"<ol>\n<li>Dzi\u015b zapraszamy jeszcze na <strong>nabo\u017ce\u0144stwo do Serca Pana Jezusa na godz. 17.30<\/strong> <strong>z\u00a0procesj\u0105 eucharystyczn\u0105 a\u00a0po nim Msza \u015bw. wieczorna<\/strong>. W tygodniu, przez czas oktawy do czwartku w\u0142\u0105cznie, najpierw o godz. 18.00 Msza \u015bw. wieczorna a po niej nabo\u017ce\u0144stwo i\u00a0procesja eucharystyczna.<\/li>\n<li>We wtorek liturgiczna <strong>Uroczysto\u015b\u0107 Narodzenia \u015bw. Jana Chrzciciela<\/strong>.<\/li>\n<li>W czwartek o godz. 18.00 Msza \u015bw. na <strong>zako\u0144czenie oktawy Bo\u017cego Cia\u0142a<\/strong> po\u0142\u0105czona z\u00a0po\u015bwi\u0119ceniem wiank\u00f3w a po niej procesja eucharystyczna. Wszystkich a szczeg\u00f3lnie dzieci, zapraszamy do licznego udzia\u0142u. Po procesji b\u0142ogos\u0142awie\u0144stwo dzieci.<\/li>\n<li>W pi\u0105tek <strong>Uroczysto\u015b\u0107 Naj\u015bwi\u0119tszego Serca Pana Jezusa<\/strong> i w zwi\u0105zku z tym nie obowi\u0105zuje w tym dniu wstrzemi\u0119\u017aliwo\u015b\u0107 od pokarm\u00f3w mi\u0119snych. Akt zawierzenia naszej parafii Naj\u015bwi\u0119tszemu Sercu Pana Jezusa w czasie uroczystej Mszy \u015bw. o\u00a0godz. 18.00.<\/li>\n<li>W pi\u0105tek Msza \u015bw. dzi\u0119kczynna na <strong>zako\u0144czeniu roku szkolnego <\/strong>dla uczni\u00f3w Szk\u00f3\u0142 Podstawowych Nr 1 i 2 w <strong>Farze o godz. 8.00<\/strong> a dla uczni\u00f3w Zespo\u0142u Szk\u00f3\u0142 Licealnych tak\u017ce<strong> w Farze o godz. 9.00<\/strong>. Mo\u017cliwo\u015b\u0107 spowiedzi dla dzieci i\u00a0m\u0142odzie\u017cy codziennie w\u00a0czasie ka\u017cdej Mszy \u015bw.<\/li>\n<li>Tak\u017ce w pi\u0105tek na <strong>Msz\u0119 \u015bw. o godz. 18.00<\/strong>, zapraszamy wszystkie grupy duszpasterskie, na uroczyste podsumowanie i <strong>zako\u0144czenie roku formacji<\/strong>. Przedstawicieli wszystkich grup prosimy o zg\u0142aszanie si\u0119 do ks. Witolda, celem przygotowania liturgii.<\/li>\n<li>Za tydzie\u0144 w niedziel\u0119 <strong>Uroczysto\u015b\u0107 \u015awi\u0119tych Aposto\u0142\u00f3w Piotra i Paw\u0142a.<\/strong><\/li>\n<li>Tak\u017ce w <strong>niedziel\u0119 29 czerwca na Mszy \u015bw. o godz. 18.00<\/strong>, b\u0119dziemy go\u015bci\u0107 w parafii\u00a0 <strong> bpa Krzysztofa Chudzio<\/strong>, kt\u00f3ry b\u0119dzie przewodniczy\u0142 Eucharystii w intencji wolontariuszy Eucharystycznego Ruchu M\u0142odych. B\u0119dzie to dzi\u0119kczynienie Panu Bogu za ich pomoc przy\u00a0 organizacji\u00a0 Spotkania M\u0142odych Archidiecezji Przemyskiej w Le\u017cajsku i\u00a0dw\u00f3ch Archidiecezjalnych Pielgrzymek Dzieci.<\/li>\n<li><strong>Grupa b\u0142. Marii Led\u00f3chowskiej<\/strong> zaprasza wszystkich ch\u0119tnych do udzia\u0142u w <strong>45 Przemyskiej Pieszej Pielgrzymce na Jasna G\u00f3r\u0119<\/strong>. Zapisy droga internetowa lub bezpo\u015brednio u przewodnika. Wszystkie informacje potrzebne do zapis\u00f3w na plakacie.<\/li>\n<li>Przypominamy, \u017ce w czasie wakacji czyli od najbli\u017cszej niedzieli w\u0142\u0105cznie, <strong>Msze \u015bw. tylko w\u00a0ko\u015bcie farnym. <\/strong><\/li>\n<li><strong>Taca mszalna<\/strong> z uroczysto\u015bci \u015bw. Piotra i Paw\u0142a jest przeznaczona na potrzeby Stolicy Apostolskiej.<\/li>\n<li><strong>W Siewcy<\/strong>, przed po\u0142udniem do nabycia prasa i publikacje katolickie.<\/li>\n<\/ol>\n<p><strong><u>Intencje zbiorowe: <\/u><\/strong><\/p>\n<ul>\n<li>Za \u015bp. Halin\u0119 Simko \u2013 intencja od kole\u017canek i koleg\u00f3w \u2013 poniedzia\u0142ek, godz. 6.30.<\/li>\n<li>W intencji nowennowych pr\u00f3\u015bb i podzi\u0119kowa\u0144 do MB Pocieszenia \u2013 \u015broda, godz. 18.00.<\/li>\n<li>Dzi\u0119kczynna i w intencji dzieci, rodzic\u00f3w, si\u00f3str i pracownik\u00f3w Przedszkola Si\u00f3str S\u0142u\u017cebniczek \u2013 pi\u0105tek, godz. 15.30.<\/li>\n<li>Dzi\u0119kczynna z racji zako\u0144czenia roku formacji, z intencji wszystkich grup parafialnych \u2013 pi\u0105tek, godz. 18.00.<\/li>\n<li>Z intencji Stra\u017cy Honorowej NSPJ \u2013 pi\u0105tek, godz. 18.00.<\/li>\n<li>Z intencji Bractwa Szkaplerza \u015awi\u0119tego \u2013 sobota, godz. 18.00.<\/li>\n<li>zdrowie, potrzebne \u0142aski i Bo\u017ce blog. dla mieszka\u0144c\u00f3w ul. Moniuszki i przyleg\u0142ych \u2013 niedziela, godz. 8.30.<\/li>\n<li>Msza \u015bw. imieninowa w intencji ks. Piotra Ob\u0142askiego od Bractwa Szkaplerza \u015awi\u0119tego i\u00a0ks. Paw\u0142a Kozio\u0142a od Stra\u017cy Honorowej NSPJ \u00a0\u2013 niedziela, godz. 11.30.<\/li>\n<\/ul>\n","protected":false},"excerpt":{"rendered":"<p>Dzi\u015b zapraszamy jeszcze na nabo\u017ce\u0144stwo do Serca Pana Jezusa na godz. 17.30 z\u00a0procesj\u0105 eucharystyczn\u0105 a\u00a0po nim Msza \u015bw. wieczorna. W tygodniu, przez czas oktawy do czwartku w\u0142\u0105cznie, najpierw o godz. 18.00 Msza \u015bw. wieczorna a po niej nabo\u017ce\u0144stwo i\u00a0procesja eucharystyczna. We wtorek liturgiczna Uroczysto\u015b\u0107 Narodzenia \u015bw. Jana Chrzciciela. W czwartek o godz. 18.00 Msza \u015bw. [&hellip;]<\/p>\n","protected":false},"author":4,"featured_media":0,"comment_status":"closed","ping_status":"open","sticky":false,"template":"","format":"standard","meta":[],"categories":[5],"tags":[],"_links":{"self":[{"href":"https:\/\/lezajsk.przemyska.pl\/index.php?rest_route=\/wp\/v2\/posts\/18990"}],"collection":[{"href":"https:\/\/lezajsk.przemyska.pl\/index.php?rest_route=\/wp\/v2\/posts"}],"about":[{"href":"https:\/\/lezajsk.przemyska.pl\/index.php?rest_route=\/wp\/v2\/types\/post"}],"author":[{"embeddable":true,"href":"https:\/\/lezajsk.przemyska.pl\/index.php?rest_route=\/wp\/v2\/users\/4"}],"replies":[{"embeddable":true,"href":"https:\/\/lezajsk.przemyska.pl\/index.php?rest_route=%2Fwp%2Fv2%2Fcomments&post=18990"}],"version-history":[{"count":1,"href":"https:\/\/lezajsk.przemyska.pl\/index.php?rest_route=\/wp\/v2\/posts\/18990\/revisions"}],"predecessor-version":[{"id":18991,"href":"https:\/\/lezajsk.przemyska.pl\/index.php?rest_route=\/wp\/v2\/posts\/18990\/revisions\/18991"}],"wp:attachment":[{"href":"https:\/\/lezajsk.przemyska.pl\/index.php?rest_route=%2Fwp%2Fv2%2Fmedia&parent=18990"}],"wp:term":[{"taxonomy":"category","embeddable":true,"href":"https:\/\/lezajsk.przemyska.pl\/index.php?rest_route=%2Fwp%2Fv2%2Fcategories&post=18990"},{"taxonomy":"post_tag","embeddable":true,"href":"https:\/\/lezajsk.przemyska.pl\/index.php?rest_route=%2Fwp%2Fv2%2Ftags&post=18990"}],"curies":[{"name":"wp","href":"https:\/\/api.w.org\/{rel}","templated":true}]}}