
{"id":18985,"date":"2025-06-17T16:35:40","date_gmt":"2025-06-17T14:35:40","guid":{"rendered":"https:\/\/lezajsk.przemyska.pl\/?p=18985"},"modified":"2025-06-21T18:40:57","modified_gmt":"2025-06-21T16:40:57","slug":"umocnieni-duchem-swietym","status":"publish","type":"post","link":"https:\/\/lezajsk.przemyska.pl\/?p=18985","title":{"rendered":"Umocnieni Duchem \u015awi\u0119tym"},"content":{"rendered":"<p data-start=\"252\" data-end=\"535\">W sobot\u0119, 14 czerwca 2025 roku, w naszej parafii pw. \u015awi\u0119tej Tr\u00f3jcy w Le\u017cajsku odby\u0142a si\u0119 uroczysto\u015b\u0107 udzielenia sakramentu bierzmowania m\u0142odzie\u017cy klas \u00f3smych. Do przyj\u0119cia tego wa\u017cnego sakramentu przyst\u0105pili zar\u00f3wno kandydaci z naszej parafii, jak i z s\u0105siedniej parafii w Tarnowcu.<\/p>\n<p data-start=\"537\" data-end=\"916\">Uroczystej Mszy \u015awi\u0119tej przewodniczy\u0142 i sakramentu bierzmowania udzieli\u0142 pochodz\u0105cy z Le\u017cajska Jego Ekscelencja ksi\u0105dz arcybiskup Kryspin Dubiel, nuncjusz apostolski w Angolii. Obecno\u015b\u0107 arcybiskupa w\u015br\u00f3d nas by\u0142a dla wsp\u00f3lnoty parafialnej wielkim zaszczytem i rado\u015bci\u0105. Jego pasterskie s\u0142owo, pe\u0142ne m\u0105dro\u015bci i zach\u0119ty do odwa\u017cnego \u015bwiadczenia o wierze, g\u0142\u0119boko zapad\u0142o w serca m\u0142odych oraz ich rodzin.<\/p>\n<p data-start=\"918\" data-end=\"1189\">Ca\u0142a wsp\u00f3lnota parafialna towarzyszy\u0142a m\u0142odzie\u017cy swoj\u0105 modlitw\u0105, prosz\u0105c o dary Ducha \u015awi\u0119tego dla ka\u017cdego z kandydat\u00f3w. Przyzywano Bo\u017cej mocy, aby umocnieni sakramentem bierzmowania, m\u0142odzi chrze\u015bcijanie stali si\u0119 dojrza\u0142ymi \u015bwiadkami Chrystusa w swoim codziennym \u017cyciu.<\/p>\n<p data-start=\"1191\" data-end=\"1598\">Uroczysto\u015b\u0107 mia\u0142a podnios\u0142y, a zarazem rodzinny charakter. Ko\u015bci\u00f3\u0142 wype\u0142ni\u0142 si\u0119 nie tylko kandydatami do bierzmowania i ich bliskimi, ale tak\u017ce wiernymi pragn\u0105cymi uczestniczy\u0107 w tym wa\u017cnym wydarzeniu w \u017cyciu naszej parafii. To by\u0142a chwila szczeg\u00f3lnej \u0142aski \u2013 nie tylko dla m\u0142odzie\u017cy, ale i dla ca\u0142ej wsp\u00f3lnoty, kt\u00f3ra raz jeszcze u\u015bwiadomi\u0142a sobie, jak wielkim darem jest obecno\u015b\u0107 Ducha \u015awi\u0119tego w Ko\u015bciele.<\/p>\n<p data-start=\"1600\" data-end=\"1859\">Dzi\u0119kujemy wszystkim, kt\u00f3rzy w\u0142\u0105czyli si\u0119 w przygotowanie tej uroczysto\u015bci \u2013 rodzicom, katechetom, duszpasterzom, s\u0142u\u017cbie liturgicznej oraz oprawie muzycznej. M\u00f3dlmy si\u0119 wsp\u00f3lnie, aby m\u0142odzie\u017c wytrwa\u0142a na drodze wiary, wzrastaj\u0105c w mi\u0142o\u015bci do Boga i bli\u017anich.<\/p>\n<p><a href=\"?p=18987&amp;preview=true\">GALERIA<\/a><\/p>\n","protected":false},"excerpt":{"rendered":"<p>W sobot\u0119, 14 czerwca 2025 roku, w naszej parafii pw. \u015awi\u0119tej Tr\u00f3jcy w Le\u017cajsku odby\u0142a si\u0119 uroczysto\u015b\u0107 udzielenia sakramentu bierzmowania m\u0142odzie\u017cy klas \u00f3smych. Do przyj\u0119cia tego wa\u017cnego sakramentu przyst\u0105pili zar\u00f3wno kandydaci z naszej parafii, jak i z s\u0105siedniej parafii w Tarnowcu. Uroczystej Mszy \u015awi\u0119tej przewodniczy\u0142 i sakramentu bierzmowania udzieli\u0142 pochodz\u0105cy z Le\u017cajska Jego Ekscelencja ksi\u0105dz [&hellip;]<\/p>\n","protected":false},"author":9,"featured_media":18844,"comment_status":"closed","ping_status":"open","sticky":false,"template":"","format":"standard","meta":[],"categories":[4],"tags":[],"_links":{"self":[{"href":"https:\/\/lezajsk.przemyska.pl\/index.php?rest_route=\/wp\/v2\/posts\/18985"}],"collection":[{"href":"https:\/\/lezajsk.przemyska.pl\/index.php?rest_route=\/wp\/v2\/posts"}],"about":[{"href":"https:\/\/lezajsk.przemyska.pl\/index.php?rest_route=\/wp\/v2\/types\/post"}],"author":[{"embeddable":true,"href":"https:\/\/lezajsk.przemyska.pl\/index.php?rest_route=\/wp\/v2\/users\/9"}],"replies":[{"embeddable":true,"href":"https:\/\/lezajsk.przemyska.pl\/index.php?rest_route=%2Fwp%2Fv2%2Fcomments&post=18985"}],"version-history":[{"count":2,"href":"https:\/\/lezajsk.przemyska.pl\/index.php?rest_route=\/wp\/v2\/posts\/18985\/revisions"}],"predecessor-version":[{"id":18989,"href":"https:\/\/lezajsk.przemyska.pl\/index.php?rest_route=\/wp\/v2\/posts\/18985\/revisions\/18989"}],"wp:featuredmedia":[{"embeddable":true,"href":"https:\/\/lezajsk.przemyska.pl\/index.php?rest_route=\/wp\/v2\/media\/18844"}],"wp:attachment":[{"href":"https:\/\/lezajsk.przemyska.pl\/index.php?rest_route=%2Fwp%2Fv2%2Fmedia&parent=18985"}],"wp:term":[{"taxonomy":"category","embeddable":true,"href":"https:\/\/lezajsk.przemyska.pl\/index.php?rest_route=%2Fwp%2Fv2%2Fcategories&post=18985"},{"taxonomy":"post_tag","embeddable":true,"href":"https:\/\/lezajsk.przemyska.pl\/index.php?rest_route=%2Fwp%2Fv2%2Ftags&post=18985"}],"curies":[{"name":"wp","href":"https:\/\/api.w.org\/{rel}","templated":true}]}}