
{"id":18825,"date":"2025-06-14T16:34:56","date_gmt":"2025-06-14T14:34:56","guid":{"rendered":"https:\/\/lezajsk.przemyska.pl\/?p=18825"},"modified":"2025-06-21T18:40:19","modified_gmt":"2025-06-21T16:40:19","slug":"czerwcowy-meski-rozaniec","status":"publish","type":"post","link":"https:\/\/lezajsk.przemyska.pl\/?p=18825","title":{"rendered":"Czerwcowy m\u0119ski r\u00f3\u017caniec"},"content":{"rendered":"<div dir=\"auto\">W pierwsz\u0105 sobot\u0119 miesi\u0105ca w Le\u017cajskiej Farze odby\u0142 si\u0119 comiesi\u0119czny M\u0119ski R\u00f3\u017caniec. To pi\u0119kne nabo\u017ce\u0144stwo zgromadzi\u0142o licznych m\u0119\u017cczyzn z naszej wsp\u00f3lnoty: od kilkuletnich ch\u0142opc\u00f3w, przez m\u0142odzie\u017c, a\u017c po ojc\u00f3w i dziadk\u00f3w. Wszyscy razem, rami\u0119 w rami\u0119, trwali na modlitwie r\u00f3\u017ca\u0144cowej, daj\u0105c \u015bwiadectwo \u017cywej wiary i jedno\u015bci pokole\u0144.<\/div>\n<div dir=\"auto\"><\/div>\n<div dir=\"auto\">Po Mszy \u015awi\u0119tej uczestnicy wyruszyli w procesji r\u00f3\u017ca\u0144cowej, kt\u00f3ra rozpocz\u0119\u0142a si\u0119 w ko\u015bciele parafialnym, a zako\u0144czy\u0142a na placu targowym, przy krzy\u017cu. Tam te\u017c wsp\u00f3lnie od\u015bpiewano Apel Jasnog\u00f3rski, powierzaj\u0105c Maryi wszystkie intencje tego wieczoru.<\/div>\n<div dir=\"auto\"><\/div>\n<div dir=\"auto\">Podczas modlitwy szczeg\u00f3lnie proszono o pok\u00f3j na \u015bwiecie, o opiek\u0119 Bo\u017c\u0105 nad nasz\u0105 Ojczyzn\u0105 oraz o to, aby Chrystus zawsze panowa\u0142 w sercach Polak\u00f3w, a prawo mi\u0142o\u015bci i chrze\u015bcija\u0144skie warto\u015bci nieustannie kszta\u0142towa\u0142y nasz\u0105 codzienno\u015b\u0107.<\/div>\n<div dir=\"auto\"><\/div>\n<div dir=\"auto\">\n<p>To wydarzenie by\u0142o nie tylko pi\u0119knym aktem duchowej jedno\u015bci, ale tak\u017ce mocnym \u015bwiadectwem wiary m\u0119\u017cczyzn naszej parafii. Niech M\u0119ski R\u00f3\u017caniec stanie si\u0119 sta\u0142ym elementem modlitwy i duchowego wzrastania naszej wsp\u00f3lnoty.<\/p>\n<\/div>\n<div dir=\"auto\"><a href=\"?p=18829&amp;preview=true\">GALERIA<\/a><\/div>\n","protected":false},"excerpt":{"rendered":"<p>W pierwsz\u0105 sobot\u0119 miesi\u0105ca w Le\u017cajskiej Farze odby\u0142 si\u0119 comiesi\u0119czny M\u0119ski R\u00f3\u017caniec. To pi\u0119kne nabo\u017ce\u0144stwo zgromadzi\u0142o licznych m\u0119\u017cczyzn z naszej wsp\u00f3lnoty: od kilkuletnich ch\u0142opc\u00f3w, przez m\u0142odzie\u017c, a\u017c po ojc\u00f3w i dziadk\u00f3w. Wszyscy razem, rami\u0119 w rami\u0119, trwali na modlitwie r\u00f3\u017ca\u0144cowej, daj\u0105c \u015bwiadectwo \u017cywej wiary i jedno\u015bci pokole\u0144. Po Mszy \u015awi\u0119tej uczestnicy wyruszyli w procesji r\u00f3\u017ca\u0144cowej, [&hellip;]<\/p>\n","protected":false},"author":9,"featured_media":18817,"comment_status":"closed","ping_status":"open","sticky":false,"template":"","format":"standard","meta":[],"categories":[4],"tags":[],"_links":{"self":[{"href":"https:\/\/lezajsk.przemyska.pl\/index.php?rest_route=\/wp\/v2\/posts\/18825"}],"collection":[{"href":"https:\/\/lezajsk.przemyska.pl\/index.php?rest_route=\/wp\/v2\/posts"}],"about":[{"href":"https:\/\/lezajsk.przemyska.pl\/index.php?rest_route=\/wp\/v2\/types\/post"}],"author":[{"embeddable":true,"href":"https:\/\/lezajsk.przemyska.pl\/index.php?rest_route=\/wp\/v2\/users\/9"}],"replies":[{"embeddable":true,"href":"https:\/\/lezajsk.przemyska.pl\/index.php?rest_route=%2Fwp%2Fv2%2Fcomments&post=18825"}],"version-history":[{"count":4,"href":"https:\/\/lezajsk.przemyska.pl\/index.php?rest_route=\/wp\/v2\/posts\/18825\/revisions"}],"predecessor-version":[{"id":18830,"href":"https:\/\/lezajsk.przemyska.pl\/index.php?rest_route=\/wp\/v2\/posts\/18825\/revisions\/18830"}],"wp:featuredmedia":[{"embeddable":true,"href":"https:\/\/lezajsk.przemyska.pl\/index.php?rest_route=\/wp\/v2\/media\/18817"}],"wp:attachment":[{"href":"https:\/\/lezajsk.przemyska.pl\/index.php?rest_route=%2Fwp%2Fv2%2Fmedia&parent=18825"}],"wp:term":[{"taxonomy":"category","embeddable":true,"href":"https:\/\/lezajsk.przemyska.pl\/index.php?rest_route=%2Fwp%2Fv2%2Fcategories&post=18825"},{"taxonomy":"post_tag","embeddable":true,"href":"https:\/\/lezajsk.przemyska.pl\/index.php?rest_route=%2Fwp%2Fv2%2Ftags&post=18825"}],"curies":[{"name":"wp","href":"https:\/\/api.w.org\/{rel}","templated":true}]}}