
{"id":18790,"date":"2025-06-14T22:14:17","date_gmt":"2025-06-14T20:14:17","guid":{"rendered":"https:\/\/lezajsk.przemyska.pl\/?p=18790"},"modified":"2025-06-14T22:14:17","modified_gmt":"2025-06-14T20:14:17","slug":"uroczystosc-trojcy-przenajswietszej-15-06-2025-r","status":"publish","type":"post","link":"https:\/\/lezajsk.przemyska.pl\/?p=18790","title":{"rendered":"Uroczysto\u015b\u0107 Tr\u00f3jcy Przenaj\u015bwi\u0119tszej &#8211; 15.06.2025 r."},"content":{"rendered":"<ol>\n<li>Dzi\u015b w naszej parafii dzie\u0144 <strong>Odpust Parafialnego ku czci Tr\u00f3jcy Przenaj\u015bwi\u0119tszej<\/strong>. Suma odpustowa zostanie odprawiona o <strong> 11.30 i b\u0119dzie to zarazem Msza \u015bw. prymicyjna ks. Paw\u0142a Kozio\u0142a<\/strong> a S\u0142owo Bo\u017ce wyg\u0142osi, nasz rodak <strong>ks. Pawe\u0142 Mendyk<\/strong>, kt\u00f3remu za t\u0119 dzisiejsz\u0105, ca\u0142odzienn\u0105 pos\u0142ug\u0119 z\u00a0ca\u0142ego serca dzi\u0119kujemy. Niech B\u00f3g Ojciec, Syn Bo\u017cy i\u00a0Duch \u015awi\u0119ty, darzy swoim b\u0142ogos\u0142awie\u0144stwem tak\u017ce wszystkich parafian i go\u015bci. Pami\u0119tajmy te\u017c, \u017ce przyjmuj\u0105c dzi\u015b Komuni\u0119 \u015bw. zyskujemy <strong>odpust zupe\u0142ny<\/strong>, kt\u00f3ry mo\u017cemy ofiarowa\u0107 zar\u00f3wno za siebie jak i\u00a0za zmar\u0142ych. Warunkiem jest stan \u0142aski u\u015bwi\u0119caj\u0105cej, wyzbycie si\u0119 przywi\u0105zania do jakiegokolwiek grzechu i odm\u00f3wienie modlitwy Ojcze nasz i\u00a0Wierz\u0119 w\u00a0Boga Ojca.<\/li>\n<li>Dzi\u015b zapraszamy jeszcze na <strong>nabo\u017ce\u0144stwo ku czci NSPJ o godz. 17.30<\/strong>.<\/li>\n<li>We wtorek <strong>nowenna do \u015aw. J\u00f3zefa \u2013 Oblubie\u0144ca NMP<\/strong>. Podzi\u0119kowania i\u00a0pro\u015bby mo\u017cna sk\u0142ada\u0107 bezpo\u015brednio przed nabo\u017ce\u0144stwem na o\u0142tarzu Matki Bo\u017cej.<\/li>\n<li><strong>W czwartek 19 czerwca<\/strong> <strong>Uroczysto\u015b\u0107 Naj\u015bwi\u0119tszego Cia\u0142a i Krwi Pa\u0144skiej<\/strong>, <strong>czyli Bo\u017ce Cia\u0142o.<\/strong> <strong><u>Msze \u015bw. w ko\u015bciele Farnym o godz. 7.00, 8.30 i 10.00, popo\u0142udniu o\u00a0godz. 16.00 i\u00a018.00 oraz bezpo\u015brednio po zako\u0144czeniu procesji<\/u><\/strong> dla tych, kt\u00f3rzy nie uczestniczyli we Mszy \u015bw. rozpoczynaj\u0105cej nabo\u017ce\u0144stwo. W tym roku, uroczysto\u015bci Bo\u017cego Cia\u0142a z\u00a0procesj\u0105 Eucharystyczn\u0105 rozpoczn\u0105 si\u0119 w Bazylice OO. Bernardyn\u00f3w, Msz\u0105 \u015bw. o godz. 9.30. Po Mszy \u015bw. wyruszymy z procesj\u0105 do czterech o\u0142tarzy ca\u0142y czas ul. Mickiewicza a\u017c do naszej Fary. Prosimy o przygotowanie 2\u00a0o\u0142tarzy: III O\u0142tarz, na wysoko\u015bci MCK \u2013 Akcja Katolicka i\u00a0Bracia z R\u00f3\u017c M\u0119skich oraz IV przy naszym o\u0142tarzu polowym \u2013 Stra\u017c Honorowa NSPJ wesp\u00f3\u0142 z Bractwem Szkaplerza \u015awi\u0119tego. Zapraszamy wszystkich do jak najliczniejszego udzia\u0142u w tym wyj\u0105tkowym nabo\u017ce\u0144stwie, pami\u0119taj\u0105c, \u017ce udzia\u0142 w\u00a0procesji nie zwalnia nas z\u00a0obowi\u0105zku uczestniczenia we Mszy \u015bw. Dzieci w\u00a0strojach komunijnych jak i\u00a0m\u0142odsze zapraszamy do sypania kwiat\u00f3w i dzwonienia zar\u00f3wno w Bo\u017ce Cia\u0142o jak i\u00a0przez ca\u0142\u0105 oktaw\u0119.<\/li>\n<li>W pi\u0105tek po Bo\u017cym Ciele (20.06), na terenie Archidiecezji Przemyskiej, <strong>nie obowi\u0105zuje wstrzemi\u0119\u017aliwo\u015b\u0107 od pokarm\u00f3w mi\u0119snych<\/strong> na mocy og\u00f3lnej dyspensy udzielonej przez naszego Arcybiskupa Adama Szala, kt\u00f3ry jednocze\u015bnie zobowi\u0105zuje korzystaj\u0105cych z\u00a0dyspensy do z\u0142o\u017cenia ofiary na Caritas b\u0105d\u017a misje.<\/li>\n<li>W najbli\u017csz\u0105 sobot\u0119 w imieniu <strong> Bpa Krzysztofa Chudzio<\/strong> zapraszamy na <strong>Jubileuszow\u0105 Pielgrzymk\u0119 Rodzic\u00f3w<\/strong> (do 50 roku \u017cycia), kt\u00f3ra w ramach Roku Jubileuszowego odb\u0119dzie si\u0119 <strong>do Bazyliki OO. Bernardyn\u00f3w<\/strong>, pocz\u0105tek o godz. 10.00. To spotkanie wype\u0142ni\u0105 trzy elementy; konferencja tematyczna, nabo\u017ce\u0144stwo ekspiacyjne za b\u0142\u0119dy i\u00a0zaniedbania rodzicielskich obowi\u0105zk\u00f3w wraz z modlitw\u0105 wstawiennicz\u0105 za dzieci oraz Msza \u015bw. jubileuszowa po\u0142\u0105czona z odpustem. Jeszcze raz wszystkich m\u0142odych rodzic\u00f3w serdecznie zapraszamy.<\/li>\n<li>Za tydzie\u0144 w niedziel\u0119 <strong>22 czerwca, na Mszy \u015bw. o godz. 11.30<\/strong>, nasi rodacy\u00a0<strong>Tadeusz Dec<\/strong> \u2013 proboszcz w Jedliczu, <strong>ks. Zbigniew Sroka<\/strong> \u2013 proboszcz w W\u00f3lce Grodziskiej i <strong>ks. Wojciech Wi\u0119c\u0142aw \u2013 Pallotyn<\/strong>, prze\u0142o\u017cony domu w Cz\u0119stochowie, b\u0119d\u0105 \u015bwi\u0119towali sw\u00f3j\u00a0<strong>Srebrny Jubileusz Kap\u0142a\u0144stwa<\/strong>. W imieniu Jubilat\u00f3w serdecznie wszystkich zapraszamy do wsp\u00f3lnej modlitwy i dzi\u0119kczynienia Bogu za dar kap\u0142a\u0144stwa.<\/li>\n<li><strong>Grupa b\u0142. Marii Led\u00f3chowskiej<\/strong> zaprasza wszystkich ch\u0119tnych do udzia\u0142u w <strong>45 Przemyskiej Pieszej Pielgrzymce na Jasna G\u00f3r\u0119<\/strong>. Zapisy droga internetowa lub bezpo\u015brednio u przewodnika. Wszystkie informacje potrzebne do zapis\u00f3w na plakacie. Serdecznie zapraszamy.<\/li>\n<li>Wszystkich ludzi dobrej woli a <strong>zw\u0142aszcza Rodzic\u00f3w<\/strong>, zatroskanych o formacj\u0119 religijn\u0105 dzieci i m\u0142odzie\u017cy w dalszym ci\u0105gu prosimy o z\u0142o\u017cenie podpis\u00f3w pod inicjatyw\u0105 ustawodawcz\u0105: <strong>\u201eTak dla religii i etyki w szkole!\u201d<\/strong>, maj\u0105c\u0105 na celu zatrzymanie krzywdz\u0105cych decyzji Rz\u0105du odno\u015bnie do lekcji religii w szkole. Potrzebny jest do tego numeru PESEL, kt\u00f3ry nie zostanie wykorzystany do \u017cadnych innych dzia\u0142a\u0144. Projekt ustawy wprowadza obok lekcji religii, r\u00f3wnie\u017c zaj\u0119cia z etyki dla uczni\u00f3w nie korzystaj\u0105cych z katechezy szkolnej, zapobiega umieszczaniu religii jedynie na ko\u0144cu zaj\u0119\u0107 i w m\u0105dry spos\u00f3b ustawia ich organizacj\u0119. Listy poparcia s\u0105 dost\u0119pne w Siewcy.<\/li>\n<li><strong>W Siewcy<\/strong> przed po\u0142udniem do nabycia prasa i publikacje katolickie.<\/li>\n<\/ol>\n<p><strong><u>Intencje zbiorowe: <\/u><\/strong><\/p>\n<ul>\n<li>Za \u015bp. J\u00f3zefa Chmur\u0119 \u2013 intencja od s\u0105siad\u00f3w z klatki, dyrekcji i pracownik\u00f3w Rejonu Energetycznego w Le\u017cajsku \u2013 poniedzia\u0142ek, wtorek i pi\u0105tek, godz. 6.30.<\/li>\n<li>W intencji nowennowych pr\u00f3\u015bb i podzi\u0119kowa\u0144 do MB Pocieszenia \u2013 \u015broda, godz. 18.00.<\/li>\n<li>Dzi\u0119kczynna za dar Eucharystii \u2013 intencja od Stra\u017cy Honorowej NSPJ \u2013 czwartek, godz. 9.30 w\u00a0klasztorze.<\/li>\n<li>Za \u015bp. Halin\u0119 Simko \u2013 intencja od s\u0105siad\u00f3w z klatki \u2013 czwartek, godz. 16.00.<\/li>\n<li>W intencji<\/li>\n<li>Dzi\u0119kczynna za dar pielgrzymowania do Haczowa \u2013 intencja od cz\u0142onk\u00f3w R\u00f3\u017c \u017bywego R\u00f3\u017ca\u0144ca \u2013 sobota, godz. 7.00.<\/li>\n<\/ul>\n<p>W ostatnim tygodniu odeszli od nas do wieczno\u015bci <strong>\u015bp. Ryszard Pietrzyk<\/strong> z ul. Braci \u015aniadeckich i <strong>Daniela Klimek<\/strong> z ul. Ko\u0142\u0142\u0105taja, zam. ostatnio w Krakowie \u2013 wieczny odpoczynek\u2026<\/p>\n","protected":false},"excerpt":{"rendered":"<p>Dzi\u015b w naszej parafii dzie\u0144 Odpust Parafialnego ku czci Tr\u00f3jcy Przenaj\u015bwi\u0119tszej. Suma odpustowa zostanie odprawiona o 11.30 i b\u0119dzie to zarazem Msza \u015bw. prymicyjna ks. Paw\u0142a Kozio\u0142a a S\u0142owo Bo\u017ce wyg\u0142osi, nasz rodak ks. Pawe\u0142 Mendyk, kt\u00f3remu za t\u0119 dzisiejsz\u0105, ca\u0142odzienn\u0105 pos\u0142ug\u0119 z\u00a0ca\u0142ego serca dzi\u0119kujemy. Niech B\u00f3g Ojciec, Syn Bo\u017cy i\u00a0Duch \u015awi\u0119ty, darzy swoim b\u0142ogos\u0142awie\u0144stwem [&hellip;]<\/p>\n","protected":false},"author":4,"featured_media":0,"comment_status":"closed","ping_status":"open","sticky":false,"template":"","format":"standard","meta":[],"categories":[5],"tags":[],"_links":{"self":[{"href":"https:\/\/lezajsk.przemyska.pl\/index.php?rest_route=\/wp\/v2\/posts\/18790"}],"collection":[{"href":"https:\/\/lezajsk.przemyska.pl\/index.php?rest_route=\/wp\/v2\/posts"}],"about":[{"href":"https:\/\/lezajsk.przemyska.pl\/index.php?rest_route=\/wp\/v2\/types\/post"}],"author":[{"embeddable":true,"href":"https:\/\/lezajsk.przemyska.pl\/index.php?rest_route=\/wp\/v2\/users\/4"}],"replies":[{"embeddable":true,"href":"https:\/\/lezajsk.przemyska.pl\/index.php?rest_route=%2Fwp%2Fv2%2Fcomments&post=18790"}],"version-history":[{"count":1,"href":"https:\/\/lezajsk.przemyska.pl\/index.php?rest_route=\/wp\/v2\/posts\/18790\/revisions"}],"predecessor-version":[{"id":18791,"href":"https:\/\/lezajsk.przemyska.pl\/index.php?rest_route=\/wp\/v2\/posts\/18790\/revisions\/18791"}],"wp:attachment":[{"href":"https:\/\/lezajsk.przemyska.pl\/index.php?rest_route=%2Fwp%2Fv2%2Fmedia&parent=18790"}],"wp:term":[{"taxonomy":"category","embeddable":true,"href":"https:\/\/lezajsk.przemyska.pl\/index.php?rest_route=%2Fwp%2Fv2%2Fcategories&post=18790"},{"taxonomy":"post_tag","embeddable":true,"href":"https:\/\/lezajsk.przemyska.pl\/index.php?rest_route=%2Fwp%2Fv2%2Ftags&post=18790"}],"curies":[{"name":"wp","href":"https:\/\/api.w.org\/{rel}","templated":true}]}}