
{"id":1876,"date":"2017-04-29T20:18:54","date_gmt":"2017-04-29T18:18:54","guid":{"rendered":"http:\/\/lezajsk.przemyska.pl\/?p=1876"},"modified":"2017-04-29T21:38:24","modified_gmt":"2017-04-29T19:38:24","slug":"iii-niedziela-wielkanocna-30-04-2017-r","status":"publish","type":"post","link":"https:\/\/lezajsk.przemyska.pl\/?p=1876","title":{"rendered":"III Niedziela wielkanocna (30.04.2017 r.)"},"content":{"rendered":"<ol>\n<li>Dzisiejsza niedziela rozpoczyna <strong>Og\u00f3lnopolski Tydzie\u0144 Biblijny a tak\u017ce Pierwszy Narodowy Dzie\u0144 Czytania Pisma \u015awi\u0119tego.<\/strong> Przy wyj\u015bciu z ko\u015bcio\u0142a odbierzmy karteczk\u0119 z\u00a0propozycj\u0105 konkretnego fragmentu Pisma \u015awi\u0119tego, kt\u00f3ry odnaleziony i\u00a0przeczytany stanie si\u0119 dla nas wszystkich \u017ar\u00f3d\u0142em osobistej refleksji nad S\u0142owem Bo\u017cym. Z okazji rozpocz\u0119cia Tygodnia Biblijnego dzi\u015b <strong>o godz. 17.30 specjalne Nabo\u017ce\u0144stwo S\u0142owa Bo\u017cego<\/strong> z adoracj\u0105 Naj\u015bwi\u0119tszego Sakramentu i osobistym aktem wiary, nadziei i\u00a0mi\u0142o\u015bci.<\/li>\n<li>Tak\u017ce dzi\u015b po Mszy \u015bw. wieczornej o godz. 19.00 zapowiadany koncert pie\u015bni maryjnych i\u00a0patriotycznych w wykonaniu <strong> Ma\u0142gorzaty Kellis<\/strong>, znanej polsko-ameryka\u0144skiej \u015bpiewaczki i towarzysz\u0105cych jej muzyk\u00f3w. Serdecznie zapraszamy a szczeg\u00f3\u0142y na tablicy og\u0142osze\u0144.<\/li>\n<li>Jutro <strong>rozpoczynamy miesi\u0105c maj<\/strong> a wraz z nim nabo\u017ce\u0144stwa majowe. W ci\u0105gu tygodnia nabo\u017ce\u0144stwa b\u0119d\u0105 si\u0119 rozpoczyna\u0107 o godz. 18.00, litani\u0105 do MB a po niej Msza \u015bw. wieczorna. W niedziele i uroczysto\u015bci \u201emaj\u00f3wk\u0119\u201d b\u0119dziemy odprawia\u0107 o\u00a0godz. 17.30. Liczny udzia\u0142 w tych\u017ce nabo\u017ce\u0144stwach niech b\u0119dzie wyrazem naszej czci i szacunku do Matki Naj\u015bwi\u0119tszej.<\/li>\n<li>W \u015brod\u0119 3 Maja <strong>Uroczysto\u015b\u0107 MB Kr\u00f3lowej Polski<\/strong>. Msze \u015bw. i nabo\u017ce\u0144stwo tak jak w\u00a0ka\u017cd\u0105 niedziel\u0119. <strong>Msza \u015bw. o\u00a0godz. 11.30<\/strong> <strong>w\u00a0intencji naszej Ojczyzny,<\/strong> b\u0119dzie po\u0142\u0105czona z miejskimi obchodami z okazji rocznicy <strong>Uchwalenia Konstytucji 3 Maja<\/strong>. Po Mszy \u015bw. kr\u00f3tki program s\u0142owno-muzyczny.<\/li>\n<li>W tym tygodniu przypada <strong>I czwartek<\/strong>, <strong>I pi\u0105tek i I sobota miesi\u0105ca<\/strong>. Spowied\u017a w pi\u0105tek od godz. 17.00.<\/li>\n<li><strong>Odwiedziny chorych<\/strong>, tym razem wyj\u0105tkowo ze wzgl\u0119du na nieobecno\u015b\u0107 dw\u00f3ch ksi\u0119\u017cy i szkolne obowi\u0105zki, wyj\u0105tkowo <strong>nie w pi\u0105tek ale w sobot\u0119<\/strong>, tak\u017ce od godz. 9.00. Rodziny i s\u0105siad\u00f3w, prosimy aby poinformowali chorych o zaistnia\u0142ej zmiennie.<\/li>\n<li>Wieczorna <strong>adoracja Naj\u015bwi\u0119tszego Sakramentu<\/strong> tym razem <strong>tylko w pi\u0105tek<\/strong> do godz. 20.00. Czwartkowej adoracji nie b\u0119dzie ze wzgl\u0119du na pr\u00f3b\u0119 dzieci pierwszo-komunijnych.<\/li>\n<li>Tak\u017ce w pi\u0105tek przypada \u015bwi\u0119to <strong>Rocznicy Po\u015bwi\u0119cenia Bazyliki Archikatedralnej w\u00a0Przemy\u015blu<\/strong> a w sobot\u0119 <strong>\u015bwi\u0119tych aposto\u0142\u00f3w Filipa i Jakuba<\/strong>.<\/li>\n<li>W sobot\u0119 na godz. 17.00 zapraszamy wszystkich czcicieli Matki Bo\u017cej na kolejne <strong>nabo\u017ce\u0144stwo I soboty<\/strong>, wynagradzaj\u0105ce Niepokalanemu Sercu NMP, po\u0142\u0105czone z\u00a0modlitw\u0105 r\u00f3\u017ca\u0144cow\u0105.<\/li>\n<li>Za tydzie\u0144 w niedziel\u0119 <strong>7 maja<\/strong>, na Mszach \u015bw. o godz. 10.00 i 12.00, b\u0119dziemy prze\u017cywa\u0107 <strong>uroczysto\u015b\u0107 I Komunii \u015bwi\u0119tej dzieci z klas III<\/strong>. St\u0105d pro\u015bba do nas wszystkich, aby w\u00a0przysz\u0142\u0105 niedziel\u0119 w miar\u0119 mo\u017cliwo\u015bci, wybra\u0107 inne Msze \u015bw. a\u00a0miejsca w ko\u015bciele o tych w\u0142a\u015bnie godzinach, pozostawi\u0107 dla dzieci i ich bliskich.<\/li>\n<li><strong>Spowied\u017a \u015bw. dla dzieci<\/strong> <strong>komunijnych<\/strong> jak i ich rodzin w sobot\u0119 od godz. 16.00.<\/li>\n<li><strong>Zmiana tajemnic r\u00f3\u017ca\u0144cowych<\/strong> w I niedziel\u0119 miesi\u0105ca ze wzgl\u0119du na I Komuni\u0119 dzieci, b\u0119dzie tym razem odpowiednio o godz. 7.00 dla R\u00f3\u017c, kt\u00f3re mia\u0142y swoj\u0105 zmian\u0119 o godz. 8.30 i 8.30 dla tych, kt\u00f3re mia\u0142y j\u0105 zawsze\u00a0o godz. 10.00.<\/li>\n<li>Najbli\u017csza niedziela jest <strong>Niedziel\u0105 Dobrego Pasterza<\/strong> i rozpocznie <strong>Tydzie\u0144 Modlitw o\u00a0powo\u0142ania kap\u0142a\u0144skie i zakonne.<\/strong><\/li>\n<li>W <strong>Siewcy<\/strong> do nabycia prasa i publikacje katolickie a z r\u0105k ministrant\u00f3w kolejny darmowy numer <strong>Dobrych Nowin<\/strong>.<\/li>\n<li>Redakcja \u201eNiedzieli Przemyskiej ju\u017c po raz pi\u0105ty organizuje autokarow\u0105 <strong>pielgrzymk\u0119 do Sanktuari\u00f3w Europy<\/strong>. Szczeg\u00f3\u0142y i kontakt do organizatora, kt\u00f3rym jest nasz rodak ks. Tadeusz Dec, na tablicy og\u0142osze\u0144.<\/li>\n<li><strong>Zaproszenia: Starostwo Powiatowe w Le\u017cajsku<\/strong> zaprasza na <strong>Dni Powiatu Le\u017cajskiego<\/strong> <strong>w\u00a0dniach 6-7 maja<\/strong>. W ramach tych\u017ce obchod\u00f3w w Bazylice OO. Bernardyn\u00f3w w niedziel\u0119 b\u0119dzie odprawiona Msza \u015bw. w intencji samorz\u0105du o godz. 15.30 za\u015b o godz. 17.00 w\u00a0MCK-u rozpocznie si\u0119 Powiatowy Przegl\u0105d Zespo\u0142\u00f3w Artystycznych. Szczeg\u00f3\u0142y na tablicy og\u0142osze\u0144.<\/li>\n<\/ol>\n<p><strong><u>Intencje zbiorowe: <\/u><\/strong><\/p>\n<ul>\n<li>Msze gregoria\u0144skie za \u015bp. Kazimier\u0119 St\u0119pie\u0144, pocz\u0105tek &#8211; poniedzia\u0142ek, godz. 6.30.<\/li>\n<li>Msze gregoria\u0144skie za \u015bp. Balbin\u0119 Majkut, pocz\u0105tek &#8211; poniedzia\u0142ek, godz. 7.30.<\/li>\n<li>Msze gregoria\u0144skie za \u015bp. Daniel\u0119 Koc\u00f3j, pocz\u0105tek &#8211; poniedzia\u0142ek, godz. 18.00 (b\u0119dzie odprawiana poza parafi\u0105).<\/li>\n<li>Za \u015bp. Leokadi\u0119 Krawczyk \u2013 intencja od pracownik\u00f3w kot\u0142owni w Le\u017cajsku \u2013 poniedzia\u0142ek, wtorek i sobota, godz. 7.00.<\/li>\n<li>Z R\u00f3\u017cy \u015bw. Urszuli Led\u00f3chowskiej \u2013 wtorek, godz. 18.00.<\/li>\n<li>Z intencji Bractwa Szkaplerza \u015awi\u0119tego \u2013 \u015broda, godz. 10.00 i sobota, godz. 18.00.<\/li>\n<li>W intencji Ojczyzny \u2013 \u015broda, godz. 11.30.<\/li>\n<li>Z R\u00f3\u017cy \u015bw. o. Pio \u2013 \u015broda, godz. 16.00.<\/li>\n<li>W intencji nowennowych pr\u00f3\u015bb i podzi\u0119kowa\u0144 do MB Pocieszenia \u2013 \u015broda, godz. 18.00.<\/li>\n<li>Z intencji Stra\u017cy Honorowej NSPJ \u2013 pi\u0105tek, godz. 18.00.<\/li>\n<li>Z R\u00f3\u017cy MB Wniebowzi\u0119tej \u2013 niedziela, godz. 18.00.<\/li>\n<\/ul>\n<p>W ostatnim tygodniu odeszli od nas do wieczno\u015bci <strong>\u015bp. Adam Bazylewicz<\/strong> z ul. Dolnej, <strong>Barbara Dziwota<\/strong> z ul. Kopernika i <strong>Aleksander Serafin<\/strong> z ul. Sanowej \u00a0\u2013 wieczny odpoczynek \u2026<\/p>\n","protected":false},"excerpt":{"rendered":"<p>Dzisiejsza niedziela rozpoczyna Og\u00f3lnopolski Tydzie\u0144 Biblijny a tak\u017ce Pierwszy Narodowy Dzie\u0144 Czytania Pisma \u015awi\u0119tego. Przy wyj\u015bciu z ko\u015bcio\u0142a odbierzmy karteczk\u0119 z\u00a0propozycj\u0105 konkretnego fragmentu Pisma \u015awi\u0119tego, kt\u00f3ry odnaleziony i\u00a0przeczytany stanie si\u0119 dla nas wszystkich \u017ar\u00f3d\u0142em osobistej refleksji nad S\u0142owem Bo\u017cym. Z okazji rozpocz\u0119cia Tygodnia Biblijnego dzi\u015b o godz. 17.30 specjalne Nabo\u017ce\u0144stwo S\u0142owa Bo\u017cego z adoracj\u0105 Naj\u015bwi\u0119tszego [&hellip;]<\/p>\n","protected":false},"author":4,"featured_media":0,"comment_status":"closed","ping_status":"open","sticky":false,"template":"","format":"standard","meta":[],"categories":[5],"tags":[],"_links":{"self":[{"href":"https:\/\/lezajsk.przemyska.pl\/index.php?rest_route=\/wp\/v2\/posts\/1876"}],"collection":[{"href":"https:\/\/lezajsk.przemyska.pl\/index.php?rest_route=\/wp\/v2\/posts"}],"about":[{"href":"https:\/\/lezajsk.przemyska.pl\/index.php?rest_route=\/wp\/v2\/types\/post"}],"author":[{"embeddable":true,"href":"https:\/\/lezajsk.przemyska.pl\/index.php?rest_route=\/wp\/v2\/users\/4"}],"replies":[{"embeddable":true,"href":"https:\/\/lezajsk.przemyska.pl\/index.php?rest_route=%2Fwp%2Fv2%2Fcomments&post=1876"}],"version-history":[{"count":3,"href":"https:\/\/lezajsk.przemyska.pl\/index.php?rest_route=\/wp\/v2\/posts\/1876\/revisions"}],"predecessor-version":[{"id":1990,"href":"https:\/\/lezajsk.przemyska.pl\/index.php?rest_route=\/wp\/v2\/posts\/1876\/revisions\/1990"}],"wp:attachment":[{"href":"https:\/\/lezajsk.przemyska.pl\/index.php?rest_route=%2Fwp%2Fv2%2Fmedia&parent=1876"}],"wp:term":[{"taxonomy":"category","embeddable":true,"href":"https:\/\/lezajsk.przemyska.pl\/index.php?rest_route=%2Fwp%2Fv2%2Fcategories&post=1876"},{"taxonomy":"post_tag","embeddable":true,"href":"https:\/\/lezajsk.przemyska.pl\/index.php?rest_route=%2Fwp%2Fv2%2Ftags&post=1876"}],"curies":[{"name":"wp","href":"https:\/\/api.w.org\/{rel}","templated":true}]}}