
{"id":18722,"date":"2025-05-17T21:37:52","date_gmt":"2025-05-17T19:37:52","guid":{"rendered":"https:\/\/lezajsk.przemyska.pl\/?p=18722"},"modified":"2025-05-17T22:38:50","modified_gmt":"2025-05-17T20:38:50","slug":"v-niedziela-wielkanocna-18-05-2025-r","status":"publish","type":"post","link":"https:\/\/lezajsk.przemyska.pl\/?p=18722","title":{"rendered":"V Niedziela Wielkanocna 18.05.2025 r."},"content":{"rendered":"<ol>\n<li>Dzi\u015b <strong>nabo\u017ce\u0144stwo majowe o godz. 17.30<\/strong>. W tygodniu nabo\u017ce\u0144stwa rozpoczynaj\u0105 si\u0119 o\u00a0godz. 18.00 <strong>litani\u0105 a po niej <\/strong>Msza \u015bw. wieczorna.<\/li>\n<li>We wtorek <strong>nowenna do \u015aw. J\u00f3zefa \u2013 Oblubie\u0144ca NMP<\/strong>. Podzi\u0119kowania i\u00a0pro\u015bby mo\u017cna sk\u0142ada\u0107 bezpo\u015brednio przed nabo\u017ce\u0144stwem na o\u0142tarzu Matki Bo\u017cej.<\/li>\n<li>W tym tygodniu odb\u0119d\u0105 si\u0119 kolejne <strong>spotkania kandydat\u00f3w do bierzmowania<\/strong>. I tak w\u00a0poniedzia\u0142ek, na godz. 18.00 na maj\u00f3wk\u0119, Msz\u0119 \u015bw. i spotkanie, zapraszamy klasy VI a\u00a0we wtorek klasy VII ze SP nr 1 i 2. Obecno\u015b\u0107 obowi\u0105zkowa.<\/li>\n<li>Z inicjatywy Parafialnego Oddzia\u0142u Akcji Katolickiej, po raz kolejny <strong>chcieliby\u015bmy jako wsp\u00f3lnota parafialna wesprze\u0107 wszystkich kandydat\u00f3w do bierzmowania indywidualn\u0105 modlitw\u0105<\/strong>. I tak wzorem lat minionych, mo\u017cna zabra\u0107 z o\u0142tarzy wy\u0142o\u017cone tam obrazki z\u00a0imieniem konkretnego m\u0142odego kandydata (kandydatki) do bierzmowania i wspiera\u0107 go osobist\u0105 modlitw\u0105 do czasu przyj\u0119cia tego\u017c sakramentu czyli do 14 czerwca br.<\/li>\n<li>Bardzo serdecznie dzi\u0119kujemy <strong> pra\u0142. Piotrowi Baraniewiczowi \u2013 Oficja\u0142owi S\u0105du Metropolitalnego w Przemy\u015blu<\/strong>, za g\u0142oszone dzi\u015b Bo\u017ce S\u0142owo, za wsp\u00f3ln\u0105 modlitw\u0119 i\u00a0\u015bwiadczon\u0105 nam pomoc i oczywi\u015bcie zapraszamy ponownie.<\/li>\n<li><strong>W Siewcy<\/strong> przed po\u0142udniem do nabycia prasa i publikacje katolickie.<\/li>\n<\/ol>\n<p><strong><u>Intencje zbiorowe: <\/u><\/strong><\/p>\n<ul>\n<li>W intencji nowennowych pr\u00f3\u015bb i podzi\u0119kowa\u0144 do MB Pocieszenia \u2013 \u015broda, godz. 18.00.<\/li>\n<li>Za \u015bp. Teres\u0119 Lotz \u2013 intencja od s\u0105siad\u00f3w z klatki \u2013 czwartek, godz. 6.30.<\/li>\n<li>Za \u015bp. Tadeusza Dud\u0119 \u2013 intencja od kole\u017canek i koleg\u00f3w syna Bogdana z Hortino \u2013 pi\u0105tek, godz. 6.30.<\/li>\n<\/ul>\n<p>W ostatnim tygodniu odesz\u0142a od nas do wieczno\u015bci <strong>\u015bp. Zofia Makuli\u0144ska<\/strong> z ul. Braci \u015aniadeckich \u2013 wieczny odpoczynek\u2026<\/p>\n","protected":false},"excerpt":{"rendered":"<p>Dzi\u015b nabo\u017ce\u0144stwo majowe o godz. 17.30. W tygodniu nabo\u017ce\u0144stwa rozpoczynaj\u0105 si\u0119 o\u00a0godz. 18.00 litani\u0105 a po niej Msza \u015bw. wieczorna. We wtorek nowenna do \u015aw. J\u00f3zefa \u2013 Oblubie\u0144ca NMP. Podzi\u0119kowania i\u00a0pro\u015bby mo\u017cna sk\u0142ada\u0107 bezpo\u015brednio przed nabo\u017ce\u0144stwem na o\u0142tarzu Matki Bo\u017cej. W tym tygodniu odb\u0119d\u0105 si\u0119 kolejne spotkania kandydat\u00f3w do bierzmowania. I tak w\u00a0poniedzia\u0142ek, na godz. [&hellip;]<\/p>\n","protected":false},"author":9,"featured_media":0,"comment_status":"closed","ping_status":"open","sticky":false,"template":"","format":"standard","meta":[],"categories":[5],"tags":[],"_links":{"self":[{"href":"https:\/\/lezajsk.przemyska.pl\/index.php?rest_route=\/wp\/v2\/posts\/18722"}],"collection":[{"href":"https:\/\/lezajsk.przemyska.pl\/index.php?rest_route=\/wp\/v2\/posts"}],"about":[{"href":"https:\/\/lezajsk.przemyska.pl\/index.php?rest_route=\/wp\/v2\/types\/post"}],"author":[{"embeddable":true,"href":"https:\/\/lezajsk.przemyska.pl\/index.php?rest_route=\/wp\/v2\/users\/9"}],"replies":[{"embeddable":true,"href":"https:\/\/lezajsk.przemyska.pl\/index.php?rest_route=%2Fwp%2Fv2%2Fcomments&post=18722"}],"version-history":[{"count":2,"href":"https:\/\/lezajsk.przemyska.pl\/index.php?rest_route=\/wp\/v2\/posts\/18722\/revisions"}],"predecessor-version":[{"id":18724,"href":"https:\/\/lezajsk.przemyska.pl\/index.php?rest_route=\/wp\/v2\/posts\/18722\/revisions\/18724"}],"wp:attachment":[{"href":"https:\/\/lezajsk.przemyska.pl\/index.php?rest_route=%2Fwp%2Fv2%2Fmedia&parent=18722"}],"wp:term":[{"taxonomy":"category","embeddable":true,"href":"https:\/\/lezajsk.przemyska.pl\/index.php?rest_route=%2Fwp%2Fv2%2Fcategories&post=18722"},{"taxonomy":"post_tag","embeddable":true,"href":"https:\/\/lezajsk.przemyska.pl\/index.php?rest_route=%2Fwp%2Fv2%2Ftags&post=18722"}],"curies":[{"name":"wp","href":"https:\/\/api.w.org\/{rel}","templated":true}]}}