
{"id":18710,"date":"2025-05-12T21:50:22","date_gmt":"2025-05-12T19:50:22","guid":{"rendered":"https:\/\/lezajsk.przemyska.pl\/?p=18710"},"modified":"2025-05-13T21:58:29","modified_gmt":"2025-05-13T19:58:29","slug":"rocznica-pierwszej-komunii-swietej","status":"publish","type":"post","link":"https:\/\/lezajsk.przemyska.pl\/?p=18710","title":{"rendered":"Rocznica Pierwszej Komunii \u015awi\u0119tej"},"content":{"rendered":"<p class=\"\" data-start=\"51\" data-end=\"292\">W niedziel\u0119 w le\u017cajskiej farze odby\u0142a si\u0119 uroczysta Msza \u015awi\u0119ta z okazji rocznicy Pierwszej Komunii \u015awi\u0119tej. Wydarzenie zgromadzi\u0142o dzieci, ich rodziny oraz parafian, kt\u00f3rzy wsp\u00f3lnie dzi\u0119kowali Bogu za dar Eucharystii i \u0142ask\u0119 minionego roku.<\/p>\n<p class=\"\" data-start=\"294\" data-end=\"556\">Mszy \u015awi\u0119tej przewodniczy\u0142 ks. Marek Cisek, kt\u00f3ry z wielk\u0105 rado\u015bci\u0105 powita\u0142 dzieci rocznicowe i ich bliskich. Okoliczno\u015bciowe kazanie wyg\u0142osi\u0142 ks. Piotr Ob\u0142aski, przypominaj\u0105c, jak wa\u017cne jest trwanie w przyja\u017ani z Jezusem i regularne uczestnictwo w sakramentach.<\/p>\n<p class=\"\" data-start=\"558\" data-end=\"868\">Podnios\u0142a atmosfera, pi\u0119kna oprawa liturgiczna i wsp\u00f3lny \u015bpiew uczyni\u0142y t\u0119 Msz\u0119 \u015awi\u0119t\u0105 szczeg\u00f3lnym duchowym prze\u017cyciem dla wszystkich uczestnik\u00f3w. Dzieci, ubrane na bia\u0142o z wdzi\u0119czno\u015bci\u0105 wspomina\u0142y dzie\u0144, w kt\u00f3rym po raz pierwszy przyj\u0119\u0142y Pana Jezusa do swojego serca.<\/p>\n","protected":false},"excerpt":{"rendered":"<p>W niedziel\u0119 w le\u017cajskiej farze odby\u0142a si\u0119 uroczysta Msza \u015awi\u0119ta z okazji rocznicy Pierwszej Komunii \u015awi\u0119tej. Wydarzenie zgromadzi\u0142o dzieci, ich rodziny oraz parafian, kt\u00f3rzy wsp\u00f3lnie dzi\u0119kowali Bogu za dar Eucharystii i \u0142ask\u0119 minionego roku. Mszy \u015awi\u0119tej przewodniczy\u0142 ks. Marek Cisek, kt\u00f3ry z wielk\u0105 rado\u015bci\u0105 powita\u0142 dzieci rocznicowe i ich bliskich. Okoliczno\u015bciowe kazanie wyg\u0142osi\u0142 ks. Piotr [&hellip;]<\/p>\n","protected":false},"author":9,"featured_media":18705,"comment_status":"closed","ping_status":"open","sticky":false,"template":"","format":"standard","meta":[],"categories":[4],"tags":[],"_links":{"self":[{"href":"https:\/\/lezajsk.przemyska.pl\/index.php?rest_route=\/wp\/v2\/posts\/18710"}],"collection":[{"href":"https:\/\/lezajsk.przemyska.pl\/index.php?rest_route=\/wp\/v2\/posts"}],"about":[{"href":"https:\/\/lezajsk.przemyska.pl\/index.php?rest_route=\/wp\/v2\/types\/post"}],"author":[{"embeddable":true,"href":"https:\/\/lezajsk.przemyska.pl\/index.php?rest_route=\/wp\/v2\/users\/9"}],"replies":[{"embeddable":true,"href":"https:\/\/lezajsk.przemyska.pl\/index.php?rest_route=%2Fwp%2Fv2%2Fcomments&post=18710"}],"version-history":[{"count":1,"href":"https:\/\/lezajsk.przemyska.pl\/index.php?rest_route=\/wp\/v2\/posts\/18710\/revisions"}],"predecessor-version":[{"id":18711,"href":"https:\/\/lezajsk.przemyska.pl\/index.php?rest_route=\/wp\/v2\/posts\/18710\/revisions\/18711"}],"wp:featuredmedia":[{"embeddable":true,"href":"https:\/\/lezajsk.przemyska.pl\/index.php?rest_route=\/wp\/v2\/media\/18705"}],"wp:attachment":[{"href":"https:\/\/lezajsk.przemyska.pl\/index.php?rest_route=%2Fwp%2Fv2%2Fmedia&parent=18710"}],"wp:term":[{"taxonomy":"category","embeddable":true,"href":"https:\/\/lezajsk.przemyska.pl\/index.php?rest_route=%2Fwp%2Fv2%2Fcategories&post=18710"},{"taxonomy":"post_tag","embeddable":true,"href":"https:\/\/lezajsk.przemyska.pl\/index.php?rest_route=%2Fwp%2Fv2%2Ftags&post=18710"}],"curies":[{"name":"wp","href":"https:\/\/api.w.org\/{rel}","templated":true}]}}