
{"id":18661,"date":"2025-05-13T21:26:58","date_gmt":"2025-05-13T19:26:58","guid":{"rendered":"https:\/\/lezajsk.przemyska.pl\/?p=18661"},"modified":"2025-05-13T21:59:58","modified_gmt":"2025-05-13T19:59:58","slug":"nabozenstwo-fatimskie-7","status":"publish","type":"post","link":"https:\/\/lezajsk.przemyska.pl\/?p=18661","title":{"rendered":"Nabo\u017ce\u0144stwo Fatimskie"},"content":{"rendered":"<p class=\"\" data-start=\"138\" data-end=\"374\">We wtorek, 13 maja, w naszej parafii odby\u0142o si\u0119 uroczyste Nabo\u017ce\u0144stwo Fatimskie. Po wieczornej Mszy \u015awi\u0119tej, kt\u00f3rej przewodniczy\u0142 ksi\u0105dz proboszcz, wierni zgromadzili si\u0119 licznie, by wsp\u00f3lnie uczci\u0107 rocznic\u0119 objawie\u0144 Matki Bo\u017cej w Fatimie.<\/p>\n<p class=\"\" data-start=\"376\" data-end=\"688\">Nabo\u017ce\u0144stwo rozpocz\u0119\u0142a procesja fatimska, kt\u00f3ra wok\u00f3\u0142 le\u017cajskiej Fary. W szczeg\u00f3lny spos\u00f3b zaanga\u017cowane by\u0142y dzieci komunijne i pierwszokomunijne. To one czyta\u0142y rozwa\u017cania tajemnic r\u00f3\u017ca\u0144cowych, prowadzi\u0142y wsp\u00f3ln\u0105 modlitw\u0119 oraz nios\u0142y relikwie b\u0142ogos\u0142awionych Dzieci Fatimskich \u2013 Hiacynty i Franciszka.<\/p>\n<p class=\"\" data-start=\"690\" data-end=\"969\">By\u0142 to wyj\u0105tkowy czas modlitwy, skupienia i wsp\u00f3lnoty, a obecno\u015b\u0107 dzieci doda\u0142a nabo\u017ce\u0144stwu szczeg\u00f3lnej atmosfery.<\/p>\n<p class=\"\" data-start=\"690\" data-end=\"969\">Dzi\u0119kujemy wszystkim za udzia\u0142 i zapraszamy na kolejne nabo\u017ce\u0144stwa fatimskie, kt\u00f3re b\u0119d\u0105 odbywa\u0107 si\u0119 ka\u017cdego 13. dnia miesi\u0105ca \u2013 od maja do pa\u017adziernika.<\/p>\n<p><a href=\"?p=18699&amp;preview=true\">GALERIA<\/a><\/p>\n","protected":false},"excerpt":{"rendered":"<p>We wtorek, 13 maja, w naszej parafii odby\u0142o si\u0119 uroczyste Nabo\u017ce\u0144stwo Fatimskie. Po wieczornej Mszy \u015awi\u0119tej, kt\u00f3rej przewodniczy\u0142 ksi\u0105dz proboszcz, wierni zgromadzili si\u0119 licznie, by wsp\u00f3lnie uczci\u0107 rocznic\u0119 objawie\u0144 Matki Bo\u017cej w Fatimie. Nabo\u017ce\u0144stwo rozpocz\u0119\u0142a procesja fatimska, kt\u00f3ra wok\u00f3\u0142 le\u017cajskiej Fary. W szczeg\u00f3lny spos\u00f3b zaanga\u017cowane by\u0142y dzieci komunijne i pierwszokomunijne. To one czyta\u0142y rozwa\u017cania tajemnic [&hellip;]<\/p>\n","protected":false},"author":9,"featured_media":18677,"comment_status":"closed","ping_status":"open","sticky":false,"template":"","format":"standard","meta":[],"categories":[4],"tags":[],"_links":{"self":[{"href":"https:\/\/lezajsk.przemyska.pl\/index.php?rest_route=\/wp\/v2\/posts\/18661"}],"collection":[{"href":"https:\/\/lezajsk.przemyska.pl\/index.php?rest_route=\/wp\/v2\/posts"}],"about":[{"href":"https:\/\/lezajsk.przemyska.pl\/index.php?rest_route=\/wp\/v2\/types\/post"}],"author":[{"embeddable":true,"href":"https:\/\/lezajsk.przemyska.pl\/index.php?rest_route=\/wp\/v2\/users\/9"}],"replies":[{"embeddable":true,"href":"https:\/\/lezajsk.przemyska.pl\/index.php?rest_route=%2Fwp%2Fv2%2Fcomments&post=18661"}],"version-history":[{"count":4,"href":"https:\/\/lezajsk.przemyska.pl\/index.php?rest_route=\/wp\/v2\/posts\/18661\/revisions"}],"predecessor-version":[{"id":18716,"href":"https:\/\/lezajsk.przemyska.pl\/index.php?rest_route=\/wp\/v2\/posts\/18661\/revisions\/18716"}],"wp:featuredmedia":[{"embeddable":true,"href":"https:\/\/lezajsk.przemyska.pl\/index.php?rest_route=\/wp\/v2\/media\/18677"}],"wp:attachment":[{"href":"https:\/\/lezajsk.przemyska.pl\/index.php?rest_route=%2Fwp%2Fv2%2Fmedia&parent=18661"}],"wp:term":[{"taxonomy":"category","embeddable":true,"href":"https:\/\/lezajsk.przemyska.pl\/index.php?rest_route=%2Fwp%2Fv2%2Fcategories&post=18661"},{"taxonomy":"post_tag","embeddable":true,"href":"https:\/\/lezajsk.przemyska.pl\/index.php?rest_route=%2Fwp%2Fv2%2Ftags&post=18661"}],"curies":[{"name":"wp","href":"https:\/\/api.w.org\/{rel}","templated":true}]}}