
{"id":18640,"date":"2025-05-06T10:10:24","date_gmt":"2025-05-06T08:10:24","guid":{"rendered":"https:\/\/lezajsk.przemyska.pl\/?p=18640"},"modified":"2025-05-13T21:54:34","modified_gmt":"2025-05-13T19:54:34","slug":"meski-rozaniec-modlitwa-mezczyzn-w-pierwsza-sobote-maja","status":"publish","type":"post","link":"https:\/\/lezajsk.przemyska.pl\/?p=18640","title":{"rendered":"M\u0119ski R\u00f3\u017caniec \u2013 maj"},"content":{"rendered":"<p class=\"\" data-start=\"63\" data-end=\"337\">W sobotni wiecz\u00f3r, 4 maja, m\u0119\u017cczy\u017ani z naszego miasta zebrali si\u0119 na wsp\u00f3lnej modlitwie w ramach og\u00f3lnopolskiej inicjatywy <em data-start=\"190\" data-end=\"206\">M\u0119ski R\u00f3\u017caniec<\/em>. Spotkanie odby\u0142o si\u0119 \u2013 jak zawsze \u2013 w duchu zawierzenia Matce Bo\u017cej i modlitwy o odnow\u0119 wiary w sercach m\u0119\u017cczyzn oraz ich rodzin.<\/p>\n<p class=\"\" data-start=\"339\" data-end=\"695\">Uczestnicy rozpocz\u0119li modlitw\u0119 r\u00f3\u017ca\u0144cow\u0105 od kr\u00f3tkiej medytacji maryjnej, po kt\u00f3rej przeszli w procesji pod krzy\u017c na placu targowym, odmawiaj\u0105c kolejne dziesi\u0105tki r\u00f3\u017ca\u0144ca. Wieczorna atmosfera nada\u0142a wydarzeniu szczeg\u00f3lnego charakteru \u2013 cisza, przerywana modlitw\u0105 i \u015bpiewem, oraz skupienie uczestnik\u00f3w tworzy\u0142y poruszaj\u0105cy obraz m\u0119skiej wiary prze\u017cywanej wsp\u00f3lnie, publicznie i z pokor\u0105.<\/p>\n<p class=\"\" data-start=\"697\" data-end=\"938\">Modlitwa m\u0119skiego r\u00f3\u017ca\u0144ca w pierwsze soboty miesi\u0105ca to nie tylko wyraz czci wobec Maryi, ale tak\u017ce konkretna odpowied\u017a na Jej wezwanie z Fatimy do pokuty i nawr\u00f3cenia. M\u0119\u017cczy\u017ani powierzali Bogu swoje rodziny, parafi\u0119, Ojczyzn\u0119 oraz intencje osobiste.<\/p>\n<p class=\"\" data-start=\"940\" data-end=\"1100\">Organizatorzy zach\u0119caj\u0105 do do\u0142\u0105czenia do tej inicjatywy kolejnych m\u0119\u017cczyzn, kt\u00f3rzy pragn\u0105 budowa\u0107 \u017cycie duchowe na fundamencie modlitwy i braterskiej wsp\u00f3lnoty.<\/p>\n<p data-start=\"940\" data-end=\"1100\"><a href=\"?p=18712&amp;preview=true\">Zdj\u0119cia<\/a><\/p>\n","protected":false},"excerpt":{"rendered":"<p>W sobotni wiecz\u00f3r, 4 maja, m\u0119\u017cczy\u017ani z naszego miasta zebrali si\u0119 na wsp\u00f3lnej modlitwie w ramach og\u00f3lnopolskiej inicjatywy M\u0119ski R\u00f3\u017caniec. Spotkanie odby\u0142o si\u0119 \u2013 jak zawsze \u2013 w duchu zawierzenia Matce Bo\u017cej i modlitwy o odnow\u0119 wiary w sercach m\u0119\u017cczyzn oraz ich rodzin. Uczestnicy rozpocz\u0119li modlitw\u0119 r\u00f3\u017ca\u0144cow\u0105 od kr\u00f3tkiej medytacji maryjnej, po kt\u00f3rej przeszli w [&hellip;]<\/p>\n","protected":false},"author":9,"featured_media":18650,"comment_status":"closed","ping_status":"open","sticky":false,"template":"","format":"standard","meta":[],"categories":[4],"tags":[],"_links":{"self":[{"href":"https:\/\/lezajsk.przemyska.pl\/index.php?rest_route=\/wp\/v2\/posts\/18640"}],"collection":[{"href":"https:\/\/lezajsk.przemyska.pl\/index.php?rest_route=\/wp\/v2\/posts"}],"about":[{"href":"https:\/\/lezajsk.przemyska.pl\/index.php?rest_route=\/wp\/v2\/types\/post"}],"author":[{"embeddable":true,"href":"https:\/\/lezajsk.przemyska.pl\/index.php?rest_route=\/wp\/v2\/users\/9"}],"replies":[{"embeddable":true,"href":"https:\/\/lezajsk.przemyska.pl\/index.php?rest_route=%2Fwp%2Fv2%2Fcomments&post=18640"}],"version-history":[{"count":3,"href":"https:\/\/lezajsk.przemyska.pl\/index.php?rest_route=\/wp\/v2\/posts\/18640\/revisions"}],"predecessor-version":[{"id":18714,"href":"https:\/\/lezajsk.przemyska.pl\/index.php?rest_route=\/wp\/v2\/posts\/18640\/revisions\/18714"}],"wp:featuredmedia":[{"embeddable":true,"href":"https:\/\/lezajsk.przemyska.pl\/index.php?rest_route=\/wp\/v2\/media\/18650"}],"wp:attachment":[{"href":"https:\/\/lezajsk.przemyska.pl\/index.php?rest_route=%2Fwp%2Fv2%2Fmedia&parent=18640"}],"wp:term":[{"taxonomy":"category","embeddable":true,"href":"https:\/\/lezajsk.przemyska.pl\/index.php?rest_route=%2Fwp%2Fv2%2Fcategories&post=18640"},{"taxonomy":"post_tag","embeddable":true,"href":"https:\/\/lezajsk.przemyska.pl\/index.php?rest_route=%2Fwp%2Fv2%2Ftags&post=18640"}],"curies":[{"name":"wp","href":"https:\/\/api.w.org\/{rel}","templated":true}]}}