
{"id":18615,"date":"2025-04-30T11:16:25","date_gmt":"2025-04-30T09:16:25","guid":{"rendered":"https:\/\/lezajsk.przemyska.pl\/?p=18615"},"modified":"2025-04-30T11:30:11","modified_gmt":"2025-04-30T09:30:11","slug":"spotkanie-mlodych-archdiecezji-przemyskiej-za-nami","status":"publish","type":"post","link":"https:\/\/lezajsk.przemyska.pl\/?p=18615","title":{"rendered":"Spotkanie M\u0142odych Archidiecezji Przemyskiej za nami!"},"content":{"rendered":"<p>Na podzi\u0119kowania i podsumowania przyjdzie czas!<br \/>\nA na obecn\u0105 chwil\u0119 podpowiadamy, gdzie mo\u017cna odnale\u017c\u0107 zdj\u0119cia i materia\u0142y ze spotkania!<\/p>\n<p><strong>Na stronie diecezji:<br \/>\n<\/strong><\/p>\n<p><a href=\"https:\/\/przemyska.pl\/podsumowanie-32-spotkania-mlodych-archidiecezji-przemyskiej-w-lezajsku\/\">&gt; artyku\u0142 o SMAPie w Le\u017cajsku &lt;<\/a><\/p>\n<p>Na stronie Diecezjalnego Radia Fara:<\/p>\n<p><a href=\"https:\/\/radiofara.pl\/2025\/04\/26\/smap-2025-msze-swiete-w-kosciolach-stacyjnych\/\">&gt; Pi\u0105tkowe Adoracje Krzy\u017ca &lt;<\/a><\/p>\n<p><a href=\"https:\/\/radiofara.pl\/2025\/04\/26\/smap-2025-dumni-z-ewangelii\/\">&gt; Sobotni program na Placu Targowym &lt;<\/a><\/p>\n<p><a href=\"https:\/\/radiofara.pl\/2025\/04\/26\/smap-2025-celebracja-pt-zobacz-i-uwierz\/\">&gt; Wieczorna celebracja Paschalna &lt;<\/a><\/p>\n<p><a href=\"https:\/\/radiofara.pl\/2025\/04\/27\/smap-2025-mlodzi-zegnaja-lezajsk-za-rok-rymanow\/\">&gt; Niedzielna Msza \u015awi\u0119ta &lt;<\/a><\/p>\n<p><a href=\"https:\/\/radiofara.pl\/2025\/04\/28\/lezajsk-smap-2025-podsumowanie\/\">&gt; Podsumowanie &lt;<\/a><\/p>\n<p><strong>Strona miasta:<\/strong><\/p>\n<p><a href=\"https:\/\/www.facebook.com\/UM.Lezajsk\/posts\/pfbid0QKuLATqLwFGaGJr6UqFcWAD4dZAW3U1SYsaxSJspeCi52XZSUz75CGQbMWsbyMjjl\">&gt; post na Facebooku &lt;<\/a><\/p>\n","protected":false},"excerpt":{"rendered":"<p>Na podzi\u0119kowania i podsumowania przyjdzie czas! A na obecn\u0105 chwil\u0119 podpowiadamy, gdzie mo\u017cna odnale\u017c\u0107 zdj\u0119cia i materia\u0142y ze spotkania! Na stronie diecezji: &gt; artyku\u0142 o SMAPie w Le\u017cajsku &lt; Na stronie Diecezjalnego Radia Fara: &gt; Pi\u0105tkowe Adoracje Krzy\u017ca &lt; &gt; Sobotni program na Placu Targowym &lt; &gt; Wieczorna celebracja Paschalna &lt; &gt; Niedzielna Msza \u015awi\u0119ta [&hellip;]<\/p>\n","protected":false},"author":9,"featured_media":18616,"comment_status":"closed","ping_status":"open","sticky":false,"template":"","format":"standard","meta":[],"categories":[4],"tags":[],"_links":{"self":[{"href":"https:\/\/lezajsk.przemyska.pl\/index.php?rest_route=\/wp\/v2\/posts\/18615"}],"collection":[{"href":"https:\/\/lezajsk.przemyska.pl\/index.php?rest_route=\/wp\/v2\/posts"}],"about":[{"href":"https:\/\/lezajsk.przemyska.pl\/index.php?rest_route=\/wp\/v2\/types\/post"}],"author":[{"embeddable":true,"href":"https:\/\/lezajsk.przemyska.pl\/index.php?rest_route=\/wp\/v2\/users\/9"}],"replies":[{"embeddable":true,"href":"https:\/\/lezajsk.przemyska.pl\/index.php?rest_route=%2Fwp%2Fv2%2Fcomments&post=18615"}],"version-history":[{"count":5,"href":"https:\/\/lezajsk.przemyska.pl\/index.php?rest_route=\/wp\/v2\/posts\/18615\/revisions"}],"predecessor-version":[{"id":18623,"href":"https:\/\/lezajsk.przemyska.pl\/index.php?rest_route=\/wp\/v2\/posts\/18615\/revisions\/18623"}],"wp:featuredmedia":[{"embeddable":true,"href":"https:\/\/lezajsk.przemyska.pl\/index.php?rest_route=\/wp\/v2\/media\/18616"}],"wp:attachment":[{"href":"https:\/\/lezajsk.przemyska.pl\/index.php?rest_route=%2Fwp%2Fv2%2Fmedia&parent=18615"}],"wp:term":[{"taxonomy":"category","embeddable":true,"href":"https:\/\/lezajsk.przemyska.pl\/index.php?rest_route=%2Fwp%2Fv2%2Fcategories&post=18615"},{"taxonomy":"post_tag","embeddable":true,"href":"https:\/\/lezajsk.przemyska.pl\/index.php?rest_route=%2Fwp%2Fv2%2Ftags&post=18615"}],"curies":[{"name":"wp","href":"https:\/\/api.w.org\/{rel}","templated":true}]}}