
{"id":18598,"date":"2025-04-25T11:02:04","date_gmt":"2025-04-25T09:02:04","guid":{"rendered":"https:\/\/lezajsk.przemyska.pl\/?p=18598"},"modified":"2025-04-30T11:32:38","modified_gmt":"2025-04-30T09:32:38","slug":"msza-swieta-imieninowa-ks-marka-ciska","status":"publish","type":"post","link":"https:\/\/lezajsk.przemyska.pl\/?p=18598","title":{"rendered":"Msza \u015awi\u0119ta imieninowa ks. Marka Ciska"},"content":{"rendered":"<p class=\"\" data-start=\"44\" data-end=\"343\">W czwartkowy wiecz\u00f3r, w parafialnym ko\u015bciele w Le\u017cajsku, odby\u0142a si\u0119 uroczysta Msza \u015awi\u0119ta z okazji imienin ks. Marka Ciska. Eucharystii przewodniczy\u0142 sam solenizant, a homili\u0119 wyg\u0142osi\u0142 ks. Piotr Ob\u0142aski, kt\u00f3ry w ciep\u0142ych s\u0142owach podkre\u015bli\u0142 pastersk\u0105 trosk\u0119 i zaanga\u017cowanie ks. Marka w \u017cycie parafii.<\/p>\n<p class=\"\" data-start=\"345\" data-end=\"720\">W kazaniu ks. Piotr zwr\u00f3ci\u0142 uwag\u0119 na rol\u0119 kap\u0142ana jako tego, kt\u00f3ry prowadzi lud Bo\u017cy z pokor\u0105 i oddaniem, a tak\u017ce jako \u015bwiadka wiary i mi\u0142o\u015bci Chrystusa w codziennym \u017cyciu. Podkre\u015bli\u0142 r\u00f3wnie\u017c, \u017ce imieniny to nie tylko okazja do \u015bwi\u0119towania, ale przede wszystkim do modlitwy w intencji obdarowanego \u2013 o Bo\u017ce b\u0142ogos\u0142awie\u0144stwo, zdrowie i si\u0142y w dalszej pos\u0142udze duszpasterskiej.<\/p>\n<p class=\"\" data-start=\"722\" data-end=\"1049\">Po zako\u0144czonej liturgii przyszed\u0142 czas na \u017cyczenia. W imieniu wsp\u00f3lnot parafialnych g\u0142os zabrali ich przedstawiciele, wyra\u017caj\u0105c wdzi\u0119czno\u015b\u0107 za obecno\u015b\u0107 i zaanga\u017cowanie ks. Marka w \u017cycie parafii. Szczeg\u00f3lne \u017cyczenia z\u0142o\u017cy\u0142 w imieniu wikarych r\u00f3wnie\u017c ks. Witold, dzi\u0119kuj\u0105c solenizantowi za wsp\u00f3ln\u0105 prac\u0119, \u017cyczliwo\u015b\u0107 i kap\u0142a\u0144skie wsparcie.<\/p>\n<p class=\"\" data-start=\"1051\" data-end=\"1162\">Uroczysto\u015b\u0107 zako\u0144czy\u0142a si\u0119 wsp\u00f3lnym \u015bpiewem i chwil\u0105 rado\u015bci, kt\u00f3r\u0105 dzielili parafianie ze swoim duszpasterzem.<\/p>\n<p class=\"\" data-start=\"1164\" data-end=\"1328\">Niech \u015bwi\u0119ty Marek \u2013 patron solenizanta \u2013 wyprasza mu potrzebne \u0142aski, a Pan B\u00f3g obdarza zdrowiem, pokojem serca i niegasn\u0105cym zapa\u0142em w dalszej kap\u0142a\u0144skiej drodze.<\/p>\n","protected":false},"excerpt":{"rendered":"<p>W czwartkowy wiecz\u00f3r, w parafialnym ko\u015bciele w Le\u017cajsku, odby\u0142a si\u0119 uroczysta Msza \u015awi\u0119ta z okazji imienin ks. Marka Ciska. Eucharystii przewodniczy\u0142 sam solenizant, a homili\u0119 wyg\u0142osi\u0142 ks. Piotr Ob\u0142aski, kt\u00f3ry w ciep\u0142ych s\u0142owach podkre\u015bli\u0142 pastersk\u0105 trosk\u0119 i zaanga\u017cowanie ks. Marka w \u017cycie parafii. W kazaniu ks. Piotr zwr\u00f3ci\u0142 uwag\u0119 na rol\u0119 kap\u0142ana jako tego, kt\u00f3ry [&hellip;]<\/p>\n","protected":false},"author":9,"featured_media":18612,"comment_status":"closed","ping_status":"open","sticky":false,"template":"","format":"standard","meta":[],"categories":[4],"tags":[],"_links":{"self":[{"href":"https:\/\/lezajsk.przemyska.pl\/index.php?rest_route=\/wp\/v2\/posts\/18598"}],"collection":[{"href":"https:\/\/lezajsk.przemyska.pl\/index.php?rest_route=\/wp\/v2\/posts"}],"about":[{"href":"https:\/\/lezajsk.przemyska.pl\/index.php?rest_route=\/wp\/v2\/types\/post"}],"author":[{"embeddable":true,"href":"https:\/\/lezajsk.przemyska.pl\/index.php?rest_route=\/wp\/v2\/users\/9"}],"replies":[{"embeddable":true,"href":"https:\/\/lezajsk.przemyska.pl\/index.php?rest_route=%2Fwp%2Fv2%2Fcomments&post=18598"}],"version-history":[{"count":1,"href":"https:\/\/lezajsk.przemyska.pl\/index.php?rest_route=\/wp\/v2\/posts\/18598\/revisions"}],"predecessor-version":[{"id":18614,"href":"https:\/\/lezajsk.przemyska.pl\/index.php?rest_route=\/wp\/v2\/posts\/18598\/revisions\/18614"}],"wp:featuredmedia":[{"embeddable":true,"href":"https:\/\/lezajsk.przemyska.pl\/index.php?rest_route=\/wp\/v2\/media\/18612"}],"wp:attachment":[{"href":"https:\/\/lezajsk.przemyska.pl\/index.php?rest_route=%2Fwp%2Fv2%2Fmedia&parent=18598"}],"wp:term":[{"taxonomy":"category","embeddable":true,"href":"https:\/\/lezajsk.przemyska.pl\/index.php?rest_route=%2Fwp%2Fv2%2Fcategories&post=18598"},{"taxonomy":"post_tag","embeddable":true,"href":"https:\/\/lezajsk.przemyska.pl\/index.php?rest_route=%2Fwp%2Fv2%2Ftags&post=18598"}],"curies":[{"name":"wp","href":"https:\/\/api.w.org\/{rel}","templated":true}]}}