
{"id":18593,"date":"2025-04-25T10:47:21","date_gmt":"2025-04-25T08:47:21","guid":{"rendered":"https:\/\/lezajsk.przemyska.pl\/?p=18593"},"modified":"2025-04-30T11:32:57","modified_gmt":"2025-04-30T09:32:57","slug":"msza-na-zakonczenie-klas-maturalnych-2","status":"publish","type":"post","link":"https:\/\/lezajsk.przemyska.pl\/?p=18593","title":{"rendered":"Msza na zako\u0144czenie klas maturalnych"},"content":{"rendered":"<p class=\"\" data-start=\"68\" data-end=\"450\">W czwartek, 24 kwietnia, w le\u017cajskiej Farze odby\u0142a si\u0119 uroczysta Msza \u015awi\u0119ta z okazji zako\u0144czenia roku szkolnego klas maturalnych. W Eucharystii uczestniczyli licznie zgromadzeni maturzy\u015bci, grono pedagogiczne oraz dyrekcja Zesp\u00f3\u0142u Szk\u00f3\u0142 Licealnych. Liturgii przewodniczy\u0142 ks. Janusz Borek, a homili\u0119 skierowa\u0142 do m\u0142odzie\u017cy diakon Pawe\u0142 Kozio\u0142.<\/p>\n<p class=\"\" data-start=\"452\" data-end=\"756\">W swoim kazaniu dk. Pawe\u0142 zach\u0119ca\u0142 m\u0142odych ludzi do zaufania Bogu na progu doros\u0142o\u015bci oraz przypomnia\u0142, \u017ce prawdziwa m\u0105dro\u015b\u0107 nie polega wy\u0142\u0105cznie na wiedzy, lecz na otwarto\u015bci serca na Bo\u017ce prowadzenie. Szczeg\u00f3lnie wybrzmia\u0142 tak\u017ce cyatat Adama Asnyka:<\/p>\n<div class=\"ujudUb\">&#8222;Miejcie nadziej\u0119!&#8230; Nie t\u0119 lich\u0105, marn\u0105<br aria-hidden=\"true\" \/>Co rdze\u0144 spr\u00f3chnia\u0142y w w\u0105t\u0142y kwiat ubiera,<br aria-hidden=\"true\" \/>Lecz t\u0119 niez\u0142omn\u0105, kt\u00f3ra tkwi jak ziarno<br aria-hidden=\"true\" \/>Przysz\u0142ych po\u015bwi\u0119ce\u0144 w duszy bohatera.&#8221;<\/div>\n<p class=\"\" data-start=\"758\" data-end=\"986\">Msza by\u0142a nie tylko duchowym podsumowaniem lat szkolnych, ale r\u00f3wnie\u017c okazj\u0105 do podzi\u0119kowania za trud nauki, przyja\u017anie i rozw\u00f3j osobisty. Atmosfera modlitwy i refleksji towarzyszy\u0142a uczestnikom przez ca\u0142y czas trwania liturgii.<\/p>\n<p class=\"\" data-start=\"988\" data-end=\"1238\">Na zako\u0144czenie wszystkim maturzystom sk\u0142adamy serdeczne \u017cyczenia: niech czas egzamin\u00f3w b\u0119dzie owocny, spokojny i pe\u0142en \u015bwiat\u0142\u0105 Ducha \u015awi\u0119tego. \u017byczymy trafnych wybor\u00f3w \u017cyciowych, wiary w siebie oraz nieustannego zaufania Bo\u017cej Opatrzno\u015bci. Powodzenia!<\/p>\n","protected":false},"excerpt":{"rendered":"<p>W czwartek, 24 kwietnia, w le\u017cajskiej Farze odby\u0142a si\u0119 uroczysta Msza \u015awi\u0119ta z okazji zako\u0144czenia roku szkolnego klas maturalnych. W Eucharystii uczestniczyli licznie zgromadzeni maturzy\u015bci, grono pedagogiczne oraz dyrekcja Zesp\u00f3\u0142u Szk\u00f3\u0142 Licealnych. Liturgii przewodniczy\u0142 ks. Janusz Borek, a homili\u0119 skierowa\u0142 do m\u0142odzie\u017cy diakon Pawe\u0142 Kozio\u0142. W swoim kazaniu dk. Pawe\u0142 zach\u0119ca\u0142 m\u0142odych ludzi do zaufania [&hellip;]<\/p>\n","protected":false},"author":9,"featured_media":18594,"comment_status":"closed","ping_status":"open","sticky":false,"template":"","format":"standard","meta":[],"categories":[4],"tags":[],"_links":{"self":[{"href":"https:\/\/lezajsk.przemyska.pl\/index.php?rest_route=\/wp\/v2\/posts\/18593"}],"collection":[{"href":"https:\/\/lezajsk.przemyska.pl\/index.php?rest_route=\/wp\/v2\/posts"}],"about":[{"href":"https:\/\/lezajsk.przemyska.pl\/index.php?rest_route=\/wp\/v2\/types\/post"}],"author":[{"embeddable":true,"href":"https:\/\/lezajsk.przemyska.pl\/index.php?rest_route=\/wp\/v2\/users\/9"}],"replies":[{"embeddable":true,"href":"https:\/\/lezajsk.przemyska.pl\/index.php?rest_route=%2Fwp%2Fv2%2Fcomments&post=18593"}],"version-history":[{"count":1,"href":"https:\/\/lezajsk.przemyska.pl\/index.php?rest_route=\/wp\/v2\/posts\/18593\/revisions"}],"predecessor-version":[{"id":18604,"href":"https:\/\/lezajsk.przemyska.pl\/index.php?rest_route=\/wp\/v2\/posts\/18593\/revisions\/18604"}],"wp:featuredmedia":[{"embeddable":true,"href":"https:\/\/lezajsk.przemyska.pl\/index.php?rest_route=\/wp\/v2\/media\/18594"}],"wp:attachment":[{"href":"https:\/\/lezajsk.przemyska.pl\/index.php?rest_route=%2Fwp%2Fv2%2Fmedia&parent=18593"}],"wp:term":[{"taxonomy":"category","embeddable":true,"href":"https:\/\/lezajsk.przemyska.pl\/index.php?rest_route=%2Fwp%2Fv2%2Fcategories&post=18593"},{"taxonomy":"post_tag","embeddable":true,"href":"https:\/\/lezajsk.przemyska.pl\/index.php?rest_route=%2Fwp%2Fv2%2Ftags&post=18593"}],"curies":[{"name":"wp","href":"https:\/\/api.w.org\/{rel}","templated":true}]}}