
{"id":18550,"date":"2025-04-21T09:30:58","date_gmt":"2025-04-21T07:30:58","guid":{"rendered":"https:\/\/lezajsk.przemyska.pl\/?p=18550"},"modified":"2025-04-22T09:44:16","modified_gmt":"2025-04-22T07:44:16","slug":"18550","status":"publish","type":"post","link":"https:\/\/lezajsk.przemyska.pl\/?p=18550","title":{"rendered":"Wigilia Paschalna Wielkiej Nocy"},"content":{"rendered":"<p class=\"\" data-start=\"72\" data-end=\"371\">W sobotni wiecz\u00f3r, 30 marca 2025 roku, w Le\u017cajskiej Farze zgromadzili si\u0119 wierni, by prze\u017cywa\u0107 najwa\u017cniejsz\u0105 liturgi\u0119 w roku \u2013 Wigili\u0119 Paschaln\u0105. To wyj\u0105tkowe nabo\u017ce\u0144stwo, pe\u0142ne symboli \u015bwiat\u0142a, wody i Zmartywchwstania.<\/p>\n<p class=\"\" data-start=\"373\" data-end=\"784\">Uroczystej liturgii przewodniczy\u0142 proboszcz parafii \u2013 ksi\u0105dz Marek Cisek, natomiast homili\u0119 wyg\u0142osi\u0142 ksi\u0105dz \u0141ukasz, kt\u00f3ry w swoim kazaniu podkre\u015bli\u0142, \u017ce Zmartwychwstanie Jezusa jest fundamentem chrze\u015bcija\u0144skiej nadziei.<\/p>\n<p class=\"\" data-start=\"786\" data-end=\"1075\">Liturgia rozpocz\u0119\u0142a si\u0119 od po\u015bwi\u0119cenia ognia i zapalenia Pascha\u0142u \u2013 symbolu Zmartwychwsta\u0142ego Chrystusa. Procesja \u015bwiat\u0142a, kt\u00f3ra roz\u015bwietli\u0142a mrok \u015bwi\u0105tyni, poruszy\u0142a serca zebranych. Wierni, trzymaj\u0105c w d\u0142oniach zapalone \u015bwiece, ws\u0142uchiwali si\u0119 w radosne or\u0119dzie wielkanocne \u2013 <em data-start=\"1064\" data-end=\"1074\">Exsultet<\/em>.<\/p>\n<p class=\"\" data-start=\"1077\" data-end=\"1377\">Nast\u0119pnie mia\u0142a miejsce rozbudowana liturgia s\u0142owa, ukazuj\u0105ca histori\u0119 zbawienia \u2013 od stworzenia \u015bwiata a\u017c po zwyci\u0119stwo Jezusa nad \u015bmierci\u0105. Po niej nast\u0105pi\u0142a liturgia chrzcielna \u2013 odnowienie przyrzecze\u0144 chrzcielnych i pokropienie wiernych wod\u0105 \u015bwi\u0119con\u0105, kt\u00f3ra przypomina o nowym \u017cyciu w Chrystusie.<\/p>\n<p class=\"\" data-start=\"1607\" data-end=\"1818\">Wigilia Paschalna w Le\u017cajskiej Farze by\u0142a do\u015bwiadczeniem \u017cywego Ko\u015bcio\u0142a. Pe\u0142na wsp\u00f3lnoty, modlitwy i \u015bwiat\u0142a, na nowo przypomnia\u0142a, \u017ce Chrystus naprawd\u0119 zmartwychwsta\u0142 \u2013 i jest z nami.<\/p>\n<p>W uroczystym prze\u017cywaniu tej niezwyk\u0142ej liturgii pomaga\u0142y piekne pie\u015bni, doskonale wykonane przez nasz\u0105 Diakoni\u0119 Muzyczn\u0105.<\/p>\n<p class=\"\" data-start=\"1820\" data-end=\"1860\"><strong data-start=\"1820\" data-end=\"1860\">Alleluja! Prawdziwie zmartwychwsta\u0142!<\/strong><\/p>\n<p><a href=\"?p=18552&amp;preview=true\">Galeria (Wigilia Paschalna i Rezurekcja)<\/a><\/p>\n<hr class=\"\" data-start=\"1862\" data-end=\"1865\" \/>\n","protected":false},"excerpt":{"rendered":"<p>W sobotni wiecz\u00f3r, 30 marca 2025 roku, w Le\u017cajskiej Farze zgromadzili si\u0119 wierni, by prze\u017cywa\u0107 najwa\u017cniejsz\u0105 liturgi\u0119 w roku \u2013 Wigili\u0119 Paschaln\u0105. To wyj\u0105tkowe nabo\u017ce\u0144stwo, pe\u0142ne symboli \u015bwiat\u0142a, wody i Zmartywchwstania. Uroczystej liturgii przewodniczy\u0142 proboszcz parafii \u2013 ksi\u0105dz Marek Cisek, natomiast homili\u0119 wyg\u0142osi\u0142 ksi\u0105dz \u0141ukasz, kt\u00f3ry w swoim kazaniu podkre\u015bli\u0142, \u017ce Zmartwychwstanie Jezusa jest fundamentem [&hellip;]<\/p>\n","protected":false},"author":9,"featured_media":18569,"comment_status":"closed","ping_status":"open","sticky":false,"template":"","format":"standard","meta":[],"categories":[4],"tags":[],"_links":{"self":[{"href":"https:\/\/lezajsk.przemyska.pl\/index.php?rest_route=\/wp\/v2\/posts\/18550"}],"collection":[{"href":"https:\/\/lezajsk.przemyska.pl\/index.php?rest_route=\/wp\/v2\/posts"}],"about":[{"href":"https:\/\/lezajsk.przemyska.pl\/index.php?rest_route=\/wp\/v2\/types\/post"}],"author":[{"embeddable":true,"href":"https:\/\/lezajsk.przemyska.pl\/index.php?rest_route=\/wp\/v2\/users\/9"}],"replies":[{"embeddable":true,"href":"https:\/\/lezajsk.przemyska.pl\/index.php?rest_route=%2Fwp%2Fv2%2Fcomments&post=18550"}],"version-history":[{"count":2,"href":"https:\/\/lezajsk.przemyska.pl\/index.php?rest_route=\/wp\/v2\/posts\/18550\/revisions"}],"predecessor-version":[{"id":18581,"href":"https:\/\/lezajsk.przemyska.pl\/index.php?rest_route=\/wp\/v2\/posts\/18550\/revisions\/18581"}],"wp:featuredmedia":[{"embeddable":true,"href":"https:\/\/lezajsk.przemyska.pl\/index.php?rest_route=\/wp\/v2\/media\/18569"}],"wp:attachment":[{"href":"https:\/\/lezajsk.przemyska.pl\/index.php?rest_route=%2Fwp%2Fv2%2Fmedia&parent=18550"}],"wp:term":[{"taxonomy":"category","embeddable":true,"href":"https:\/\/lezajsk.przemyska.pl\/index.php?rest_route=%2Fwp%2Fv2%2Fcategories&post=18550"},{"taxonomy":"post_tag","embeddable":true,"href":"https:\/\/lezajsk.przemyska.pl\/index.php?rest_route=%2Fwp%2Fv2%2Ftags&post=18550"}],"curies":[{"name":"wp","href":"https:\/\/api.w.org\/{rel}","templated":true}]}}