
{"id":18367,"date":"2025-03-29T18:23:22","date_gmt":"2025-03-29T17:23:22","guid":{"rendered":"https:\/\/lezajsk.przemyska.pl\/?p=18367"},"modified":"2025-03-29T23:52:05","modified_gmt":"2025-03-29T22:52:05","slug":"iv-niedziela-wielkiego-postu-30-03-2025-r","status":"publish","type":"post","link":"https:\/\/lezajsk.przemyska.pl\/?p=18367","title":{"rendered":"IV Niedziela Wielkiego Postu 30.03.2025 r."},"content":{"rendered":"<p>&nbsp;<\/p>\n<ol>\n<li>Dzi\u015b zapraszamy jeszcze na <strong>nabo\u017ce\u0144stwo Gorzkich \u017bali z kazaniem pasyjnym<\/strong> w\u00a0obu ko\u015bcio\u0142ach na godz. 17.00.<\/li>\n<li>W tym tygodniu przypada<strong> I czwartek, pi\u0105tek i I sobota miesi\u0105ca<\/strong>. Adoracja Naj\u015bwi\u0119tszego Sakramentu po Mszy \u015bw. w czwartek i pi\u0105tek do godz. 20.00. <strong>Spowied\u017a<\/strong> <strong>w\u00a0pi\u0105tek od godz. 16.00 dla dzieci a potem od godz. 17.30.<\/strong><\/li>\n<li><strong>W \u015brod\u0119 2 kwietnia przypada 20 rocznica odej\u015bcia do Domu Ojca \u015bw. Jana Paw\u0142a II.<\/strong> Chcemy jako wsp\u00f3lnota parafialna uczci\u0107 ten dzie\u0144 w duchu modlitwy i wdzi\u0119czno\u015bci za \u017cycie i pontyfikat naszego Wielkiego Rodaka. Serdecznie zapraszamy Was wszystkich do udzia\u0142u w modlitewnym czuwaniu pod has\u0142em <strong>\u201eNie l\u0119kajcie si\u0119 \u2013 Czuwanie ze \u015bw. Janem Paw\u0142em II\u201d,<\/strong> kt\u00f3re odb\u0119dzie si\u0119 w ko\u015bciele farnym <strong>2 kwietnia o godzinie 21:00.<\/strong><br \/>\nPodczas tego wieczoru wsp\u00f3lnie za\u015bpiewamy Apel Jasnog\u00f3rski, wys\u0142uchamy fragment\u00f3w nauczania Papie\u017ca, odm\u00f3wimy r\u00f3\u017caniec, ws\u0142uchamy si\u0119 w Jego Testament, a o godzinie 21:37 \u2013 w symboliczn\u0105 godzin\u0119 \u015bmierci Jana Paw\u0142a II \u2013 trwa\u0107 b\u0119dziemy w ciszy i modlitwie, dzi\u0119kuj\u0105c Bogu za dar Jego \u017cycia. Niech to spotkanie b\u0119dzie dla nas wszystkich okazj\u0105 do refleksji, wdzi\u0119czno\u015bci oraz umocnienia wiary.<\/li>\n<li>W pi\u0105tek nabo\u017ce\u0144stwo <strong>Drogi Krzy\u017cowej<\/strong> rano o <strong>godz. 7.30<\/strong>, popo\u0142udniu <strong>o godz.16.00 dla dzieci a nast\u0119pnie, o godz. 17.30; <\/strong>za\u015b o <strong>20.00 <\/strong>nabo\u017ce\u0144stwo Drogi Krzy\u017cowej przy Krzy\u017cu Spotkania M\u0142odych Archidiecezji Przemyskiej, ze \u015bpiewem i rozwa\u017caniami napisanymi przez m\u0142odzie\u017c oazow\u0105.<\/li>\n<li><strong>W pi\u0105tek od godz. 9.00, odwiedziny chorych<\/strong> w domach z Komuni\u0105 \u015bw.<\/li>\n<li><strong>W sobot\u0119 na godz. 17.00<\/strong> zapraszamy wszystkich czcicieli Matki Bo\u017cej na kolejne <strong>nabo\u017ce\u0144stwo I soboty<\/strong>, wynagradzaj\u0105ce Niepokalanemu Sercu NMP, po\u0142\u0105czone z\u00a0modlitw\u0105 r\u00f3\u017ca\u0144cow\u0105.<\/li>\n<li>Wczoraj w Warszawie w ko\u015bciele OO. Jezuit\u00f3w i Sanktuarium \u015bw. Andrzeja Boboli \u015bwi\u0119cenia diakonatu przyj\u0105\u0142 nasz parafianin Mateusz Odachowski. Diakonowi Mateuszowi serdecznie gratulujemy i obiecujemy wspiera\u0107 Go modlitw\u0105 w drodze do \u015bwi\u0119ce\u0144 kap\u0142a\u0144skich.<\/li>\n<li>Bardzo dzi\u0119kujemy dzisiejszemu kaznodziei &#8211; <strong>ksi\u0119dzu Sebastianowi Pilszakowi<\/strong> &#8211; za obecno\u015b\u0107, modlitw\u0119 i g\u0142oszone do nas s\u0142owo.<\/li>\n<li><strong>W Siewcy<\/strong> do nabycia prasa i publikacje katolickie oraz paschaliki Caritas za\u015b przed ko\u015bcio\u0142em z r\u0105k ministrant\u00f3w, b\u0105d\u017a z o\u0142tarzy mo\u017cna odebra\u0107 kolejny darmowy numer <strong>Dobrych Nowin.<\/strong><\/li>\n<\/ol>\n<p>&nbsp;<\/p>\n<p><strong><u>Intencje zbiorowe: <\/u><\/strong><\/p>\n<ul>\n<li>Za \u015bp. Krystiana Kolbusz \u2013 intencja od nauczycieli \u2013 poniedzia\u0142ek, 6.30.<\/li>\n<li>Za \u015bp. Stefani\u0119 Wr\u00f3bel \u2013 intencja od dyrektora i pracownik\u00f3w DPS w Brz\u00f3zie Kr\u00f3lewskiej \u2013 poniedzia\u0142ek, godz. 6.30.<\/li>\n<li>Msze \u015bw. gregoria\u0144skie za \u015bp. Helen\u0119 Raku\u015b, pocz\u0105tek \u2013 wtorek, godz. 6.30.<\/li>\n<li>Za dusze w czy\u015b\u0107cu cierpi\u0105ce \u2013 intencja od Apostolskiego Dzie\u0142a Pomocy Duszom Czy\u015b\u0107cowym \u2013 wtorek, godz. 7.00.<\/li>\n<li>W intencji nowennowych pr\u00f3\u015bb i podzi\u0119kowa\u0144 do MB Pocieszenia \u2013 \u015broda, godz. 18.00.<\/li>\n<li>Za zmar\u0142ych i fundator\u00f3w opiekun\u00f3w kapliczki obok stadionu oraz wszystkich modl\u0105cych si\u0119 przy niej \u2013 czwartek, godz. 18.00.<\/li>\n<li>Za kap\u0142an\u00f3w i o nowe \u015bwi\u0119te powo\u0142ania kap\u0142a\u0144skie i zakonne \u2013 intencja od Stra\u017cy Honorowej NSPJ \u2013 czwartek, godz. 18.00.<\/li>\n<li>Z R\u00f3\u017cy \u015bw. Jana Paw\u0142a II \u2013 pi\u0105tek, godz. 7.00.<\/li>\n<li>Z intencji Stra\u017cy Honorowej NSPJ \u2013 pi\u0105tek, godz. 18.00.<\/li>\n<li>Za \u015bp. Krystyn\u0119 Mazur \u2013 intencja od s\u0105siad\u00f3w z ul. Lipy \u2013 sobota, godz. 7.00.<\/li>\n<li>Wynagradzaj\u0105ca Niepokalanemu Sercu NMP z intencji Bractwa Szkaplerza \u015awi\u0119tego i R\u00f3\u017c R\u00f3\u017ca\u0144cowych \u2013 sobota, godz. 18.00.<\/li>\n<li>Z R\u00f3\u017cy MB Nieustaj\u0105cej Pomocy \u2013 niedziela, godz. 8.30.<\/li>\n<\/ul>\n<p>W ostatnim tygodniu odeszli od nas do wieczno\u015bci <strong>\u015bp. Maria Stachowicz <\/strong>z ul. Sandomierskiej, <strong>Stanis\u0142aw Kordas<\/strong> z ul. Sanowej, <strong>Dorota Olech<\/strong> z ul. Staszica \u2013 wieczny odpoczynek. \u2026..<\/p>\n","protected":false},"excerpt":{"rendered":"<p>&nbsp; Dzi\u015b zapraszamy jeszcze na nabo\u017ce\u0144stwo Gorzkich \u017bali z kazaniem pasyjnym w\u00a0obu ko\u015bcio\u0142ach na godz. 17.00. W tym tygodniu przypada I czwartek, pi\u0105tek i I sobota miesi\u0105ca. Adoracja Naj\u015bwi\u0119tszego Sakramentu po Mszy \u015bw. w czwartek i pi\u0105tek do godz. 20.00. Spowied\u017a w\u00a0pi\u0105tek od godz. 16.00 dla dzieci a potem od godz. 17.30. W \u015brod\u0119 2 [&hellip;]<\/p>\n","protected":false},"author":9,"featured_media":0,"comment_status":"closed","ping_status":"open","sticky":false,"template":"","format":"standard","meta":[],"categories":[5],"tags":[],"_links":{"self":[{"href":"https:\/\/lezajsk.przemyska.pl\/index.php?rest_route=\/wp\/v2\/posts\/18367"}],"collection":[{"href":"https:\/\/lezajsk.przemyska.pl\/index.php?rest_route=\/wp\/v2\/posts"}],"about":[{"href":"https:\/\/lezajsk.przemyska.pl\/index.php?rest_route=\/wp\/v2\/types\/post"}],"author":[{"embeddable":true,"href":"https:\/\/lezajsk.przemyska.pl\/index.php?rest_route=\/wp\/v2\/users\/9"}],"replies":[{"embeddable":true,"href":"https:\/\/lezajsk.przemyska.pl\/index.php?rest_route=%2Fwp%2Fv2%2Fcomments&post=18367"}],"version-history":[{"count":6,"href":"https:\/\/lezajsk.przemyska.pl\/index.php?rest_route=\/wp\/v2\/posts\/18367\/revisions"}],"predecessor-version":[{"id":18375,"href":"https:\/\/lezajsk.przemyska.pl\/index.php?rest_route=\/wp\/v2\/posts\/18367\/revisions\/18375"}],"wp:attachment":[{"href":"https:\/\/lezajsk.przemyska.pl\/index.php?rest_route=%2Fwp%2Fv2%2Fmedia&parent=18367"}],"wp:term":[{"taxonomy":"category","embeddable":true,"href":"https:\/\/lezajsk.przemyska.pl\/index.php?rest_route=%2Fwp%2Fv2%2Fcategories&post=18367"},{"taxonomy":"post_tag","embeddable":true,"href":"https:\/\/lezajsk.przemyska.pl\/index.php?rest_route=%2Fwp%2Fv2%2Ftags&post=18367"}],"curies":[{"name":"wp","href":"https:\/\/api.w.org\/{rel}","templated":true}]}}