
{"id":18181,"date":"2024-12-21T20:49:16","date_gmt":"2024-12-21T19:49:16","guid":{"rendered":"https:\/\/lezajsk.przemyska.pl\/?p=18181"},"modified":"2024-12-21T20:49:16","modified_gmt":"2024-12-21T19:49:16","slug":"iv-niedziela-adwentu-22-12-2024-r","status":"publish","type":"post","link":"https:\/\/lezajsk.przemyska.pl\/?p=18181","title":{"rendered":"IV Niedziela Adwentu &#8211; 22.12.2024 r."},"content":{"rendered":"<ol>\n<li>Dzi\u015b zapraszamy jeszcze na <strong>nieszpory niedzielne o\u00a0godz. 17.30<\/strong>.<\/li>\n<li>Jutro <strong>odwiedzimy chorych w\u00a0domach<\/strong> <strong>z\u00a0Komuni\u0105 \u015bw<\/strong>. od godz. 9.00,\u00a0 Zg\u0142oszenia w\u00a0zakrystii.<\/li>\n<li><strong>Tak\u017ce jutro o godz. 18.00, zako\u0144czenie rorat dla dzieci<\/strong>. Zapraszamy wszystkie dzieci, kt\u00f3re uczestniczy\u0142y w roratach po ma\u0142y, okoliczno\u015bciowy prezent i indywidualne kap\u0142a\u0144skie b\u0142ogos\u0142awie\u0144stwo.<\/li>\n<li>We wtorek najpi\u0119kniejszy dzie\u0144 w roku \u2013 Wigilia. Msze \u015bw. w naszym ko\u015bciele tylko rano <strong>o\u00a0godz. 6.30 i 7.00<\/strong> a wieczorem wraz z najbli\u017cszymi zasi\u0105dziemy do wigilijnego sto\u0142u. Prosimy o zachowanie religijnego wymiaru tej wyj\u0105tkowej wieczerzy. Rozpocznijmy j\u0105 od czytania Pisma \u015bw., modlitwy, kol\u0119dy a dziel\u0105c si\u0119 op\u0142atkiem, sk\u0142adajmy sobie serdeczne i\u00a0szczere \u017cyczenia. Pami\u0119tajmy o tych, kt\u00f3rzy od nas ju\u017c odeszli a swoj\u0105 wigili\u0119 prze\u017cywaj\u0105 z Bogiem w\u00a0niebie. Jest to r\u00f3wnocze\u015bnie <strong>dzie\u0144 imienin ks. abpa Adama Szala<\/strong>, o kt\u00f3rym pami\u0119tajmy w naszych modlitwach.<\/li>\n<li>Ukoronowaniem wigilijnego czuwania b\u0119dzie uroczysta <strong>Pasterka<\/strong> o p\u00f3\u0142nocy, na kt\u00f3r\u0105 wszystkich parafian i go\u015bci serdecznie zapraszamy. Pasterka b\u0119dzie w obu ko\u015bcio\u0142ach. Taca mszalna z Pasterki jest przeznaczona na Fundusz Ochrony \u017bycia i Dom Samotnej Matki w\u00a0Przemy\u015blu.<\/li>\n<li>W <strong>Bo\u017ce Narodzenie jak i w \u015bwi\u0119to \u015bw. Szczepana<\/strong>, Msze \u015bw. przedpo\u0142udniem jak w\u00a0ka\u017cd\u0105 niedziel\u0119. <strong>Nie b\u0119dzie tylko Mszy \u015bw. o godz. 16.00<\/strong> i nabo\u017ce\u0144stwa a zatem popo\u0142udniu Msza \u015bw. <strong>tylko o godz. 18.00<\/strong>.<\/li>\n<li>W pi\u0105tek <strong>\u015bwi\u0119to<\/strong> <strong>\u015bw. Jana Aposto\u0142a<\/strong>. B\u0142ogos\u0142awie\u0144stwo wina po ka\u017cdej Mszy \u015bw. Przypominamy, \u017ce <strong><u>niestety obowi\u0105zuje<\/u><\/strong> wstrzemi\u0119\u017aliwo\u015b\u0107 od pokarm\u00f3w mi\u0119snych.<\/li>\n<li>W sobot\u0119 <strong>\u015bwi\u0119to \u015bw. M\u0142odziank\u00f3w<\/strong>.<\/li>\n<li>Za tydzie\u0144 w niedziel\u0119 <strong>\u015bwi\u0119to \u015awi\u0119tej Rodziny i inauguracja Roku Jubileuszowego w\u00a0Archikatedrze<\/strong>.<\/li>\n<li><strong>W Siewcy<\/strong> s\u0105 jeszcze <strong>wigilijne \u015bwiece Caritas i op\u0142atki na st\u00f3\u0142 wigilijny<\/strong>. Mo\u017cna te\u017c naby\u0107 \u015bwi\u0105teczne wydania<strong> prasy katolickiej <\/strong>a przed ko\u015bcio\u0142em z r\u0105k ministrant\u00f3w mo\u017cna odebra\u0107 najnowszy numer naszej parafialnej <strong>gazetki Siewca.<\/strong> M\u0142odzie\u017c oazowa przy ko\u015bciele rozprowadza <strong>\u201esianko\u201d na st\u00f3\u0142 wigilijny <\/strong>a zebrane ofiary zasil\u0105 ich fundusz rekolekcyjny.<\/li>\n<li>Dla przypomnienia <strong>godziny odprawiania Mszy \u015bw<\/strong>. w czasie \u015bwi\u0105t s\u0105 zamieszczone na parafialnej stronie internetowej, w gazetce i w gablocie.<\/li>\n<\/ol>\n<p><strong><u>Intencje zbiorowe: <\/u><\/strong><\/p>\n<ul>\n<li>Za \u015bp. Ann\u0119 M\u0105czka \u2013 intencja od parafian z Parafii pw. Mi\u0142osierdzia Bo\u017cego w Przemy\u015blu \u2013 poniedzia\u0142ek, godz. 6.30 i wtorek, godz. 24.00, od dyrekcji, rodzic\u00f3w i dzieci z Przedszkola \u201eMa\u0142e Betlejem\u201d \u2013 wtorek, godz. 7.00, od Domowego Ko\u015bcio\u0142a z Parafii pw. Mi\u0142osierdzia Bo\u017cego w Przemy\u015blu \u2013 czwartek, godz. 10.00 i od Si\u00f3str S\u0142u\u017cebniczek z Jaros\u0142awia \u2013 sobota, godz. 18.00.<\/li>\n<li>Za \u015bp. Ann\u0119 Kubick\u0105 \u2013 intencja od mieszka\u0144c\u00f3w ul. Moniuszki \u2013 pi\u0105tek, godz. 6.30 i od R\u00f3\u017cy \u015bw. Teresy od Dzieci\u0105tka Jezus \u2013 niedziela, godz. 18.00.<\/li>\n<li>Za \u015bp. Katarzyn\u0119 Zygmunt \u2013 intencja od Stra\u017cy Honorowej NJSP \u2013 sobota, godz. 7.00.<\/li>\n<li>Z R\u00f3\u017cy \u015bw. Barbary \u2013 niedziela, godz. 7.00.<\/li>\n<li>Z intencji Bractwa Szkaplerza \u015awi\u0119tego \u2013 niedziela, godz. 10.00.<\/li>\n<\/ul>\n<p>W ostatnim tygodniu odeszli od nas do wieczno\u015bci <strong>\u015bp. John Kostrzewski <\/strong>\u00a0z ul. Staszica i\u00a0<strong>Maria Krokos<\/strong> z ul. Mickiewicza \u2013 wieczny odpoczynek \u2026<\/p>\n","protected":false},"excerpt":{"rendered":"<p>Dzi\u015b zapraszamy jeszcze na nieszpory niedzielne o\u00a0godz. 17.30. Jutro odwiedzimy chorych w\u00a0domach z\u00a0Komuni\u0105 \u015bw. od godz. 9.00,\u00a0 Zg\u0142oszenia w\u00a0zakrystii. Tak\u017ce jutro o godz. 18.00, zako\u0144czenie rorat dla dzieci. Zapraszamy wszystkie dzieci, kt\u00f3re uczestniczy\u0142y w roratach po ma\u0142y, okoliczno\u015bciowy prezent i indywidualne kap\u0142a\u0144skie b\u0142ogos\u0142awie\u0144stwo. We wtorek najpi\u0119kniejszy dzie\u0144 w roku \u2013 Wigilia. Msze \u015bw. w naszym [&hellip;]<\/p>\n","protected":false},"author":4,"featured_media":0,"comment_status":"closed","ping_status":"open","sticky":false,"template":"","format":"standard","meta":[],"categories":[5],"tags":[],"_links":{"self":[{"href":"https:\/\/lezajsk.przemyska.pl\/index.php?rest_route=\/wp\/v2\/posts\/18181"}],"collection":[{"href":"https:\/\/lezajsk.przemyska.pl\/index.php?rest_route=\/wp\/v2\/posts"}],"about":[{"href":"https:\/\/lezajsk.przemyska.pl\/index.php?rest_route=\/wp\/v2\/types\/post"}],"author":[{"embeddable":true,"href":"https:\/\/lezajsk.przemyska.pl\/index.php?rest_route=\/wp\/v2\/users\/4"}],"replies":[{"embeddable":true,"href":"https:\/\/lezajsk.przemyska.pl\/index.php?rest_route=%2Fwp%2Fv2%2Fcomments&post=18181"}],"version-history":[{"count":1,"href":"https:\/\/lezajsk.przemyska.pl\/index.php?rest_route=\/wp\/v2\/posts\/18181\/revisions"}],"predecessor-version":[{"id":18182,"href":"https:\/\/lezajsk.przemyska.pl\/index.php?rest_route=\/wp\/v2\/posts\/18181\/revisions\/18182"}],"wp:attachment":[{"href":"https:\/\/lezajsk.przemyska.pl\/index.php?rest_route=%2Fwp%2Fv2%2Fmedia&parent=18181"}],"wp:term":[{"taxonomy":"category","embeddable":true,"href":"https:\/\/lezajsk.przemyska.pl\/index.php?rest_route=%2Fwp%2Fv2%2Fcategories&post=18181"},{"taxonomy":"post_tag","embeddable":true,"href":"https:\/\/lezajsk.przemyska.pl\/index.php?rest_route=%2Fwp%2Fv2%2Ftags&post=18181"}],"curies":[{"name":"wp","href":"https:\/\/api.w.org\/{rel}","templated":true}]}}