
{"id":1818,"date":"2017-04-28T20:52:55","date_gmt":"2017-04-28T18:52:55","guid":{"rendered":"http:\/\/lezajsk.przemyska.pl\/?p=1818"},"modified":"2017-05-09T10:11:03","modified_gmt":"2017-05-09T08:11:03","slug":"piata-ewangelia-rozdzial-pierwszy","status":"publish","type":"post","link":"https:\/\/lezajsk.przemyska.pl\/?p=1818","title":{"rendered":"&#8222;Pi\u0105ta Ewangelia&#8221;. Rozdzia\u0142 Pierwszy."},"content":{"rendered":"<p style=\"text-align: center;\"><strong>Rozdzia\u0142 Pierwszy<\/strong><\/p>\n<p style=\"text-align: center;\"><strong>Podr\u00f3\u017c le\u017cajskich pielgrzym\u00f3w bladym \u015bwitem\u2026<\/strong><\/p>\n<p>W\u0142a\u015bnie dotar\u0142em do pokoju 701 w &#8222;Grand Hotel Bethlehem&#8221;. <span style=\"color: #ff0000;\">(Betlejem &#8211; po hebr. dom chleba &#8211; miasto dynastii Dawidowej. Z niego pochodzi\u0142 ojciec Dawida Jesse. Tutaj Dawid zosta\u0142 namaszczony na kr\u00f3la. I TUTAJ narodzi\u0142 si\u0119 ZBAWICIEL).<\/span> Tak. Jeste\u015bmy w Izraelu. Jeste\u015bmy, bo opr\u00f3cz ks. Grzegorza, ks. Piotra \u0141abudy, Amira \u2013 naszego kierowcy i mnie, czyli ks. Piotra jest jeszcze 56 parafian z le\u017cajskiej FARY. Ale od pocz\u0105tku. O 4.30 rano pocz\u0105tki s\u0105 zawsze trudne, bo spa\u0107 si\u0119 chce i to bardzo. Ale wstali\u015bmy wszyscy i punktualnie o czasie wyruszyli\u015bmy do Krakowa na lotnisko. Po drodze zabrali\u015bmy naszego ksi\u0119dza przewodnika z Tarnowa. Docieraj\u0105c na lotnisko, jeszcze nie wiedzieli\u015bmy co nas czeka. \u201eGorzej ni\u017c na spowiedzi\u201d \u2013 cytuj\u0105c Pani\u0105 NN. No tak. Pytano nas o wszystko; nazw\u0119 parafii, ilu jest ksi\u0119\u017cy, jak nazywa si\u0119 proboszcz \u2013 na co DUMNIE odpowiadali\u015bmy Ks. Pra\u0142at Marek Cisek &#x1f609;, czy modlili\u015bmy si\u0119 przed podr\u00f3\u017c\u0105 i gdzie, czy nasze baga\u017ce nie pozostawa\u0142y bez opieki, czy pakowali\u015bmy si\u0119 sami, czy nikt nam niczego nie podawa\u0142\u2026 itp., itd. ???????????????? (stawiam kilka pytajnik\u00f3w, bo to by\u0142y pytania, a po ka\u017cdym z nich nie postawi\u0142em ani jednego). Po tej \u201espowiedzi\u201d udali\u015bmy si\u0119 na Msze \u015awi\u0119t\u0105 do kaplicy. I tu zawierzyli\u015bmy ca\u0142\u0105 nasz\u0105 wsp\u00f3ln\u0105 pielgrzymk\u0119 Bo\u017cej Opatrzno\u015bci. O godzinie 11.40 byli\u015bmy ju\u017c w samolocie. Ponad trzygodzinna podr\u00f3\u017c up\u0142yn\u0119\u0142a nawet szybko. I wysiedli\u015bmy na lotnisku, a tu w Tel Awiwie 27 stopni\u2026 pi\u0119kne s\u0142o\u0144ce\u2026 palmy\u2026 i my w swetrach, kurtkach, bo w Polsce jedynie 4 stopnie powy\u017cej zera. Ale uporali\u015bmy si\u0119 z tym szybko. Odbi\u00f3r baga\u017cu. Kurtki, swetry do walizek i klimatyzowanym autokarem z kierowc\u0105 AMIREM (o nim mo\u017ce s\u0142\u00f3w kilka w kolejnym rozdziale) w stron\u0119 Jafy &#8211; <span style=\"color: #ff0000;\">(Jafa<strong>\u00a0<\/strong>to staro\u017cytne arabskie miasto, kt\u00f3re obecnie tworzy wraz z Tel Aviv\u2019em metropolitarn\u0105 cz\u0119\u015b\u0107 Izraela. Jeden z najstarszych port\u00f3w morskich na \u015bwiecie.\u00a0<\/span><span style=\"color: #ff0000;\">Jafa jest znana, jako miejsce, z kt\u00f3rego Jonasz wyp\u0142yn\u0105\u0142 na morze, uciekaj\u0105c przez wezwaniem Pana, kt\u00f3ry nakaza\u0142 mu nawo\u0142ywanie do skruchy mieszka\u0144c\u00f3w Niniwy (Stary Testament, Ksi\u0119ga Jonasza, rozdzia\u0142 1, wers 3). Historia opowiada o tym, jak podczas sztormu Jonasz zosta\u0142 wyrzucony za burt\u0119 statku i po\u0142kni\u0119ty przez olbrzymi\u0105 ryb\u0119, w kt\u00f3rej brzuchu przebywa\u0142 trzy dni.\u00a0<\/span><span style=\"color: #ff0000;\">W Jafie w\u0142a\u015bnie, \u015awi\u0119ty Piotr wskrzesi\u0142 dziewczyn\u0119 o imieniu Tabita (Dzieje Apostolskie, rozdzia\u0142 9, wersy od 36 do 43).\u00a0<\/span>Po modlitwie przed Naj\u015bwi\u0119tszym Sakramentem w Ko\u015bciele p.w. \u015awi\u0119tego Piotra, podziwiaj\u0105c pi\u0119kna ambon\u0119 \u201ezakorzenion\u0105 w Chrystusie\u201d wyruszyli\u015bmy do Betlejem\u2026 no i ju\u017c na miejscu, po kolacji w swoich pokojach\u2026 Inni pewnie si\u0119 k\u0105pi\u0105 i k\u0142ad\u0105 spa\u0107 a ja pisz\u0119 wspomnienia z dnia pierwszego naszej le\u017cajskiej pielgrzymki. Jutro rano pobudka i wyruszamy\u2026 gdzie? Nie pami\u0119tam. Ale wiem na pewno, \u017ce \u015bladami Jezusa\u2026 dobranoc wszystkim.<\/p>\n<p style=\"text-align: right;\">(amicusPETRUS).<\/p>\n<p>&nbsp;<\/p>\n","protected":false},"excerpt":{"rendered":"<p>Rozdzia\u0142 Pierwszy Podr\u00f3\u017c le\u017cajskich pielgrzym\u00f3w bladym \u015bwitem\u2026 W\u0142a\u015bnie dotar\u0142em do pokoju 701 w &#8222;Grand Hotel Bethlehem&#8221;. (Betlejem &#8211; po hebr. dom chleba &#8211; miasto dynastii Dawidowej. Z niego pochodzi\u0142 ojciec Dawida Jesse. Tutaj Dawid zosta\u0142 namaszczony na kr\u00f3la. I TUTAJ narodzi\u0142 si\u0119 ZBAWICIEL). Tak. Jeste\u015bmy w Izraelu. Jeste\u015bmy, bo opr\u00f3cz ks. Grzegorza, ks. Piotra \u0141abudy, [&hellip;]<\/p>\n","protected":false},"author":5,"featured_media":1834,"comment_status":"closed","ping_status":"open","sticky":false,"template":"","format":"standard","meta":[],"categories":[4],"tags":[],"_links":{"self":[{"href":"https:\/\/lezajsk.przemyska.pl\/index.php?rest_route=\/wp\/v2\/posts\/1818"}],"collection":[{"href":"https:\/\/lezajsk.przemyska.pl\/index.php?rest_route=\/wp\/v2\/posts"}],"about":[{"href":"https:\/\/lezajsk.przemyska.pl\/index.php?rest_route=\/wp\/v2\/types\/post"}],"author":[{"embeddable":true,"href":"https:\/\/lezajsk.przemyska.pl\/index.php?rest_route=\/wp\/v2\/users\/5"}],"replies":[{"embeddable":true,"href":"https:\/\/lezajsk.przemyska.pl\/index.php?rest_route=%2Fwp%2Fv2%2Fcomments&post=1818"}],"version-history":[{"count":1,"href":"https:\/\/lezajsk.przemyska.pl\/index.php?rest_route=\/wp\/v2\/posts\/1818\/revisions"}],"predecessor-version":[{"id":1819,"href":"https:\/\/lezajsk.przemyska.pl\/index.php?rest_route=\/wp\/v2\/posts\/1818\/revisions\/1819"}],"wp:featuredmedia":[{"embeddable":true,"href":"https:\/\/lezajsk.przemyska.pl\/index.php?rest_route=\/wp\/v2\/media\/1834"}],"wp:attachment":[{"href":"https:\/\/lezajsk.przemyska.pl\/index.php?rest_route=%2Fwp%2Fv2%2Fmedia&parent=1818"}],"wp:term":[{"taxonomy":"category","embeddable":true,"href":"https:\/\/lezajsk.przemyska.pl\/index.php?rest_route=%2Fwp%2Fv2%2Fcategories&post=1818"},{"taxonomy":"post_tag","embeddable":true,"href":"https:\/\/lezajsk.przemyska.pl\/index.php?rest_route=%2Fwp%2Fv2%2Ftags&post=1818"}],"curies":[{"name":"wp","href":"https:\/\/api.w.org\/{rel}","templated":true}]}}