
{"id":18174,"date":"2024-12-14T20:24:08","date_gmt":"2024-12-14T19:24:08","guid":{"rendered":"https:\/\/lezajsk.przemyska.pl\/?p=18174"},"modified":"2024-12-14T20:24:08","modified_gmt":"2024-12-14T19:24:08","slug":"iii-niedziela-adwentu-15-12-2024-r","status":"publish","type":"post","link":"https:\/\/lezajsk.przemyska.pl\/?p=18174","title":{"rendered":"III Niedziela Adwentu &#8211; 15.12.2024 r."},"content":{"rendered":"<ol>\n<li>Dzi\u015b zapraszamy jeszcze na nabo\u017ce\u0144stwo eucharystyczne z <strong>Koronk\u0105 do Bo\u017cego Mi\u0142osierdzia<\/strong> na\u00a0godz. 17.30. B\u0119dziemy si\u0119 modli\u0107 o dobr\u0105 spowied\u017a dla nas wszystkich oraz o owocne prze\u017cycie \u015bwi\u0105t Bo\u017cego Narodzenia dla ca\u0142ej naszej parafialnej wsp\u00f3lnoty.<\/li>\n<li><strong>Od wtorku tj. od 17 do 24 grudnia<\/strong> wchodzimy w okres bezpo\u015bredniego przygotowania do Uroczysto\u015bci Bo\u017cego Narodzenia, czyli <strong>czas tzw.<\/strong> <strong>Wielkich Antyfon.<\/strong><\/li>\n<li>W dalszym ci\u0105gu zapraszamy wszystkich a szczeg\u00f3lnie dzieci i m\u0142odzie\u017c do uczestnictwa w\u00a0<strong>Roratach <\/strong>codziennie o godz. 18.00.<\/li>\n<li>We wtorek <strong>nowenna do \u015aw. J\u00f3zefa \u2013 Oblubie\u0144ca NMP<\/strong>. Podzi\u0119kowania i\u00a0pro\u015bby mo\u017cna sk\u0142ada\u0107 bezpo\u015brednio przed nabo\u017ce\u0144stwem na o\u0142tarzu Matki Bo\u017cej.<\/li>\n<li>Tak\u017ce we wtorek po Mszy \u015bw. wieczornej <strong>spotkanie Akcji Katolickiej<\/strong>. Wszystkich cz\u0142onk\u00f3w Akcji Katolickiej serdecznie zapraszamy.<\/li>\n<li>W sobot\u0119 <strong>21 grudnia<\/strong> b\u0119dziemy prze\u017cywa\u0107 nasz\u0105 <strong>spowied\u017a parafialn\u0105.<\/strong> Kap\u0142ani z\u00a0dekanatu b\u0119d\u0105 spowiada\u0107<strong> w obu ko\u015bcio\u0142ach w godz. 9.00 &#8211; 12.00 <\/strong>(przerwa p\u00f3\u0142godzinna o\u00a0godz. 10.30)<strong> i popo\u0142udniu od 16.00 do 20.00. <\/strong>(przerwa p\u00f3\u0142godzinna o godz. 18.00). Nie zmarnujmy tej okazji aby pojednani z\u00a0Bogiem i\u00a0lud\u017ami zasi\u0105\u015b\u0107 do wigilijnego sto\u0142u i nie odk\u0142adajmy spowiedzi na p\u00f3\u017aniej.<\/li>\n<li>Uprzedzaj\u0105c, informujemy, i\u017c <strong>chorych w\u00a0domach<\/strong> <strong>z\u00a0Komuni\u0105 \u015bw<\/strong>.<strong> odwiedzimy<\/strong> w poniedzia\u0142ek 23 grudnia od godz. 9.00.\u00a0 Zg\u0142oszenia w zakrystii lub kancelarii.<\/li>\n<li><strong>Na czas Bo\u017cego Narodzenia i Nowego Roku,<\/strong> <strong>zawieszamy peregrynacje obraz\u00f3w Naj\u015bwi\u0119tszego Serca Pana Jezusa.<\/strong> W zwi\u0105zku z powy\u017cszym bardzo prosimy aby obrazy wr\u00f3ci\u0142y do ko\u015bcio\u0142a w najbli\u017csz\u0105 sobot\u0119 na Msz\u0119 \u015bw. o godz. 18.00 a rodziny, kt\u00f3re jako ostatnie przed przerw\u0105 b\u0119d\u0105 podejmowa\u0107 obraz, prosimy aby zadba\u0142y o to, kto b\u0119dzie przyjmowa\u0142 obraz po wznowieniu peregrynacji <strong>po \u015bwi\u0119tach, czyli od 7\u00a0stycznia<\/strong> \u2013 w czasie Mszy \u015bw. godz. 18.00.<\/li>\n<li><strong>Dary na st\u00f3\u0142 wigilijny dla potrzebuj\u0105cych <\/strong>mo\u017cna sk\u0142ada\u0107 w ko\u015bciele do pi\u0105tku w\u0142\u0105cznie w\u00a0wystawionych koszach. R\u00f3wnocze\u015bnie Caritas dzi\u0119kuje wszystkim, kt\u00f3rzy wzi\u0119li udzia\u0142 w\u00a0zbi\u00f3rce \u017cywno\u015bci w sklepach na terenie Le\u017cajska. Caritas b\u0119dzie wydawa\u0142 przygotowane paczki w pi\u0105tek 20 grudnia w\u00a0godz. od 8.00 do 14.00.<\/li>\n<li><strong>W \u201eSiewcy\u201d<\/strong> do nabycia wigilijne <strong>\u015bwiece Caritas <\/strong>oraz<strong> prasa i publikacje katolickie.<\/strong><\/li>\n<li>Sk\u0142adamy serdeczne B\u00f3g zap\u0142a\u0107 wszystkim tym, kt\u00f3rzy w minionym tygodniu podj\u0119li pos\u0142ug\u0119 roznoszenia <strong>op\u0142atk\u00f3w wigilijnych<\/strong> w naszej parafii. B\u00f3g zap\u0142a\u0107 za sk\u0142adane z\u00a0tej okazji ofiary przeznaczone na dalsze prace remontowe i ogrzewanie ko\u015bcio\u0142\u00f3w. Rodziny, kt\u00f3rych nie zastano w\u00a0domu, mog\u0105 w dalszym ci\u0105gu odbiera\u0107 op\u0142atki w\u00a0\u201eSiewcy\u201d.<\/li>\n<li><strong>Burmistrz naszego Miasta<\/strong> zaprasza dzi\u015b na kolejny dzie\u0144 <strong>Jarmarku Bo\u017conarodzeniowego<\/strong>. W\u015br\u00f3d wielu atrakcji znajdziemy tak\u017ce stoisko, na kt\u00f3rym nasi niepe\u0142nosprawni z\u00a0Warsztat\u00f3w Terapii Zaj\u0119ciowej przy naszym Oddziale Caritas, maj\u0105 w\u0142asnor\u0119cznie zrobione<strong> ozdoby i\u00a0stroiki\u00a0bo\u017conarodzeniowe <\/strong>za\u015b m\u0142odzie\u017c oazowa b\u0119dzie rozprowadza\u0107 <strong>\u201esianko\u201d na st\u00f3\u0142 wigilijny<\/strong> za tydzie\u0144 w niedziel\u0119, przy ko\u015bciele a ofiary zasil\u0105 ich fundusz rekolekcyjny.<\/li>\n<\/ol>\n<p><strong><u>Intencje zbiorowe: <\/u><\/strong><\/p>\n<ul>\n<li>Za \u015bp. Ann\u0119 M\u0105czka \u2013 intencja od s\u0105siad\u00f3w z bloku ul. Kopernika 5 \u2013 wtorek i \u015broda, godz. 6.30.<\/li>\n<li>W intencji nowennowych pr\u00f3\u015bb i podzi\u0119kowa\u0144 do MB Pocieszenia \u2013 \u015broda godz. 18.00.<\/li>\n<\/ul>\n<p>W ostatnim tygodniu odesz\u0142a od nas do wieczno\u015bci <strong>\u015bp. Bo\u017cenna Lenart &#8211; Filip<\/strong> z ul. Ko\u0142\u0142\u0105taja \u2013 wieczny odpoczynek \u2026..<\/p>\n","protected":false},"excerpt":{"rendered":"<p>Dzi\u015b zapraszamy jeszcze na nabo\u017ce\u0144stwo eucharystyczne z Koronk\u0105 do Bo\u017cego Mi\u0142osierdzia na\u00a0godz. 17.30. B\u0119dziemy si\u0119 modli\u0107 o dobr\u0105 spowied\u017a dla nas wszystkich oraz o owocne prze\u017cycie \u015bwi\u0105t Bo\u017cego Narodzenia dla ca\u0142ej naszej parafialnej wsp\u00f3lnoty. Od wtorku tj. od 17 do 24 grudnia wchodzimy w okres bezpo\u015bredniego przygotowania do Uroczysto\u015bci Bo\u017cego Narodzenia, czyli czas tzw. Wielkich [&hellip;]<\/p>\n","protected":false},"author":4,"featured_media":0,"comment_status":"closed","ping_status":"open","sticky":false,"template":"","format":"standard","meta":[],"categories":[5],"tags":[],"_links":{"self":[{"href":"https:\/\/lezajsk.przemyska.pl\/index.php?rest_route=\/wp\/v2\/posts\/18174"}],"collection":[{"href":"https:\/\/lezajsk.przemyska.pl\/index.php?rest_route=\/wp\/v2\/posts"}],"about":[{"href":"https:\/\/lezajsk.przemyska.pl\/index.php?rest_route=\/wp\/v2\/types\/post"}],"author":[{"embeddable":true,"href":"https:\/\/lezajsk.przemyska.pl\/index.php?rest_route=\/wp\/v2\/users\/4"}],"replies":[{"embeddable":true,"href":"https:\/\/lezajsk.przemyska.pl\/index.php?rest_route=%2Fwp%2Fv2%2Fcomments&post=18174"}],"version-history":[{"count":1,"href":"https:\/\/lezajsk.przemyska.pl\/index.php?rest_route=\/wp\/v2\/posts\/18174\/revisions"}],"predecessor-version":[{"id":18175,"href":"https:\/\/lezajsk.przemyska.pl\/index.php?rest_route=\/wp\/v2\/posts\/18174\/revisions\/18175"}],"wp:attachment":[{"href":"https:\/\/lezajsk.przemyska.pl\/index.php?rest_route=%2Fwp%2Fv2%2Fmedia&parent=18174"}],"wp:term":[{"taxonomy":"category","embeddable":true,"href":"https:\/\/lezajsk.przemyska.pl\/index.php?rest_route=%2Fwp%2Fv2%2Fcategories&post=18174"},{"taxonomy":"post_tag","embeddable":true,"href":"https:\/\/lezajsk.przemyska.pl\/index.php?rest_route=%2Fwp%2Fv2%2Ftags&post=18174"}],"curies":[{"name":"wp","href":"https:\/\/api.w.org\/{rel}","templated":true}]}}