
{"id":18131,"date":"2024-12-07T21:00:42","date_gmt":"2024-12-07T20:00:42","guid":{"rendered":"https:\/\/lezajsk.przemyska.pl\/?p=18131"},"modified":"2024-12-07T21:00:42","modified_gmt":"2024-12-07T20:00:42","slug":"uroczystosc-niepokalanego-poczecia-nmp-i-ii-niedziela-adwentu-08-12-2024-r","status":"publish","type":"post","link":"https:\/\/lezajsk.przemyska.pl\/?p=18131","title":{"rendered":"Uroczysto\u015b\u0107 Niepokalanego Pocz\u0119cia NMP i II Niedziela Adwentu &#8211; 08.12.2024 r."},"content":{"rendered":"<ol>\n<li><strong>W Uroczysto\u015b\u0107 Niepokalanego Pocz\u0119cia Naj\u015bwi\u0119tszej Maryi Panny w godzinach od 12.00-13.00 przypada tzw. \u201eGodzina \u0142aski dla \u015bwiata\u201d.<\/strong> Zatem dzi\u015b bezpo\u015brednio po Mszy \u015bw. o godz. 11.30, zapraszamy do naszej Fary na osobist\u0105 modlitw\u0119 w ciszy i\u00a0milczeniu przed Naj\u015bwi\u0119tszym Sakramentem.\u00a0Maryja w objawieniach z 1947 roku zach\u0119ca, by ka\u017cdego 8 grudnia o godz. 12.00 uda\u0107 si\u0119 do ko\u015bcio\u0142a i tam si\u0119 modli\u0107. Jednak je\u015bli nie jest to mo\u017cliwe, mo\u017cna tak\u017ce prosi\u0107 o \u0142aski w domu, w pracy lub jakimkolwiek innym miejscu. Pami\u0119tajmy, by powierza\u0107 Niebu nie tylko intencje swoje i swojej rodziny, ale tak\u017ce spraw\u0119 pokoju na \u015bwiecie, Ko\u015bci\u00f3\u0142 powszechny i\u00a0nawr\u00f3cenie grzesznik\u00f3w. Maryja pragnie bowiem wyprosi\u0107 nawr\u00f3cenie dla wielu grzesznik\u00f3w. Nie zapominajmy te\u017c o dzi\u0119kczynieniu. <strong>Adoracja w Farze zako\u0144czy si\u0119 o godz. 13.30.<\/strong><\/li>\n<li>Dzi\u015b <strong>nabo\u017ce\u0144stwo eucharystyczne z modlitw\u0105 r\u00f3\u017ca\u0144cow\u0105<\/strong> o godz. 17.30 a po nim Msza \u015bw. wieczorna.<\/li>\n<li>Dzisiejsza niedziela jest te\u017c obchodzona jako kolejny <strong>Dzie\u0144 solidarno\u015bci z Ko\u015bcio\u0142em na Wschodzie<\/strong>. Dzi\u0119kujemy za ofiary z\u0142o\u017cone do puszek z przeznaczeniem na ten cel w\u00a0minion\u0105 niedziel\u0119.<\/li>\n<li><strong>Roraty <\/strong>w naszym ko\u015bciele codziennie o godz., 18.00, na kt\u00f3re wszystkich a szczeg\u00f3lnie dzieci bardzo serdecznie zapraszamy.<\/li>\n<li>W tym tygodniu zapraszamy <strong>kandydat\u00f3w do bierzmowania na kolejne spotkania formacyjne<\/strong>. Kandydaci przychodz\u0105 na Msz\u0119 \u015bw. \u201eroratni\u0105\u201d na godz. 18.00 a nast\u0119pnie po Mszy \u015bw. odb\u0119dzie si\u0119 spotkanie formacyjne w ko\u015bciele. I tak w poniedzia\u0142ek zapraszamy klas\u0119 VIII C ze SP nr 2, a w \u015brod\u0119 klas\u0119 VIII ze SP nr 1.<\/li>\n<li>Jutro po Mszy \u015bw. wieczornej spotkanie <strong>R\u00f3\u017c R\u00f3\u017ca\u0144cowych, Apostolskiego Dzie\u0142a Pomocy dla Czy\u015b\u0107ca oraz Dzie\u0142a Pomocy Powo\u0142aniom<\/strong>.<\/li>\n<li>We wtorek po Mszy \u015bw. spotkanie <strong>Stra\u017cy Honorowej NSPJ<\/strong>.<\/li>\n<li>Tak\u017ce we wtorek po Mszy \u015bw. o godz. 18.00 <strong>nowenna do \u015bw. Antoniego<\/strong>. Pro\u015bby i\u00a0podzi\u0119kowania sk\u0142adamy przy figurze \u015bwi\u0119tego a po nowennie b\u0142ogos\u0142awie\u0144stwo dzieci.<\/li>\n<li><strong>Sk\u0142adamy serdeczne B\u00f3g zap\u0142a\u0107 wszystkim tym, kt\u00f3rzy w minionym tygodniu podj\u0119li pos\u0142ug\u0119 roznoszenia op\u0142atk\u00f3w wigilijnych w naszej parafii<\/strong>. B\u00f3g zap\u0142a\u0107 za sk\u0142adane z tej okazji ofiary. Rodziny, kt\u00f3rych nie zastano w domu jak i rodziny z\u00a0rejon\u00f3w w\u00a0kt\u00f3rych nikt si\u0119 nie podj\u0105\u0142 roznoszenia op\u0142atk\u00f3w, mog\u0105 w dalszym ci\u0105gu odbiera\u0107 je w\u00a0\u201eSiewcy\u201d.<\/li>\n<li>Dzisiejsza taca mszalna jest przeznaczona <strong>na prace remontowe przy naszej parafii. <\/strong>Za wszystkie z\u0142o\u017cone nie tylko dzi\u015b ofiary serdecznie dzi\u0119kujemy.<\/li>\n<li><strong>Kontener na makulatur\u0119 zosta\u0142 ju\u017c zape\u0142niony<\/strong> a tym samym ko\u0144czymy jej zbi\u00f3rk\u0119. Sk\u0142adamy serdeczne B\u00f3g zap\u0142a\u0107 za okazan\u0105 w ten spos\u00f3b pomoc misjom.<\/li>\n<li><strong>W Siewcy<\/strong> do nabycia prasa i publikacje katolickie. <strong>Wigilijne \u015bwiece Caritas<\/strong> w cenie minimalnej 10 z\u0142. oraz <strong>kalendarze i Ewangelie z rozwa\u017caniami na ka\u017cdy dzie\u0144 2025 r.<\/strong> W koszyczku na o\u0142tarzu wyj\u0105tkowy <strong>kalendarz z B\u0142ogos\u0142awion\u0105 Rodzin\u0105 Ulm\u00f3w<\/strong> w\u00a0cenie 10 z\u0142. Jest to r\u00f3wnocze\u015bnie cegie\u0142ka na rzecz Radia Fara.<\/li>\n<\/ol>\n<p><strong><u>Intencje zbiorowe: <\/u><\/strong><\/p>\n<ul>\n<li>Za dusze w czy\u015b\u0107cu cierpi\u0105ce \u2013 intencja od Apostolskiego Dzie\u0142a Pomocy Duszom czy\u015b\u0107cowym \u2013 poniedzia\u0142ek, godz. 7.00.<\/li>\n<li>Za \u015bp. Mari\u0119 Marek \u2013 intencja od si\u00f3str z R\u00f3\u017cy \u015bw. Barbary \u2013 \u015broda, godz. 6.30.<\/li>\n<li>W intencji nowennowych pr\u00f3\u015bb i podzi\u0119kowa\u0144 do MB Pocieszenia \u2013 \u015broda godz. 18.00.<\/li>\n<li>Za \u015bp. Teres\u0119 Mazur &#8211; Bojanowsk\u0105 \u2013 intencja od s\u0105siad\u00f3w \u2013 czwartek, godz. 6.30.<\/li>\n<li>Za \u015bp. Ann\u0119 M\u0105czka \u2013 intencja od s\u0105siad\u00f3w z bloku przy ul. Kopernika 7 \u2013 czwartek i\u00a0pi\u0105tek, godz. 7.00 i od si\u00f3str z R\u00f3\u017cy \u015bw. Barbary, sobota, godz. 18.00.<\/li>\n<li>Z intencji Ko\u0142a Przyjaci\u00f3\u0142 Radia Maryja \u2013 pi\u0105tek, godz. 18.00.<\/li>\n<li>Za \u015bp. Ann\u0119 Kubick\u0105 \u2013 intencja od kole\u017canek i koleg\u00f3w Bogdana i Jurka z pracy \u2013 sobota, godz. 7.00.<\/li>\n<li>Za \u015bp. J\u00f3zefa Stadnik \u2013 intencja od koleg\u00f3w emeryt\u00f3w z ZST w Le\u017cajsku \u2013 niedziela, godz. 8.30.<\/li>\n<li>Za \u015bp. Marka Lej\u0119 \u2013 intencja od koleg\u00f3w i kole\u017canek z pracy brata Jacka \u2013 niedziela, godz. 11.30.<\/li>\n<\/ul>\n<p>W ostatnim tygodniu odesz\u0142a od nas do wieczno\u015bci <strong>\u015bp. Stanis\u0142awa Sarzy\u0144ska<\/strong> z ul. S\u0142owackiego \u2013 wieczny odpoczynek \u2026..<\/p>\n","protected":false},"excerpt":{"rendered":"<p>W Uroczysto\u015b\u0107 Niepokalanego Pocz\u0119cia Naj\u015bwi\u0119tszej Maryi Panny w godzinach od 12.00-13.00 przypada tzw. \u201eGodzina \u0142aski dla \u015bwiata\u201d. Zatem dzi\u015b bezpo\u015brednio po Mszy \u015bw. o godz. 11.30, zapraszamy do naszej Fary na osobist\u0105 modlitw\u0119 w ciszy i\u00a0milczeniu przed Naj\u015bwi\u0119tszym Sakramentem.\u00a0Maryja w objawieniach z 1947 roku zach\u0119ca, by ka\u017cdego 8 grudnia o godz. 12.00 uda\u0107 si\u0119 do [&hellip;]<\/p>\n","protected":false},"author":4,"featured_media":0,"comment_status":"closed","ping_status":"open","sticky":false,"template":"","format":"standard","meta":[],"categories":[5],"tags":[],"_links":{"self":[{"href":"https:\/\/lezajsk.przemyska.pl\/index.php?rest_route=\/wp\/v2\/posts\/18131"}],"collection":[{"href":"https:\/\/lezajsk.przemyska.pl\/index.php?rest_route=\/wp\/v2\/posts"}],"about":[{"href":"https:\/\/lezajsk.przemyska.pl\/index.php?rest_route=\/wp\/v2\/types\/post"}],"author":[{"embeddable":true,"href":"https:\/\/lezajsk.przemyska.pl\/index.php?rest_route=\/wp\/v2\/users\/4"}],"replies":[{"embeddable":true,"href":"https:\/\/lezajsk.przemyska.pl\/index.php?rest_route=%2Fwp%2Fv2%2Fcomments&post=18131"}],"version-history":[{"count":1,"href":"https:\/\/lezajsk.przemyska.pl\/index.php?rest_route=\/wp\/v2\/posts\/18131\/revisions"}],"predecessor-version":[{"id":18132,"href":"https:\/\/lezajsk.przemyska.pl\/index.php?rest_route=\/wp\/v2\/posts\/18131\/revisions\/18132"}],"wp:attachment":[{"href":"https:\/\/lezajsk.przemyska.pl\/index.php?rest_route=%2Fwp%2Fv2%2Fmedia&parent=18131"}],"wp:term":[{"taxonomy":"category","embeddable":true,"href":"https:\/\/lezajsk.przemyska.pl\/index.php?rest_route=%2Fwp%2Fv2%2Fcategories&post=18131"},{"taxonomy":"post_tag","embeddable":true,"href":"https:\/\/lezajsk.przemyska.pl\/index.php?rest_route=%2Fwp%2Fv2%2Ftags&post=18131"}],"curies":[{"name":"wp","href":"https:\/\/api.w.org\/{rel}","templated":true}]}}