
{"id":18099,"date":"2024-11-30T22:33:27","date_gmt":"2024-11-30T21:33:27","guid":{"rendered":"https:\/\/lezajsk.przemyska.pl\/?p=18099"},"modified":"2024-11-30T22:33:27","modified_gmt":"2024-11-30T21:33:27","slug":"i-niedziela-adwentu-01-12-2024-r","status":"publish","type":"post","link":"https:\/\/lezajsk.przemyska.pl\/?p=18099","title":{"rendered":"I Niedziela Adwentu &#8211; 01.12.2024 r."},"content":{"rendered":"<ol>\n<li>Dzi\u015b rozpocz\u0119li\u015bmy <strong>Adwent<\/strong>, czas radosnego i pobo\u017cnego oczekiwania na przyj\u015bcie Pana, b\u0119d\u0105cy r\u00f3wnocze\u015bnie pocz\u0105tkiem <strong>nowego rok duszpasterskiego i Roku Jubileuszowego , kt\u00f3remu b\u0119dzie towarzyszy\u0107 has\u0142o \u201ePielgrzymi nadziei\u201d<\/strong>.<\/li>\n<li>Wieczorem <strong>nowenna przed<\/strong> <strong>Uroczysto\u015bci\u0105 Niepokalanego Pocz\u0119cia<\/strong> o godz. 17.30 a\u00a0po niej Msza \u015bw. wieczorna. W tygodniu, nowenna tak\u017ce o godz. 17.30 z wyj\u0105tkiem soboty.<\/li>\n<li><strong>Roraty<\/strong> w naszym ko\u015bciele codziennie o godz. 18.00. Zach\u0119camy wszystkich a\u00a0szczeg\u00f3lnie dzieci i m\u0142odzie\u017c do jak najliczniejszego udzia\u0142u. <em>(Dzieci przynosz\u0105 ze sob\u0105 lampiony ale tylko elektryczne).<\/em><\/li>\n<li>W tym tygodniu zapraszamy <strong>kandydat\u00f3w do bierzmowania na kolejne spotkania formacyjne<\/strong>. Kandydaci przychodz\u0105 na Msz\u0119 \u015bw. \u201eroratni\u0105\u201d na godz. 18.00 a nast\u0119pnie po Mszy \u015bw. odb\u0119dzie si\u0119 spotkanie formacyjne w ko\u015bciele. I tak w poniedzia\u0142ek zapraszamy klasy VI ze SP nr 1 i 2, we wtorek klasy VII r\u00f3wnie\u017c z obydwu szk\u00f3\u0142. Natomiast w \u015brod\u0119 klas\u0119 VIII A ze SP nr 2, a w czwartek klas\u0119 VIII B tak\u017ce ze SP nr 2.<\/li>\n<li>W tym tygodniu przypada <strong>I czwartek, pi\u0105tek i I sobota miesi\u0105ca.<\/strong> Spowied\u017a w pi\u0105tek od godz. 17.00. Wieczorem adoracja Naj\u015bwi\u0119tszego Sakramentu zar\u00f3wno w czwartek jak i\u00a0w\u00a0pi\u0105tek do godz. 20.00.<\/li>\n<li>W\u00a0pi\u0105tek <strong>odwiedziny chorych w\u00a0domach z\u00a0Komuni\u0105 \u015bw. od godz. 9.00.<\/strong><\/li>\n<li>W sobot\u0119 przypada <strong>I sobota miesi\u0105ca<\/strong>. Z tej okazji wszystkich czcicieli Matki Bo\u017cej, zapraszamy na <strong>nabo\u017ce\u0144stwo I soboty<\/strong>, <strong>wynagradzaj\u0105ce Niepokalanemu Sercu NMP<\/strong>, po\u0142\u0105czone z <strong>Nowenn\u0105 przed Niepokalanym Pocz\u0119ciem i\u00a0modlitw\u0105 r\u00f3\u017ca\u0144cow\u0105<\/strong>, rozpocznie ono o <strong> 17.00<\/strong>.<\/li>\n<li>W najbli\u017csz\u0105 niedziel\u0119, <strong>II adwentow\u0105<\/strong>, <strong>8 grudnia b\u0119dziemy \u015bwi\u0119towa\u0107<\/strong> <strong>Uroczysto\u015b\u0107 Niepokalanego Pocz\u0119cia NMP<\/strong>.<\/li>\n<li><strong>W Uroczysto\u015b\u0107 Niepokalanego Pocz\u0119cia Naj\u015bwi\u0119tszej Maryi Panny w godzinach od 12.00-13.00 przypada tzw. \u201eGodzina \u0142aski dla \u015bwiata\u201d.<\/strong> W tym roku ze wzgl\u0119du na niedziel\u0119, koliduje ona nieco z Msz\u0105 \u015bw. o godz. 11.30. Mimo tego, bezpo\u015brednio po Mszy \u015bw. o godz. 11.30, rozpocznie w naszej Farze czas szczeg\u00f3lnej osobistej modlitwy w ciszy i milczeniu przed Naj\u015bwi\u0119tszym Sakramentem.\u00a0Maryja w objawieniach z 1947 roku zach\u0119ca, by <strong>ka\u017cdego 8 grudnia o godz. 12.00<\/strong> uda\u0107 si\u0119 do ko\u015bcio\u0142a i tam si\u0119 modli\u0107. Je\u015bli nie jest to mo\u017cliwe, mo\u017cna tak\u017ce prosi\u0107 o \u0142aski w domu, w pracy lub jakimkolwiek innym miejscu. Pami\u0119tajmy, by powierza\u0107 Niebu nie tylko intencje swoje i swojej rodziny, ale tak\u017ce spraw\u0119 pokoju na \u015bwiecie, Ko\u015bci\u00f3\u0142 powszechny i\u00a0nawr\u00f3cenie grzesznik\u00f3w. Maryja pragnie bowiem wyprosi\u0107 nawr\u00f3cenie dla wielu grzesznik\u00f3w. Nie zapominajmy te\u017c o dzi\u0119kczynieniu. <strong>Wystawienie Naj\u015bwi\u0119tszego Sakramentu<\/strong> zako\u0144czymy po up\u0142ywie godziny a wiec oko\u0142o 13.30.<\/li>\n<li>Uroczysto\u015b\u0107 Niepokalanego Pocz\u0119cia jest tak\u017ce jednym ze \u015bwi\u0105t patronalnych <strong>Bractwa Szkaplerza \u015awi\u0119tego<\/strong> i\u00a0z\u00a0tej okazji b\u0119dzie mo\u017cliwo\u015b\u0107 w\u0142\u0105czenia si\u0119 do Bractwa poprzez uroczyste przyj\u0119cie znaku szkaplerza w niedziel\u0119 w czasie <strong>Mszy \u015bw. o godz. 10.00<\/strong>. Wszystkich zainteresowanych prosimy o\u00a0zg\u0142aszanie si\u0119 do p. Basi lub opiekuna ks. Piotra.<\/li>\n<li>Tak\u017ce w niedziel\u0119 8 grudnia na Msz\u0119 \u015bw. o godz. 16.00 zapraszamy szczeg\u00f3lnie <strong>dzieci z\u00a0klas III,<\/strong> przygotowuj\u0105ce si\u0119 do przyj\u0119cia I Komunii \u015bw. wraz z\u00a0rodzicami. W czasie tej Mszy \u015bw. po\u015bwi\u0119cimy medaliki MB Niepokalanej i wr\u0119czymy je dzieciom.<\/li>\n<li><strong>Sk\u0142adamy serdeczne B\u00f3g zap\u0142a\u0107<\/strong> wszystkim tym, kt\u00f3rzy ju\u017c podj\u0119li pos\u0142ug\u0119 roznoszenia op\u0142atk\u00f3w wigilijnych w naszej parafii. B\u00f3g zap\u0142a\u0107 za sk\u0142adane z tej okazji ofiary. Rodziny, kt\u00f3rych nie zastano w domu, mog\u0105 odbiera\u0107 op\u0142atki w\u00a0\u201eSiewcy\u201d. Pozosta\u0142y jeszcze do zabrania op\u0142atki dla rodzin mieszkaj\u0105cych w\u00a0blokach przy: ul. Kopernika 1, 3, 5, 6, 7 i 9; Ko\u0142\u0142\u0105taja 1, 1A, 4, 5 i 8; Sk\u0142odowskiej 3 i 7 oraz Mickiewicza domy jednorodzinne i bloki nr 55, 57, 60, 62, 63, 63A i 64. Staszica 1, 2, 3, 4, 5 i 8\u00a0oraz ulice: Sikorskiego, B\u0142onie, Nizinna, 28 Maja, G\u00f3rna, Dolna, Rynek, Kr\u00f3tka, Piekarska, Targowa, Plac Targowy, \u017bwirki i Wigury, Szkolna, Garncarska, Studzienna, Spokojna, Burmistrz\u00f3w Zawilskich, \u015aw. Kr\u00f3lowej Jadwigi, Zmuliska, Rzeszowska, Lipy, Podzwierzyniec, Moniuszki i boczne oraz Furgalskiego i Sandomierska. Bardzo prosimy ludzi dobrej woli z\u00a0tych\u017ce ulic lub s\u0105siednich o\u00a0podj\u0119cie si\u0119 trudu rozprowadzenia op\u0142atk\u00f3w w\/w rejonach. <strong>Op\u0142atki i zeszyty s\u0105 do odebrania w Siewcy<\/strong>.<\/li>\n<li>Dzi\u015b przed ko\u015bcio\u0142em zbi\u00f3rka do puszek z przeznaczeniem na <strong>\u201ePomoc Ko\u015bcio\u0142owi na Wschodzie\u201d a <\/strong>dzisiejsza taca mszalna jest przeznaczona <strong>na potrzeby Seminarium Duchownego w\u00a0Przemy\u015blu<\/strong> za\u015b w przysz\u0142\u0105, z\u00a0racji II niedzieli miesi\u0105ca, taca b\u0119dzie przeznaczona <strong>na trwaj\u0105ce prace remontowe przy naszej parafii.<\/strong> Wszystkim darczy\u0144com za ka\u017cd\u0105 przekazan\u0105 z\u0142ot\u00f3wk\u0119, za \u017cyczliwo\u015b\u0107 i\u00a0zrozumienie sk\u0142adamy serdeczne B\u00f3g zap\u0142a\u0107.<\/li>\n<li><strong>W Siewcy<\/strong> do nabycia prasa i publikacje katolickie. <strong>Wigilijne \u015bwiece Caritas<\/strong> w cenie minimalnej 10 z\u0142. oraz <strong>kalendarze i Ewangelie z rozwa\u017caniami na ka\u017cdy dzie\u0144 2025 r.<\/strong> W koszyczku na o\u0142tarzu wyj\u0105tkowy <strong>kalendarz z B\u0142ogos\u0142awion\u0105 Rodzin\u0105 Ulm\u00f3w<\/strong> w\u00a0cenie 10 z\u0142. Jest to r\u00f3wnocze\u015bnie cegie\u0142ka na rzecz Radia Fara.<\/li>\n<\/ol>\n<p><strong><u>Intencje zbiorowe: <\/u><\/strong><\/p>\n<ul>\n<li>Za \u015bp. Danut\u0119 Warenica \u2013 intencja od R\u00f3\u017cy MB Nieustaj\u0105cej Pomocy \u2013 wtorek, godz. 18.00.<\/li>\n<li>W intencji nowennowych pr\u00f3\u015bb i podzi\u0119kowa\u0144 do MB \u2013 \u015broda, godz. 18.00.<\/li>\n<li>Za kap\u0142an\u00f3w i o nowe \u015bwi\u0119te powo\u0142ania kap\u0142a\u0144skie i zakonne \u2013 intencja od Stra\u017cy Honorowej NSPJ \u2013 czwartek, godz. 18.00.<\/li>\n<li>Z intencji Stra\u017cy Honorowej NSPJ \u2013 pi\u0105tek, godz. 18.00.<\/li>\n<li>Wynagradzaj\u0105ca Niepokalanemu Sercu NMP \u2013 intencja od Bractwa Szkaplerza \u015bw. i R\u00f3\u017c R\u00f3\u017ca\u0144cowych \u2013 sobota, godz. 18.00.<\/li>\n<li>Wynagradzaj\u0105ca z intencji Bractwa Szkaplerza \u015awi\u0119tego i R\u00f3\u017c R\u00f3\u017ca\u0144cowych \u2013 niedziela, godz. 10.00.<\/li>\n<li>Za \u015bp. Mari\u0119 Serafin \u2013 intencja od kole\u017canek z pracy \u2013 niedziela, godz. 18.00.<\/li>\n<\/ul>\n<p>W ostatnim tygodniu odesz\u0142y od nas do wieczno\u015bci <strong>\u015bp. Alina Pacyniak<\/strong> z ul. Staszica i\u00a0<strong>Maria W\u0119grzy\u0144ska<\/strong> z ul. 28 Maja \u00a0\u2013 wieczny odpoczynek \u2026..<\/p>\n","protected":false},"excerpt":{"rendered":"<p>Dzi\u015b rozpocz\u0119li\u015bmy Adwent, czas radosnego i pobo\u017cnego oczekiwania na przyj\u015bcie Pana, b\u0119d\u0105cy r\u00f3wnocze\u015bnie pocz\u0105tkiem nowego rok duszpasterskiego i Roku Jubileuszowego , kt\u00f3remu b\u0119dzie towarzyszy\u0107 has\u0142o \u201ePielgrzymi nadziei\u201d. Wieczorem nowenna przed Uroczysto\u015bci\u0105 Niepokalanego Pocz\u0119cia o godz. 17.30 a\u00a0po niej Msza \u015bw. wieczorna. W tygodniu, nowenna tak\u017ce o godz. 17.30 z wyj\u0105tkiem soboty. Roraty w naszym ko\u015bciele [&hellip;]<\/p>\n","protected":false},"author":4,"featured_media":0,"comment_status":"closed","ping_status":"open","sticky":false,"template":"","format":"standard","meta":[],"categories":[5],"tags":[],"_links":{"self":[{"href":"https:\/\/lezajsk.przemyska.pl\/index.php?rest_route=\/wp\/v2\/posts\/18099"}],"collection":[{"href":"https:\/\/lezajsk.przemyska.pl\/index.php?rest_route=\/wp\/v2\/posts"}],"about":[{"href":"https:\/\/lezajsk.przemyska.pl\/index.php?rest_route=\/wp\/v2\/types\/post"}],"author":[{"embeddable":true,"href":"https:\/\/lezajsk.przemyska.pl\/index.php?rest_route=\/wp\/v2\/users\/4"}],"replies":[{"embeddable":true,"href":"https:\/\/lezajsk.przemyska.pl\/index.php?rest_route=%2Fwp%2Fv2%2Fcomments&post=18099"}],"version-history":[{"count":1,"href":"https:\/\/lezajsk.przemyska.pl\/index.php?rest_route=\/wp\/v2\/posts\/18099\/revisions"}],"predecessor-version":[{"id":18100,"href":"https:\/\/lezajsk.przemyska.pl\/index.php?rest_route=\/wp\/v2\/posts\/18099\/revisions\/18100"}],"wp:attachment":[{"href":"https:\/\/lezajsk.przemyska.pl\/index.php?rest_route=%2Fwp%2Fv2%2Fmedia&parent=18099"}],"wp:term":[{"taxonomy":"category","embeddable":true,"href":"https:\/\/lezajsk.przemyska.pl\/index.php?rest_route=%2Fwp%2Fv2%2Fcategories&post=18099"},{"taxonomy":"post_tag","embeddable":true,"href":"https:\/\/lezajsk.przemyska.pl\/index.php?rest_route=%2Fwp%2Fv2%2Ftags&post=18099"}],"curies":[{"name":"wp","href":"https:\/\/api.w.org\/{rel}","templated":true}]}}