
{"id":18079,"date":"2024-11-23T20:35:36","date_gmt":"2024-11-23T19:35:36","guid":{"rendered":"https:\/\/lezajsk.przemyska.pl\/?p=18079"},"modified":"2024-11-24T11:10:01","modified_gmt":"2024-11-24T10:10:01","slug":"uroczystosc-chrystusa-krola-wszechswiata-24-11-2024-r","status":"publish","type":"post","link":"https:\/\/lezajsk.przemyska.pl\/?p=18079","title":{"rendered":"Uroczysto\u015b\u0107 Chrystusa Kr\u00f3la Wszech\u015bwiata &#8211; 24.11.2024 r."},"content":{"rendered":"<ol>\n<li>Dzi\u015b <strong>ostatnia niedziela roku liturgicznego obchodzona jako Uroczysto\u015b\u0107 Chrystusa Kr\u00f3la.<\/strong> Z tej okazji po Mszy \u015bw. o godz. 11.30 <strong>okoliczno\u015bciowe nabo\u017ce\u0144stwo przed Naj\u015bwi\u0119tszym Sakramentem <\/strong>i\u00a0akt po\u015bwi\u0119cenia rodzaju ludzkiego <strong>Naj\u015bwi\u0119tszemu Sercu Jezusowemu<\/strong>. Za udzia\u0142 w tym nabo\u017ce\u0144stwie mo\u017cna zyska\u0107 <strong>odpust zupe\u0142ny<\/strong> pod zwyk\u0142ymi warunkami. Pami\u0119tajmy tak\u017ce, \u017ce 24 lat temu jako mieszka\u0144cy Miasta Le\u017cajska i Ziemi Le\u017cajskiej dokonali\u015bmy intronizacji Chrystusa Kr\u00f3la i\u00a0zawierzyli\u015bmy Chrystusowi Kr\u00f3lowi nasze losy. Niech ta \u015bwiadomo\u015b\u0107 ci\u0105gle mobilizuje, umacnia wiar\u0119 i kszta\u0142tuje nasze postawy na co dzie\u0144.<\/li>\n<li>Dzi\u015b jak i w tygodniu, <strong>r\u00f3\u017caniec za zmar\u0142ych<\/strong> polecanych w\u00a0wypominkach o\u00a0godz. 17.30 do czwartku w\u0142\u0105cznie a\u00a0po nim Msza \u015bw.<\/li>\n<li><strong>W czwartek 28 listopada<\/strong> w czasie wieczornej Mszy \u015bw. godz. 18.00,<strong> zostan\u0105 po\u015bwi\u0119cone op\u0142atki wigilijne,<\/strong> kt\u00f3re w najbli\u017cszych dniach b\u0119d\u0105 roznoszone do wszystkich rodzin w\u00a0naszej parafii. W\u00a0zwi\u0105zku z powy\u017cszym, w czwartek po Mszy \u015bw. wieczorniej, zapraszamy na <strong>spotkanie wszystkich cz\u0142onk\u00f3w Rady Duszpasterskiej<\/strong>, przedstawicieli grup modlitewnych i\u00a0apostolskich oraz tych, kt\u00f3rzy s\u0142u\u017cyli swoj\u0105 pomoc\u0105 przy roznoszeniu op\u0142atk\u00f3w w\u00a0minionych latach lub chc\u0105 w\u0142\u0105czy\u0107 si\u0119 w to dzie\u0142o w\u00a0roku bie\u017c\u0105cym. Wszystkich za\u015b parafian prosimy o \u017cyczliwe przyj\u0119cie op\u0142atk\u00f3w, a\u00a0z\u0142o\u017cone z\u00a0tej okazji ofiary zasil\u0105 fundusz remontowy naszej parafii.<\/li>\n<li>W pi\u0105tek wieczorem rozpoczynamy <strong>nowenn\u0119 przed<\/strong> <strong>Uroczysto\u015bci\u0105 Niepokalanego Pocz\u0119cia<\/strong> o\u00a0godz. 17.30 a\u00a0po niej Msza \u015bw. wieczorna.<\/li>\n<li>Tak\u017ce w pi\u0105tek na Msz\u0119 \u015bw. o godz. 18.00 i spotkanie zapraszamy <strong>rodzic\u00f3w dzieci z klas III<\/strong>, przygotowuj\u0105cych si\u0119 do przyj\u0119cia I Komunii \u015bw.<\/li>\n<li>Od przysz\u0142ej niedzieli rozpoczynamy <strong>Adwent<\/strong> \u2013 czas radosnego ale i pobo\u017cnego oczekiwania na przyj\u015bcie Jezusa Chrystusa.<\/li>\n<li>Za tydzie\u0144 taca mszalna b\u0119dzie przeznaczona na <strong>Seminarium Duchowne w Przemy\u015blu<\/strong> a\u00a0przed ko\u015bcio\u0142em b\u0119dzie zbi\u00f3rka do puszek z przeznaczeniem na <strong>\u201ePomoc Ko\u015bcio\u0142owi na Wschodzie\u201d. <\/strong>O przeprowadzenie tej\u017ce zbi\u00f3rki prosimy Bractwo szkaplerza \u015awi\u0119tego.<\/li>\n<li>Akcja Katolicka przy naszej parafii organizuje kolejn\u0105 <strong>zbi\u00f3rk\u0119 makulatury na studni\u0119 w\u00a0Afryce<\/strong>. Makulatur\u0119 mo\u017cna sk\u0142ada\u0107 do kontenera, kt\u00f3ry jest ustawiony przy Placu Jaszowskiego.<\/li>\n<li>Trwa zbi\u00f3rka <strong>\u017cywno\u015bci, jako pomoc dla polskich rodzin na Ukrainie z parafii Przemy\u015blany<\/strong>. Zbieramy konkretne cztery artyku\u0142y; konserwy, olej, kasze i cukier. Mo\u017cna je sk\u0142ada\u0107 w\u00a0zakrystii lub kancelarii do wtorku 26 listopada w\u0142\u0105cznie.<\/li>\n<li>W Siewcy do nabycia prasa i publikacje katolickie. S\u0105 tam te\u017c <strong>kalendarze, w tym kalendarze rolnik\u00f3w<\/strong> na przysz\u0142y rok i<strong> Ewangelie z rozwa\u017caniami na ka\u017cdy dzie\u0144 2025 r.<\/strong> W koszyczku na o\u0142tarzu wyj\u0105tkowy <strong>kalendarz z B\u0142ogos\u0142awion\u0105 Rodzin\u0105 Ulm\u00f3w<\/strong> w\u00a0cenie 10 z\u0142. Jest to r\u00f3wnocze\u015bnie cegie\u0142ka na rzecz Radia Fara. Serdecznie polecamy.<\/li>\n<\/ol>\n<p><strong><u>Intencje zbiorowe: <\/u><\/strong><\/p>\n<ul>\n<li>Za \u015bp. J\u00f3zefa Stadnik \u2013 intencja od dyrekcji, nauczycieli i pracownik\u00f3w ZST w Le\u017cajsku \u2013 wtorek, godz. 18.00.<\/li>\n<li>W intencji nowennowych pr\u00f3\u015bb i podzi\u0119kowa\u0144 do MB Pocieszenia \u2013 \u015broda, godz. 18.00.<\/li>\n<li>Z R\u00f3\u017cy \u015bw. Krzysztofa \u2013 niedziela, godz. 10.00.<\/li>\n<li>Msze \u015bw. gregoria\u0144skie za \u015bp. J\u00f3zef\u0119 Kostka, pocz\u0105tek \u2013 niedziela, godz. 11.30.<\/li>\n<\/ul>\n<p>W ostatnim tygodniu odeszli od nas do wieczno\u015bci <strong>\u015bp. Remigiusz Szajnar<\/strong> z\u00a0ul. Braci \u015aniadeckich i\u00a0<strong>Anna Piskor<\/strong> z ul. Mickiewicza \u2013 wieczny odpoczynek&#8230;<\/p>\n","protected":false},"excerpt":{"rendered":"<p>Dzi\u015b ostatnia niedziela roku liturgicznego obchodzona jako Uroczysto\u015b\u0107 Chrystusa Kr\u00f3la. Z tej okazji po Mszy \u015bw. o godz. 11.30 okoliczno\u015bciowe nabo\u017ce\u0144stwo przed Naj\u015bwi\u0119tszym Sakramentem i\u00a0akt po\u015bwi\u0119cenia rodzaju ludzkiego Naj\u015bwi\u0119tszemu Sercu Jezusowemu. Za udzia\u0142 w tym nabo\u017ce\u0144stwie mo\u017cna zyska\u0107 odpust zupe\u0142ny pod zwyk\u0142ymi warunkami. Pami\u0119tajmy tak\u017ce, \u017ce 24 lat temu jako mieszka\u0144cy Miasta Le\u017cajska i Ziemi [&hellip;]<\/p>\n","protected":false},"author":4,"featured_media":0,"comment_status":"closed","ping_status":"open","sticky":false,"template":"","format":"standard","meta":[],"categories":[5],"tags":[],"_links":{"self":[{"href":"https:\/\/lezajsk.przemyska.pl\/index.php?rest_route=\/wp\/v2\/posts\/18079"}],"collection":[{"href":"https:\/\/lezajsk.przemyska.pl\/index.php?rest_route=\/wp\/v2\/posts"}],"about":[{"href":"https:\/\/lezajsk.przemyska.pl\/index.php?rest_route=\/wp\/v2\/types\/post"}],"author":[{"embeddable":true,"href":"https:\/\/lezajsk.przemyska.pl\/index.php?rest_route=\/wp\/v2\/users\/4"}],"replies":[{"embeddable":true,"href":"https:\/\/lezajsk.przemyska.pl\/index.php?rest_route=%2Fwp%2Fv2%2Fcomments&post=18079"}],"version-history":[{"count":2,"href":"https:\/\/lezajsk.przemyska.pl\/index.php?rest_route=\/wp\/v2\/posts\/18079\/revisions"}],"predecessor-version":[{"id":18081,"href":"https:\/\/lezajsk.przemyska.pl\/index.php?rest_route=\/wp\/v2\/posts\/18079\/revisions\/18081"}],"wp:attachment":[{"href":"https:\/\/lezajsk.przemyska.pl\/index.php?rest_route=%2Fwp%2Fv2%2Fmedia&parent=18079"}],"wp:term":[{"taxonomy":"category","embeddable":true,"href":"https:\/\/lezajsk.przemyska.pl\/index.php?rest_route=%2Fwp%2Fv2%2Fcategories&post=18079"},{"taxonomy":"post_tag","embeddable":true,"href":"https:\/\/lezajsk.przemyska.pl\/index.php?rest_route=%2Fwp%2Fv2%2Ftags&post=18079"}],"curies":[{"name":"wp","href":"https:\/\/api.w.org\/{rel}","templated":true}]}}