
{"id":18041,"date":"2024-11-16T22:31:08","date_gmt":"2024-11-16T21:31:08","guid":{"rendered":"https:\/\/lezajsk.przemyska.pl\/?p=18041"},"modified":"2024-11-16T23:14:01","modified_gmt":"2024-11-16T22:14:01","slug":"18041","status":"publish","type":"post","link":"https:\/\/lezajsk.przemyska.pl\/?p=18041","title":{"rendered":"XXXIII Niedziela zwyk\u0142a &#8211; 17.11.2024 r."},"content":{"rendered":"<ol>\n<li>Dzi\u015b, jak i w tygodniu, <strong>r\u00f3\u017caniec za zmar\u0142ych<\/strong> polecanych w\u00a0wypominkach o\u00a0godz. 17.30 a\u00a0po nim Msza \u015bw.<\/li>\n<li>Jutro po Mszy \u015bw. wieczornej <strong>spotkanie Akcji Katolickiej<\/strong>. Wszystkich cz\u0142onk\u00f3w Akcji Katolickiej serdecznie zapraszamy.<\/li>\n<li>W tym tygodniu odb\u0119d\u0105 si\u0119 kolejne <strong>spotkania kandydat\u00f3w do bierzmowania<\/strong>. I tak jutro do sali katechetycznej na godz. 18.00, zapraszamy klas\u0119 VIII C ze SP nr 2, a w \u015brod\u0119 klas\u0119 VIII ze SP nr 1.<\/li>\n<li>We wtorek <strong>nowenna do \u015aw. J\u00f3zefa \u2013 Oblubie\u0144ca NMP<\/strong>. Podzi\u0119kowania i\u00a0pro\u015bby mo\u017cna sk\u0142ada\u0107 bezpo\u015brednio przed nabo\u017ce\u0144stwem na o\u0142tarzu Matki Bo\u017cej.<\/li>\n<li>W czwartek <strong>dzie\u0144 imienin naszego wikariusza<\/strong> <strong> Janusza Borka<\/strong>. Z tej okazji pami\u0119tajmy o\u00a0nim w naszych modlitwach.<\/li>\n<li><strong>Oaz\u0119 Dzieci Bo\u017cych i Liturgiczn\u0105 S\u0142u\u017cb\u0119 O\u0142tarza<\/strong> zapraszamy w sobot\u0119 na Msz\u0119 \u015awi\u0119t\u0105 do Fary na godz. 15.00. Po Eucharystii odb\u0119dzie si\u0119 <strong>zabawa andrzejkowa w salce katechetycznej<\/strong>. Rodzic\u00f3w prosimy o odebranie dzieci oko\u0142o godz. 18.30. Zapisy i wi\u0119cej informacji u ks. Witolda.<\/li>\n<li>Za tydzie\u0144, w niedziel\u0119 <strong>Uroczysto\u015b\u0107 Jezusa Chrystusa Kr\u00f3la Wszech\u015bwiata<\/strong>. Jest to r\u00f3wnocze\u015bnie ostatnia niedziela roku liturgicznego przed Adwentem.<\/li>\n<li>Po raz kolejny organizujemy <strong>zbi\u00f3rk\u0119 \u017cywno\u015bci jako pomoc dla polskich rodzin na Ukrainie z parafii Przemy\u015blany<\/strong>. Zbieramy konkretne cztery artyku\u0142y; konserwy, olej, kasze i cukier. Mo\u017cna je sk\u0142ada\u0107 w zakrystii lub kancelarii. Zbi\u00f3rka b\u0119dzie trwa\u0142a do 26 listopada.<\/li>\n<li><strong>W Siewcy<\/strong> przed po\u0142udniem do nabycia <strong>prasa i publikacje katolickie<\/strong>. S\u0105 te\u017c <strong>Kalendarze Rolnik\u00f3w i\u00a0Ewangelie<\/strong> na rok 2025. Serdecznie polecamy.<\/li>\n<\/ol>\n<p><strong><u>Intencje zbiorowe: <\/u><\/strong><\/p>\n<ul>\n<li>Za \u015bp. Danut\u0119 Warenica \u2013 intencja od Wojew\u00f3dzkiej Stacji Pogotowia Ratunkowego w Rzeszowie, oddzia\u0142 w Le\u017cajsku \u2013 poniedzia\u0142ek, godz. 6.30.<\/li>\n<li>Za zmar\u0142ych z R\u00f3\u017cy \u015bw. Urszuli Led\u00f3chowskiej \u2013 wtorek, godz. 18.00.<\/li>\n<li>W intencji nowennowych pr\u00f3\u015bb i podzi\u0119kowa\u0144 do MB Pocieszenia \u2013 \u015broda, godz. 18.00.<\/li>\n<li>Z intencji Bractwa Szkaplerza \u015awi\u0119tego \u2013 \u00a0czwartek, godz. 18.00.<\/li>\n<li>W intencji ks. Janusza Borka, naszego wikariusza z okazji imienin \u2013 czwartek, godz. 18.00.<\/li>\n<li>Za zmar\u0142ych z R\u00f3\u017cy \u015bw. Barbary \u2013 pi\u0105tek, godz. 18.00.<\/li>\n<li>Za zmar\u0142ych polecanych w wypominkach \u2013 niedziela, godz. 8.30.<\/li>\n<li>Z intencji Akcji Katolickiej \u2013 niedziela, godz. 10.00.<\/li>\n<li>Z intencji Stra\u017cy Honorowej NSPJ \u2013 niedziela, godz. 16.00.<\/li>\n<\/ul>\n<p>W ostatnim tygodniu odszed\u0142 od nas do wieczno\u015bci <strong>\u015bp. Stanis\u0142aw Gi\u017ca<\/strong> z\u00a0ul. Staszica \u2013 wieczny odpoczynek&#8230;<\/p>\n","protected":false},"excerpt":{"rendered":"<p>Dzi\u015b, jak i w tygodniu, r\u00f3\u017caniec za zmar\u0142ych polecanych w\u00a0wypominkach o\u00a0godz. 17.30 a\u00a0po nim Msza \u015bw. Jutro po Mszy \u015bw. wieczornej spotkanie Akcji Katolickiej. Wszystkich cz\u0142onk\u00f3w Akcji Katolickiej serdecznie zapraszamy. W tym tygodniu odb\u0119d\u0105 si\u0119 kolejne spotkania kandydat\u00f3w do bierzmowania. I tak jutro do sali katechetycznej na godz. 18.00, zapraszamy klas\u0119 VIII C ze SP [&hellip;]<\/p>\n","protected":false},"author":4,"featured_media":0,"comment_status":"closed","ping_status":"open","sticky":false,"template":"","format":"standard","meta":[],"categories":[5],"tags":[],"_links":{"self":[{"href":"https:\/\/lezajsk.przemyska.pl\/index.php?rest_route=\/wp\/v2\/posts\/18041"}],"collection":[{"href":"https:\/\/lezajsk.przemyska.pl\/index.php?rest_route=\/wp\/v2\/posts"}],"about":[{"href":"https:\/\/lezajsk.przemyska.pl\/index.php?rest_route=\/wp\/v2\/types\/post"}],"author":[{"embeddable":true,"href":"https:\/\/lezajsk.przemyska.pl\/index.php?rest_route=\/wp\/v2\/users\/4"}],"replies":[{"embeddable":true,"href":"https:\/\/lezajsk.przemyska.pl\/index.php?rest_route=%2Fwp%2Fv2%2Fcomments&post=18041"}],"version-history":[{"count":3,"href":"https:\/\/lezajsk.przemyska.pl\/index.php?rest_route=\/wp\/v2\/posts\/18041\/revisions"}],"predecessor-version":[{"id":18044,"href":"https:\/\/lezajsk.przemyska.pl\/index.php?rest_route=\/wp\/v2\/posts\/18041\/revisions\/18044"}],"wp:attachment":[{"href":"https:\/\/lezajsk.przemyska.pl\/index.php?rest_route=%2Fwp%2Fv2%2Fmedia&parent=18041"}],"wp:term":[{"taxonomy":"category","embeddable":true,"href":"https:\/\/lezajsk.przemyska.pl\/index.php?rest_route=%2Fwp%2Fv2%2Fcategories&post=18041"},{"taxonomy":"post_tag","embeddable":true,"href":"https:\/\/lezajsk.przemyska.pl\/index.php?rest_route=%2Fwp%2Fv2%2Ftags&post=18041"}],"curies":[{"name":"wp","href":"https:\/\/api.w.org\/{rel}","templated":true}]}}