
{"id":18031,"date":"2024-11-09T21:21:17","date_gmt":"2024-11-09T20:21:17","guid":{"rendered":"https:\/\/lezajsk.przemyska.pl\/?p=18031"},"modified":"2024-11-09T21:44:20","modified_gmt":"2024-11-09T20:44:20","slug":"xxxii-niedziela-zwykla-10-11-2024-r","status":"publish","type":"post","link":"https:\/\/lezajsk.przemyska.pl\/?p=18031","title":{"rendered":"XXXII Niedziela zwyk\u0142a &#8211; 10.11.2024 r."},"content":{"rendered":"<ol>\n<li>Dzi\u015b wyj\u0105tkowo nie b\u0119dzie r\u00f3\u017ca\u0144ca za zmar\u0142ych polecanych w wypominkach ze wzgl\u0119du na koncert<strong> patriotyczny pt. \u201eRado\u015bni z\u00a0wolno\u015bci, dumni z polsko\u015bci\u201d<\/strong>, kt\u00f3rego organizatorem jest Muzeum Ziemi Le\u017cajskiej. Koncert rozpocznie bezpo\u015brednio po Mszy \u015bw. o godz. 16.00. Serdecznie zapraszamy a szczeg\u00f3\u0142y na plakacie.<\/li>\n<li><strong>R\u00f3\u017caniec za zmar\u0142ych polecanych w wypominkach<\/strong> w tygodniu o\u00a0godz. 17.30 a\u00a0po nim Msza \u015bw. wieczorna.<\/li>\n<li><strong>Jutro 11 listopada<\/strong>, \u015bwi\u0119tujemy dzie\u0144 wdzi\u0119czno\u015bci za wielokrotnie odzyskiwan\u0105 wolno\u015b\u0107. <strong>Powiatowe obchody 106 rocznicy Odzyskania Niepodleg\u0142o\u015bci rozpoczn\u0105 si\u0119 Msz\u0105 \u015bw. w Bazylice OO. Bernardyn\u00f3w o\u00a0godz. 12.00.<\/strong> Po Mszy \u015bw. z\u0142o\u017cenie wie\u0144c\u00f3w przy pomniku, nast\u0119pnie przemarsz na plac obok MCK-u a zwie\u0144czeniem b\u0119dzie program patriotyczny w wykonaniu m\u0142odzie\u017cy ZST i artyst\u00f3w MCK w\u00a0Le\u017cajsku. Szczeg\u00f3\u0142y na tablicy og\u0142osze\u0144. Niech ten dzie\u0144 b\u0119dzie dla nas wszystkich okazj\u0105 do wdzi\u0119czno\u015bci wobec Boga za dar wolnej Ojczyzny oraz modlitwy o\u00a0umiej\u0119tno\u015b\u0107 korzystania z\u00a0tego daru wolno\u015bci, a tak\u017ce za tych, kt\u00f3rzy za Ojczyzn\u0119 i\u00a0Jej wolno\u015b\u0107 oddali swoje \u017cycie.<\/li>\n<li>We wtorek dzie\u0144 imienin naszego wikariusza <strong> Witolda Orzechowskiego<\/strong>. Pami\u0119tajmy z tej okazji o Nim w naszych modlitwach.<\/li>\n<li>Tak\u017ce we wtorek, po Mszy \u015bw. <strong>nowenna do \u015bw. Antoniego<\/strong> i b\u0142ogos\u0142awie\u0144stwo dzieci. Pro\u015bby i\u00a0podzi\u0119kowania mo\u017cna sk\u0142ada\u0107 przy figurze \u015bwi\u0119tego.<\/li>\n<li>W tym tygodniu odb\u0119d\u0105 si\u0119 kolejne <strong>spotkania kandydat\u00f3w do bierzmowania<\/strong>. I tak w\u00a0\u015brod\u0119 do sali katechetycznej na godz. 18.00, zapraszamy klas\u0119 VIII A, a w czwartek klas\u0119 VIII B ze SP nr 2.<\/li>\n<li><strong>Dzisiejsza taca mszalna<\/strong> jest przeznaczona na trwaj\u0105ce prace remontowe przy naszej parafii. Za wszystkie z\u0142o\u017cone nie tylko dzi\u015b ofiary, sk\u0142adamy serdeczne B\u00f3g zap\u0142a\u0107.<\/li>\n<li><strong>W Siewcy<\/strong> do nabycia prasa i publikacje katolickie. S\u0105 te\u017c <strong>Kalendarze Rolnik\u00f3w i\u00a0Ewangelie<\/strong> na rok 2025 a przed ko\u015bcio\u0142em z r\u0105k ministrant\u00f3w b\u0105d\u017a z o\u0142tarzy mo\u017cna odebra\u0107 kolejny, darmowy numer <strong>\u201eDobrych Nowin\u201d. <\/strong><\/li>\n<\/ol>\n<p><strong><u>Intencje zbiorowe: <\/u><\/strong><\/p>\n<ul>\n<li>Za zmar\u0142ych z R\u00f3\u017cy \u015bw. Sebastiana \u2013 poniedzia\u0142ek, godz. 18.00.<\/li>\n<li>Za dusze w czy\u015b\u0107cu cierpi\u0105ce \u2013 intencja od Apostolskiego Dzie\u0142a Pomocy Duszom Czy\u015b\u0107cowym \u2013 wtorek, godz. 6.30.<\/li>\n<li>W intencji ks. Witolda z okazji imienin \u2013 intencja od R\u00f3\u017c R\u00f3\u017ca\u0144cowych i wolontariuszy ERM \u2013 wtorek, godz. 18.00.<\/li>\n<li>Z R\u00f3\u017cy \u015bw. Krzysztofa \u2013 wtorek, godz. 18.00.<\/li>\n<li>W intencji nowennowych pr\u00f3\u015bb i podzi\u0119kowa\u0144 do MB Pocieszenia \u2013 \u015broda, godz. 18.00.<\/li>\n<li>Za zmar\u0142ych zelator\u00f3w i cz\u0142onk\u00f3w Stra\u017cy Honorowej NSPJ \u2013 \u015broda, godz. 18.00.<\/li>\n<li>Z intencji Bractwa Szkaplerza \u015awi\u0119tego \u2013 czwartek i sobota, godz. 18.00.<\/li>\n<li>W intencji dzieci, rodzic\u00f3w, si\u00f3str i pracownik\u00f3w Przedszkola Si\u00f3str S\u0142u\u017cebniczek \u2013 czwartek, godz. 16.00.<\/li>\n<li>Za zmar\u0142ych z R\u00f3\u017cy \u015bw. Kingi \u2013 czwartek, godz. 18.00.<\/li>\n<li>Za zmar\u0142ych polecanych w wypominkach \u2013 niedziela, godz. 8.30.<\/li>\n<li>Za zmar\u0142ych z R\u00f3\u017cy \u015bw. J\u00f3zefa \u2013 niedziela, godz. 10.00.<\/li>\n<\/ul>\n<p>W ostatnim tygodniu odeszli od nas do wieczno\u015bci <strong>\u015bp. Teresa Pytel <\/strong>z\u00a0ul. Akacjowej <strong>i\u00a0Franciszek Bogdan<\/strong> z\u00a0ul. Klonowej \u2013 wieczny odpoczynek \u2026..<\/p>\n","protected":false},"excerpt":{"rendered":"<p>Dzi\u015b wyj\u0105tkowo nie b\u0119dzie r\u00f3\u017ca\u0144ca za zmar\u0142ych polecanych w wypominkach ze wzgl\u0119du na koncert patriotyczny pt. \u201eRado\u015bni z\u00a0wolno\u015bci, dumni z polsko\u015bci\u201d, kt\u00f3rego organizatorem jest Muzeum Ziemi Le\u017cajskiej. Koncert rozpocznie bezpo\u015brednio po Mszy \u015bw. o godz. 16.00. Serdecznie zapraszamy a szczeg\u00f3\u0142y na plakacie. R\u00f3\u017caniec za zmar\u0142ych polecanych w wypominkach w tygodniu o\u00a0godz. 17.30 a\u00a0po nim Msza [&hellip;]<\/p>\n","protected":false},"author":4,"featured_media":0,"comment_status":"closed","ping_status":"open","sticky":false,"template":"","format":"standard","meta":[],"categories":[5],"tags":[],"_links":{"self":[{"href":"https:\/\/lezajsk.przemyska.pl\/index.php?rest_route=\/wp\/v2\/posts\/18031"}],"collection":[{"href":"https:\/\/lezajsk.przemyska.pl\/index.php?rest_route=\/wp\/v2\/posts"}],"about":[{"href":"https:\/\/lezajsk.przemyska.pl\/index.php?rest_route=\/wp\/v2\/types\/post"}],"author":[{"embeddable":true,"href":"https:\/\/lezajsk.przemyska.pl\/index.php?rest_route=\/wp\/v2\/users\/4"}],"replies":[{"embeddable":true,"href":"https:\/\/lezajsk.przemyska.pl\/index.php?rest_route=%2Fwp%2Fv2%2Fcomments&post=18031"}],"version-history":[{"count":2,"href":"https:\/\/lezajsk.przemyska.pl\/index.php?rest_route=\/wp\/v2\/posts\/18031\/revisions"}],"predecessor-version":[{"id":18033,"href":"https:\/\/lezajsk.przemyska.pl\/index.php?rest_route=\/wp\/v2\/posts\/18031\/revisions\/18033"}],"wp:attachment":[{"href":"https:\/\/lezajsk.przemyska.pl\/index.php?rest_route=%2Fwp%2Fv2%2Fmedia&parent=18031"}],"wp:term":[{"taxonomy":"category","embeddable":true,"href":"https:\/\/lezajsk.przemyska.pl\/index.php?rest_route=%2Fwp%2Fv2%2Fcategories&post=18031"},{"taxonomy":"post_tag","embeddable":true,"href":"https:\/\/lezajsk.przemyska.pl\/index.php?rest_route=%2Fwp%2Fv2%2Ftags&post=18031"}],"curies":[{"name":"wp","href":"https:\/\/api.w.org\/{rel}","templated":true}]}}