
{"id":18013,"date":"2024-11-02T22:30:19","date_gmt":"2024-11-02T21:30:19","guid":{"rendered":"https:\/\/lezajsk.przemyska.pl\/?p=18013"},"modified":"2024-11-04T10:08:26","modified_gmt":"2024-11-04T09:08:26","slug":"xxxi-niedziela-zwykla-03-11-2024-r","status":"publish","type":"post","link":"https:\/\/lezajsk.przemyska.pl\/?p=18013","title":{"rendered":"XXXI Niedziela zwyk\u0142a &#8211; 03.11.2024 r."},"content":{"rendered":"<ol>\n<li><strong>R\u00f3\u017caniec za zmar\u0142ych polecanych w wypominkach<\/strong>, dzi\u015b jak i przez ca\u0142y tydzie\u0144 o godz. 17.30 a po nim Msza \u015bw.<\/li>\n<li>Tak\u017ce jutro po Mszy \u015bw. wieczornej spotkanie <strong>R\u00f3\u017c R\u00f3\u017ca\u0144cowych, Apostolskiego Dzie\u0142a Pomocy dla Czy\u015b\u0107ca oraz Dzie\u0142a Pomocy Powo\u0142aniom<\/strong>.<\/li>\n<li>We wtorek po Mszy \u015bw. spotkanie <strong>Stra\u017cy Honorowej NSPJ<\/strong>.<\/li>\n<li>W \u015brod\u0119 spotkanie <strong>Bractwa Szkaplerza \u015awi\u0119tego<\/strong>.<\/li>\n<li>W tam tygodniu przypada <strong>I czwartek miesi\u0105ca<\/strong>. Adoracja Naj\u015bwi\u0119tszego Sakramentu po Mszy \u015bw. w czwartek do godz. 20.00.<\/li>\n<li><strong>Msza \u015bw. dla wd\u00f3w i wdowc\u00f3w za zmar\u0142ych wsp\u00f3\u0142ma\u0142\u017conk\u00f3w<\/strong>, w pi\u0105tek o godz. 15.00 w\u00a0kaplicy na cmentarzu.<\/li>\n<li>W tym tygodniu zapraszamy m\u0142odzie\u017c na kolejne spotkania <strong>formacyjne w\u00a0ramach przygotowania do przyj\u0119cia sakramentu bierzmowania<\/strong>. I\u00a0tak w \u015brod\u0119 na godz. 18.00 zapraszamy klasy VI ze SP nr 1 i 2, a w czwartek klasy VII. Spotkania b\u0119d\u0105 si\u0119 odbywa\u0107 w ma\u0142ym ko\u015bciele.<\/li>\n<li>Za tydzie\u0144, w niedziel\u0119 po Mszy \u015bw. o godz. 16.00 w\u00a0naszej Farze, <strong>koncert patriotyczny pt. \u201eRado\u015bni z\u00a0wolno\u015bci, dumni z polsko\u015bci\u201d<\/strong>, kt\u00f3rego organizatorem jest Muzeum Ziemi Le\u017cajskiej. Serdecznie zapraszamy a szczeg\u00f3\u0142y na plakacie.<\/li>\n<li>Sk\u0142adamy serdeczne podzi\u0119kowanie <strong>wszystkim wolontariuszom<\/strong>, kt\u00f3rzy przyczynili si\u0119 do zorganizowania wyj\u0105tkowej uroczysto\u015bci jakim by\u0142a Eucharystia i procesja pod has\u0142em <strong>\u201eW drog\u0119 ze \u015awi\u0119tymi\u201d<\/strong>, za\u015b <strong>Jednostce Strzeleckiej 2035<\/strong> dzia\u0142aj\u0105cej przy ZSL w\u00a0Le\u017cajsku dzi\u0119kujemy za obecno\u015b\u0107 i pomoc w czasie procesji, oraz za uporz\u0105dkowanie Cmentarza Komunalnego w Le\u017cajsku.<\/li>\n<li>Dzisiejsza taca mszalna jest przeznaczona na potrzeby Archidiecezji, za\u015b za tydzie\u0144 z\u00a0racji II niedzieli miesi\u0105ca taca b\u0119dzie przeznaczona na trwaj\u0105ce <strong>prace remontowe przy naszej parafii.<\/strong> Wszystkim darczy\u0144com za ka\u017cd\u0105 przekazan\u0105 z\u0142ot\u00f3wk\u0119, za \u017cyczliwo\u015b\u0107 i\u00a0zrozumienie sk\u0142adamy serdeczne B\u00f3g zap\u0142a\u0107.<\/li>\n<li><strong>W Siewcy<\/strong>, przed po\u0142udniem do nabycia prasa, publikacje katolickie i kalendarze.<\/li>\n<\/ol>\n<p><strong><u>Intencje zbiorowe: <\/u><\/strong><\/p>\n<ul>\n<li>Za zmar\u0142ych z R\u00f3\u017cy MB Pocieszenia \u2013 poniedzia\u0142ek, godz. 18.00.<\/li>\n<li>Za zmar\u0142ych z R\u00f3\u017cy \u015bw. Jana z Dukli \u2013 poniedzia\u0142ek, godz. 18.00.<\/li>\n<li>Za zmar\u0142e Siostry i Braci z R\u00f3\u017c R\u00f3\u017ca\u0144cowych \u2013 wtorek, godz. 18.00.<\/li>\n<li>Za zmar\u0142ych z R\u00f3\u017cy MB Wniebowzi\u0119tej \u2013 \u015broda, godz. 18.00 (poza parafi\u0105).<\/li>\n<li>W intencji nowennowych pr\u00f3\u015bb i podzi\u0119kowa\u0144 do MB Pocieszenia \u2013 \u015broda, godz. 18.00.<\/li>\n<li>Z intencji Stra\u017cy Honorowej NSPJ \u2013 czwartek, godz. 18.00.<\/li>\n<li>Za zmar\u0142ych cz\u0142onk\u00f3w Akcji Katolickiej \u2013 pi\u0105tek, godz. 18.00.<\/li>\n<li>Z intencji Ko\u0142a Przyjaci\u00f3\u0142 Radia Maryja \u2013 pi\u0105tek, godz. 18.00 i za zmar\u0142ych z Ko\u0142a Przyjaci\u00f3\u0142 Radia Maryja \u2013 sobota, godz. 18.00.<\/li>\n<li>Za zmar\u0142ych polecanych w wypominkach \u2013 niedziela, godz. 8.30.<\/li>\n<li>Za zmar\u0142ych z R\u00f3\u017cy b\u0142. Anieli Salawy \u2013 niedziela, godz. 10.00.<\/li>\n<li>Z R\u00f3\u017cy \u015bw. Bernadety \u2013 niedziela, godz. 11.30.<\/li>\n<\/ul>\n<p>W ostatnim tygodniu odeszli od nas do wieczno\u015bci <strong>\u015bp. Kazimierz Irzyk<\/strong> z ul. Fio\u0142kowej, <strong>Adam Gogol<\/strong> z ul. Kopernika i <strong>Danuta Rech<\/strong> z ul. Braci \u015aniadeckich \u2013 wieczny odpoczynek&#8230;.<\/p>\n","protected":false},"excerpt":{"rendered":"<p>R\u00f3\u017caniec za zmar\u0142ych polecanych w wypominkach, dzi\u015b jak i przez ca\u0142y tydzie\u0144 o godz. 17.30 a po nim Msza \u015bw. Tak\u017ce jutro po Mszy \u015bw. wieczornej spotkanie R\u00f3\u017c R\u00f3\u017ca\u0144cowych, Apostolskiego Dzie\u0142a Pomocy dla Czy\u015b\u0107ca oraz Dzie\u0142a Pomocy Powo\u0142aniom. We wtorek po Mszy \u015bw. spotkanie Stra\u017cy Honorowej NSPJ. W \u015brod\u0119 spotkanie Bractwa Szkaplerza \u015awi\u0119tego. W tam [&hellip;]<\/p>\n","protected":false},"author":4,"featured_media":0,"comment_status":"closed","ping_status":"open","sticky":false,"template":"","format":"standard","meta":[],"categories":[5],"tags":[],"_links":{"self":[{"href":"https:\/\/lezajsk.przemyska.pl\/index.php?rest_route=\/wp\/v2\/posts\/18013"}],"collection":[{"href":"https:\/\/lezajsk.przemyska.pl\/index.php?rest_route=\/wp\/v2\/posts"}],"about":[{"href":"https:\/\/lezajsk.przemyska.pl\/index.php?rest_route=\/wp\/v2\/types\/post"}],"author":[{"embeddable":true,"href":"https:\/\/lezajsk.przemyska.pl\/index.php?rest_route=\/wp\/v2\/users\/4"}],"replies":[{"embeddable":true,"href":"https:\/\/lezajsk.przemyska.pl\/index.php?rest_route=%2Fwp%2Fv2%2Fcomments&post=18013"}],"version-history":[{"count":2,"href":"https:\/\/lezajsk.przemyska.pl\/index.php?rest_route=\/wp\/v2\/posts\/18013\/revisions"}],"predecessor-version":[{"id":18015,"href":"https:\/\/lezajsk.przemyska.pl\/index.php?rest_route=\/wp\/v2\/posts\/18013\/revisions\/18015"}],"wp:attachment":[{"href":"https:\/\/lezajsk.przemyska.pl\/index.php?rest_route=%2Fwp%2Fv2%2Fmedia&parent=18013"}],"wp:term":[{"taxonomy":"category","embeddable":true,"href":"https:\/\/lezajsk.przemyska.pl\/index.php?rest_route=%2Fwp%2Fv2%2Fcategories&post=18013"},{"taxonomy":"post_tag","embeddable":true,"href":"https:\/\/lezajsk.przemyska.pl\/index.php?rest_route=%2Fwp%2Fv2%2Ftags&post=18013"}],"curies":[{"name":"wp","href":"https:\/\/api.w.org\/{rel}","templated":true}]}}