
{"id":17965,"date":"2024-10-26T20:37:14","date_gmt":"2024-10-26T18:37:14","guid":{"rendered":"https:\/\/lezajsk.przemyska.pl\/?p=17965"},"modified":"2024-10-28T08:26:14","modified_gmt":"2024-10-28T07:26:14","slug":"xxx-niedziela-zw-rocznica-poswiecenia-wlasnego-27-10-2024-r","status":"publish","type":"post","link":"https:\/\/lezajsk.przemyska.pl\/?p=17965","title":{"rendered":"XXX Niedziela zw. (Rocznica po\u015bwi\u0119cenia ko\u015bcio\u0142a w\u0142asnego) &#8211; 27.10.2024 r."},"content":{"rendered":"<ol>\n<li>Dzi\u015b<strong>, <\/strong>nieco uprzedzaj\u0105c <strong>\u00a0Uroczysto\u015b\u0107 Wszystkich \u015awi\u0119tych<\/strong>, wszystkich parafian i go\u015bci a\u00a0szczeg\u00f3lnie dzieci i m\u0142odzie\u017c, zapraszamy na kolejn\u0105 niecodzienn\u0105 procesj\u0119 pod has\u0142em <strong>&#8222;W\u00a0drog\u0119 ze \u015bwi\u0119tymi&#8221;<\/strong>. Wydarzenie to rozpocznie si\u0119\u00a0 <strong>Msz\u0105 \u015bw. o\u00a0godz. 11:30<\/strong> a po niej przejdziemy ulicami miasta nios\u0105c relikwie \u015bwi\u0119tych na plac przed MCK. Tam b\u0119dziemy mie\u0107 okazj\u0119 wys\u0142ucha\u0107 koncertu\u00a0Gminnej Orkiestry D\u0119tej z\u00a0Kury\u0142\u00f3wki, naszej Diakoni Muzycznej i\u00a0grupy MERITUM a nast\u0119pnie zabawy, gry i\u00a0konkursy dla dzieci. B\u0119dzie mo\u017cliwo\u015b\u0107 zaopatrzenia si\u0119 w ciep\u0142e posi\u0142ki w bardzo przyst\u0119pnych cenach u\u00a0naszych wolontariuszy z Eucharystycznego Ruchu M\u0142odych. Szczeg\u00f3\u0142y na plakatach.<\/li>\n<li>Warto te\u017c zwr\u00f3ci\u0107 uwag\u0119 na przygotowany przez Urz\u0105d Miasta we wsp\u00f3\u0142pracy z nasz\u0105 Parafi\u0105 cykl wydarze\u0144 pod nazw\u0105 <strong>\u201eLe\u017cajskie \u015awiat\u0142o Pami\u0119ci\u201d<\/strong> w kontek\u015bcie Uroczysto\u015bci Wszystkich \u015awi\u0119tych i Dnia Zadusznego w kt\u00f3re wpisuje si\u0119 chocia\u017cby dzisiejsza procesja <strong>\u201eW drog\u0119 ze \u015bwi\u0119tymi\u201d<\/strong> czy \u015brodowy koncert w Farze pt<strong>. \u201dPami\u0119\u0107 o tych kt\u00f3rych nie ma\u201d o godz. 18.30<\/strong>. S\u0105 tam te\u017c propozycja wielu innych, ciekawych wydarze\u0144 w tym wystawy czy spotkania z ciekawymi lud\u017ami. Szczeg\u00f3\u0142y na plakacie.<\/li>\n<li><strong>Tak\u017ce dzi\u015b, w\u00a0czasie nabo\u017ce\u0144stwa r\u00f3\u017ca\u0144cowego o godz. 17.30<\/strong>, b\u0119dziemy si\u0119 modli\u0107 za fundator\u00f3w i dobrodziej\u00f3w naszego ko\u015bcio\u0142a Farnego i ko\u015bcio\u0142a Jezusa Mi\u0142osiernego jak i\u00a0za wszystkich darczy\u0144c\u00f3w wspieraj\u0105cych prace remontowe przy naszej parafii.<\/li>\n<li>We wtorek po Mszy \u015bw. wieczornej spotkanie <strong>Akcji Katolickiej<\/strong>. Wszystkich cz\u0142onk\u00f3w Akcji Katolickiej serdecznie zapraszamy.<\/li>\n<li><strong>W czwartek zako\u0144czenie nabo\u017ce\u0144stw r\u00f3\u017ca\u0144cowych<\/strong>. Dzi\u0119kujmy Matce Naj\u015bwi\u0119tszej za wszelkie otrzymane w tym miesi\u0105cu \u0142aski.<\/li>\n<li>Zach\u0119camy do skorzystania z <strong>sakramentu pokuty przed Uroczysto\u015bci\u0105 Wszystkich \u015awi\u0119tych<\/strong> codziennie w czasie ka\u017cdej Mszy \u015bw. a <strong>w \u015brod\u0119 i czwartek dodatkowo wieczorem najpierw w czasie r\u00f3\u017ca\u0144ca dla dzieci a potem od godz. 17.30<\/strong>. Zauwa\u017cmy, \u017ce tym razem, I pi\u0105tek wypada w Uroczysto\u015b\u0107 Wszystkich \u015awi\u0119tych (mo\u017cliwo\u015bci do spowiedzi w pi\u0105tek b\u0119dzie bardzo ograniczona ze wzgl\u0119du na uroczysto\u015b\u0107) zatem skorzystajmy z niej wcze\u015bniej aby w pi\u0105tek przyj\u0105\u0107 tylko Komuni\u0119 \u015bw.<\/li>\n<li>W pi\u0105tek 1 listopada <strong>Uroczysto\u015b\u0107 Wszystkich \u015awi\u0119tych<\/strong>. Msze \u015bw. przedpo\u0142udniem jak w\u00a0ka\u017cd\u0105 niedziel\u0119, za\u015b popo\u0142udniu <strong>Msza \u015bw. o godz. 14.00<\/strong> na cmentarzu a\u00a0po niej procesja i modlitwy za zmar\u0142ych. Zapraszamy wszystkich, do uczestnictwa we Mszy \u015bw. i\u00a0procesji. <strong>Msza \u015bw. o\u00a0godz. 14.00 na cmentarzu,<\/strong> b\u0119dzie ofiarowana za wszystkich zmar\u0142ych parafian. W\u00a0Uroczysto\u015b\u0107 Wszystkich \u015awi\u0119tych <strong><u>nie b\u0119dzie tylko Mszy \u015bw. o\u00a0godz. 16.00.<\/u><\/strong><\/li>\n<li><strong>Odwiedziny chorych w domach z Komuni\u0105 \u015bw<\/strong>., tym razem wyj\u0105tkowo tydzie\u0144 p\u00f3\u017aniej, w pi\u0105tek 8 listopad od godz. 9.00.<\/li>\n<li>W sobot\u0119 wszystkich czcicieli Matki Bo\u017cej, zapraszamy na kolejne <strong>nabo\u017ce\u0144stwo I\u00a0soboty<\/strong>, <strong>wynagradzaj\u0105ce Niepokalanemu Sercu NMP<\/strong>, po\u0142\u0105czone z modlitw\u0105 r\u00f3\u017ca\u0144cow\u0105 o godz. 17.00.<\/li>\n<li><strong>Za zmar\u0142ych polecanych w wypominkach<\/strong> b\u0119dziemy modli\u0107 si\u0119, polecaj\u0105c ich mi\u0142osierdziu Bo\u017cemu przez ca\u0142y miesi\u0105c listopad odmawiaj\u0105c r\u00f3\u017caniec, <strong>codziennie o\u00a0godz. 17.30<\/strong>. W ich intencji b\u0119d\u0105 te\u017c odprawiane <strong>Msze \u015bw. w ka\u017cd\u0105 niedziel\u0119 listopada o\u00a0godz. 8.30<\/strong>. Kartki wypominkowe s\u0105 wy\u0142o\u017cone na o\u0142tarzach i mo\u017cna je po czytelnym wype\u0142nieniu sk\u0142ada\u0107 do wystawionej skrzynki.<\/li>\n<li><strong>W<\/strong> <strong>Uroczysto\u015b\u0107 Wszystkich \u015awi\u0119tych<\/strong> lub <strong>Dzie\u0144 Zaduszny<\/strong>, wierni mog\u0105 zyskiwa\u0107 <strong>odpust zupe\u0142ny<\/strong> za zmar\u0142ych. Warunkiem jest wyzbycie si\u0119 przywi\u0105zania do grzechu, nawet lekkiego, spowied\u017a, Komunia \u015bw., pobo\u017cne nawiedzenia ko\u015bcio\u0142a lub kaplicy i\u00a0odm\u00f3wienie tam modlitwy Ojcze nasz, Wierz\u0119 w\u00a0Boga i dowolnej modlitwy w intencjach Ojca \u015bw. Ponadto w listopadzie w ka\u017cdym dniu mo\u017cna zyskiwa\u0107 odpusty za dusze zmar\u0142ych, nawiedzaj\u0105c cmentarz i\u00a0odmawiaj\u0105c modlitwy za zmar\u0142ych. W\u00a0dniach od 1\u00a0do 8 listopada odpust jest zupe\u0142ny, w\u00a0pozosta\u0142e dni \u2013 cz\u0105stkowy.<\/li>\n<li>Uprzedzaj\u0105c informujemy, i\u017c<strong> Msza \u015bw. dla wd\u00f3w i wdowc\u00f3w za zmar\u0142ych wsp\u00f3\u0142ma\u0142\u017conk\u00f3w<\/strong>, b\u0119dzie odprawiona <strong>w <\/strong><strong>pi\u0105tek 8 listopada o godz. 15.00 w kaplicy na cmentarzu<\/strong>. Przypomnimy o\u00a0tym jeszcze w najbli\u017csz\u0105 niedziel\u0119.<\/li>\n<li>Taca z przysz\u0142ej niedzieli b\u0119dzie przeznaczona na <strong>potrzeby Archidiecezji.<\/strong><\/li>\n<li><strong>W Siewcy<\/strong> przed po\u0142udniem do nabycia <strong>prasa, publikacje katolickie i kalendarze. <\/strong><\/li>\n<li>Przypominamy, \u017ce dzi\u015b przy ko\u015bciele trwa <strong>kiermasz stroik\u00f3w na groby<\/strong> wykonanych przez uczestnik\u00f3w Warsztat\u00f3w Terapii Zaj\u0119ciowej przy naszym Caritas i<strong> zniczy<\/strong> prowadzony przez nasz\u0105 m\u0142odzie\u017c oazow\u0105. Serdecznie polecamy.<\/li>\n<li>Miejski Zak\u0142ad Komunalny zach\u0119ca do <strong>pozostawiania w wyznaczonym obok kaplicy przedpogrzebowej miejscu, wykorzystanych zniczy<\/strong>, aby w ten spos\u00f3b da\u0107 im niejako drugie \u017cycie, zamiast wyrzuca\u0107. Skorzystanie z u\u017cywanej rzeczy jest mniejszym wstydem ni\u017c tworzenie g\u00f3ry \u015bmieci.<\/li>\n<\/ol>\n<p><strong><u>Intencje zbiorowe: <\/u><\/strong><\/p>\n<ul>\n<li>W intencji nowennowych pr\u00f3\u015bb i podzi\u0119kowa\u0144 do MB Pocieszenia \u2013 \u015broda, godz. 18.00.<\/li>\n<li>Za \u015bp. Ann\u0119 G\u00f3rny \u2013 intencja od policjant\u00f3w, kierownictwa i pracownik\u00f3w Komendy Policji w Le\u017cajsku i Nowej Sarzynie \u2013 \u015broda, godz. 18.00.<\/li>\n<li>Z R\u00f3\u017cy \u015bw. Urszuli Led\u00f3chowskiej \u2013 czwartek, godz. 18.00.<\/li>\n<li>Msze \u015bw. gregoria\u0144skie za \u015bp. Katarzyn\u0119 i J\u00f3zefa Sudo\u0142, pocz\u0105tek \u2013 pi\u0105tek, godz. 7.00.<\/li>\n<li>Msze \u015bw. gregoria\u0144skie za \u015bp. Tadeusza Dud\u0119, pocz\u0105tek \u2013 pi\u0105tek, godz. 8.30. (poza parafi\u0105).<\/li>\n<li>Z intencji Stra\u017cy Honorowej NSPJ \u2013 pi\u0105tek, godz. 18.00.<\/li>\n<li>Wynagradzaj\u0105ca Niepokalanemu Sercu NMP \u2013 intencja od Bractwa Szkaplerza \u015awi\u0119tego i\u00a0R\u00f3\u017c R\u00f3\u017ca\u0144cowych \u2013 sobota, godz. 18.00.<\/li>\n<li>Za zmar\u0142ych polecanych w wypominkach \u2013 niedziela, godz. 8.30.<\/li>\n<li>Z R\u00f3\u017cy b\u0142. Kard. S. Wyszy\u0144skiego \u2013 niedziela, godz. 10.00.<\/li>\n<\/ul>\n<p>W ostatnim tygodniu odeszli od nas do wieczno\u015bci <strong>\u015bp. Wanda Pi\u0119ta<\/strong> z ul. Braci \u015aniadeckich, <strong>Anna Stopyra<\/strong> z ul. Kopernika, <strong>Tadeusz Kowenicki<\/strong> z ul. Spokojnej, <strong>Zbigniew Walawski<\/strong> z ul. Sandomierskiej, <strong>Pawe\u0142 Sieczkowski<\/strong> z ul. Kopernika i <strong>Piotr Moskal<\/strong> z Kopernika, ostatnio zamieszka\u0142y w Warszawie \u2013 wieczny odpoczynek \u2026..<\/p>\n","protected":false},"excerpt":{"rendered":"<p>Dzi\u015b, nieco uprzedzaj\u0105c \u00a0Uroczysto\u015b\u0107 Wszystkich \u015awi\u0119tych, wszystkich parafian i go\u015bci a\u00a0szczeg\u00f3lnie dzieci i m\u0142odzie\u017c, zapraszamy na kolejn\u0105 niecodzienn\u0105 procesj\u0119 pod has\u0142em &#8222;W\u00a0drog\u0119 ze \u015bwi\u0119tymi&#8221;. Wydarzenie to rozpocznie si\u0119\u00a0 Msz\u0105 \u015bw. o\u00a0godz. 11:30 a po niej przejdziemy ulicami miasta nios\u0105c relikwie \u015bwi\u0119tych na plac przed MCK. Tam b\u0119dziemy mie\u0107 okazj\u0119 wys\u0142ucha\u0107 koncertu\u00a0Gminnej Orkiestry D\u0119tej z\u00a0Kury\u0142\u00f3wki, naszej [&hellip;]<\/p>\n","protected":false},"author":4,"featured_media":0,"comment_status":"closed","ping_status":"open","sticky":false,"template":"","format":"standard","meta":[],"categories":[5],"tags":[],"_links":{"self":[{"href":"https:\/\/lezajsk.przemyska.pl\/index.php?rest_route=\/wp\/v2\/posts\/17965"}],"collection":[{"href":"https:\/\/lezajsk.przemyska.pl\/index.php?rest_route=\/wp\/v2\/posts"}],"about":[{"href":"https:\/\/lezajsk.przemyska.pl\/index.php?rest_route=\/wp\/v2\/types\/post"}],"author":[{"embeddable":true,"href":"https:\/\/lezajsk.przemyska.pl\/index.php?rest_route=\/wp\/v2\/users\/4"}],"replies":[{"embeddable":true,"href":"https:\/\/lezajsk.przemyska.pl\/index.php?rest_route=%2Fwp%2Fv2%2Fcomments&post=17965"}],"version-history":[{"count":4,"href":"https:\/\/lezajsk.przemyska.pl\/index.php?rest_route=\/wp\/v2\/posts\/17965\/revisions"}],"predecessor-version":[{"id":17970,"href":"https:\/\/lezajsk.przemyska.pl\/index.php?rest_route=\/wp\/v2\/posts\/17965\/revisions\/17970"}],"wp:attachment":[{"href":"https:\/\/lezajsk.przemyska.pl\/index.php?rest_route=%2Fwp%2Fv2%2Fmedia&parent=17965"}],"wp:term":[{"taxonomy":"category","embeddable":true,"href":"https:\/\/lezajsk.przemyska.pl\/index.php?rest_route=%2Fwp%2Fv2%2Fcategories&post=17965"},{"taxonomy":"post_tag","embeddable":true,"href":"https:\/\/lezajsk.przemyska.pl\/index.php?rest_route=%2Fwp%2Fv2%2Ftags&post=17965"}],"curies":[{"name":"wp","href":"https:\/\/api.w.org\/{rel}","templated":true}]}}