
{"id":17935,"date":"2024-10-19T21:39:19","date_gmt":"2024-10-19T19:39:19","guid":{"rendered":"https:\/\/lezajsk.przemyska.pl\/?p=17935"},"modified":"2024-10-19T21:39:19","modified_gmt":"2024-10-19T19:39:19","slug":"xxix-niedziela-zwykla-20-10-2024-r","status":"publish","type":"post","link":"https:\/\/lezajsk.przemyska.pl\/?p=17935","title":{"rendered":"XXIX Niedziela zwyk\u0142a &#8211; 20.10.2024 r."},"content":{"rendered":"<ol>\n<li>Dzi\u015b <strong>niedziela Misyjna, rozpoczynaj\u0105ca<\/strong> <strong>Tydzie\u0144 Misyjny<\/strong>. Pami\u0119tajmy z tej okazji w\u00a0modlitwie o misjach i misjonarzach.<\/li>\n<li><strong>Nabo\u017ce\u0144stwo R\u00f3\u017ca\u0144cowe<\/strong> <strong>dzi\u015b o godz. 17.30.<\/strong> Zapraszamy wszystkich do wsp\u00f3lnej modlitwy r\u00f3\u017ca\u0144cowej, dzi\u015b szczeg\u00f3lnie w intencji misji i misjonarzy.<\/li>\n<li>W tym tygodniu odb\u0119d\u0105 si\u0119 kolejne <strong>spotkania kandydat\u00f3w do bierzmowania<\/strong>. I tak do sali katechetycznej w poniedzia\u0142ek, na godz. 18.00, zapraszamy klas\u0119 VIII C ze SP nr 2 a w \u015brod\u0119 klas\u0119 VIII ze SP nr 1.<\/li>\n<li>W czwartek przypada liturgiczne<strong> wspomnienie b\u0142. ks. Jana Balickiego.<\/strong> W\u00a0czasie wieczornego nabo\u017ce\u0144stwa r\u00f3\u017ca\u0144cowego, b\u0119dziemy modli\u0107 si\u0119 o\u00a0nowe \u015bwi\u0119te powo\u0142ania kap\u0142a\u0144skie i zakonne oraz Jego rych\u0142\u0105 kanonizacj\u0119.<\/li>\n<li>W najbli\u017csz\u0105 <strong>niedziel\u0119 27 pa\u017adziernika<\/strong> w ko\u015bcio\u0142ach konsekrowanych poza Archikatedr\u0105, b\u0119dzie obchodzona rocznica po\u015bwi\u0119cenia ko\u015bcio\u0142a w\u0142asnego. Dla nas b\u0119dzie to kolejna okazja aby dzi\u0119kowa\u0107 Bogu za dar tej \u015bwi\u0105tyni i tych wszystkich, kt\u00f3rzy na przestrzeni ju\u017c ponad czterech wiek\u00f3w najpierw j\u0105 wybudowali, potem wyposa\u017cyli a\u00a0nast\u0119pnie dbali o jej pi\u0119kno.<\/li>\n<li>Tak\u017ce za tydzie\u0144 <strong>w niedziel\u0119, niejako w wigili\u0119 Uroczysto\u015bci Wszystkich \u015awi\u0119tych<\/strong>, wszystkich parafian i go\u015bci a szczeg\u00f3lnie dzieci i m\u0142odzie\u017c, zapraszamy do udzia\u0142u w\u00a0kolejnej niecodziennej procesji pod has\u0142em <strong>&#8222;W drog\u0119 ze \u015bwi\u0119tymi&#8221;<\/strong>. Wydarzenie to rozpocznie si\u0119\u00a0<strong>Msz\u0105 \u015bw. o godz. 11.30<\/strong> a po niej z relikwiami \u015bwi\u0119tych oraz modlitw\u0105 i\u00a0\u015bpiewem przejdziemy ulicami miasta na plac przed MCK. Tam b\u0119dziemy mie\u0107 okazj\u0119 wys\u0142ucha\u0107 koncertu\u00a0Gminnej Orkiestry D\u0119tej z Kury\u0142\u00f3wki, naszej Diakoni Muzycznej i\u00a0grupy MERITUM. Po koncercie b\u0119d\u0105 mia\u0142y miejsce zabawy, gry i konkursy dla dzieci. Rodzic\u00f3w prosimy o\u00a0przygotowanie wraz z dzie\u0107mi stroi i\u00a0kreacji \u015bwi\u0119tych. Wydarzenie to b\u0119dzie transmitowane na \u017cywo w Radiu Fara na stronie fara.tv oraz na kanale YouTube Radio Fara. Z tej racji, \u017ce b\u0119dzie to pora obiadowa, przy MCK-u b\u0119dzie mo\u017cliwo\u015b\u0107 zaopatrzenia si\u0119 w ciep\u0142e posi\u0142ki w bardzo przyst\u0119pnych cenach u\u00a0naszych wolontariuszy z Eucharystycznego Ruchu M\u0142odych. Wi\u0119cej informacji na plakatach, na naszej stronie parafialnej i stronie Urz\u0119du Miasta lub u ks. Witolda.<\/li>\n<li>Zbli\u017ca si\u0119 <strong>Uroczysto\u015b\u0107 Wszystkich \u015awi\u0119tych<\/strong> i miesi\u0105c modlitwy za zmar\u0142ych. Ju\u017c teraz zadbajmy o\u00a0uporz\u0105dkowaniu grob\u00f3w naszych bliskich, zmar\u0142ych kap\u0142an\u00f3w, szczeg\u00f3lnie tych, kt\u00f3rzy pracowali w naszej parafii i udzielali nam \u015bwi\u0119tych sakrament\u00f3w. Pami\u0119\u0107 i\u00a0modlitwa za\u00a0zmar\u0142ych to zawsze wyraz naszej wdzi\u0119czno\u015bci i\u00a0wiary w \u015bwi\u0119tych obcowanie.<\/li>\n<li>Na o\u0142tarzach s\u0105 wy\u0142o\u017cone kartki wypominkowe. Mo\u017cna je zabiera\u0107 i po czytelnym wype\u0142nieniu sk\u0142ada\u0107 do skrzynki z napisem <strong>WYPOMINKI<\/strong> przy o\u0142tarzu Serca Jezusowego.<\/li>\n<li>Dzisiejsza taca mszalna jest przeznaczona na <strong>potrzeby misji. <\/strong><\/li>\n<li>Przypominamy, \u017ce za tydzie\u0144, z soboty na niedziel\u0119 <strong>zmiana czasu na zimowy<\/strong>.<\/li>\n<li>Dzi\u015b i w niedziel\u0119 za tydzie\u0144<strong> przy ko\u015bciele, po Mszach \u015bw. przedpo\u0142udniowych kiermasz stroik\u00f3w na groby,<\/strong> wykonanych przez uczestnik\u00f3w<strong> Warsztat\u00f3w Terapii Zaj\u0119ciowej przy naszym Caritas. <\/strong><strong>Stroiki te mo\u017cna naby\u0107 tak\u017ce w siedzibie warsztat\u00f3w, <\/strong><strong>codziennie od poniedzia\u0142ku do pi\u0105tku w godz. 7.30 &#8211; 15.00. <\/strong><strong>Podobnie nasza m\u0142odzie\u017c oazowa<\/strong>, b\u0119dzie <strong>rozprowadza\u0107\u00a0znicze<\/strong> (tak\u017ce w tygodniu po Mszy \u015bw. wieczornej) a\u00a0zgromadzone w ten spos\u00f3b \u015brodki zasil\u0105 m\u0142odzie\u017cowy fundusz rekolekcyjny.<\/li>\n<li>W Siewcy przed po\u0142udniem do nabycia <strong>prasa i publikacje katolickie. <\/strong><\/li>\n<\/ol>\n<p><strong><u>Intencje zbiorowe: <\/u><\/strong><\/p>\n<ul>\n<li>Za \u015bp. Ann\u0119 G\u00f3rny \u2013 intencja od R\u00f3\u017cy \u015bw. Sebastiana \u2013 poniedzia\u0142ek, godz. 6.30.<\/li>\n<li>Z R\u00f3\u017cy \u015bw. Jana Paw\u0142a II \u2013 wtorek, godz. 18.00.<\/li>\n<li>W intencji nowennowych pr\u00f3\u015bb i podzi\u0119kowa\u0144 do MB Pocieszenia \u2013 \u015broda, godz. 18.00.<\/li>\n<li>Z R\u00f3\u017cy \u015bw. Sebastiana \u2013 \u015broda, godz. 18.00.<\/li>\n<li>W intencji pracownik\u00f3w Inspektoratu ZUS w Le\u017cajsku \u2013 czwartek, godz. 6.30.<\/li>\n<li>Z R\u00f3\u017cy b\u0142. Ks. Jana Balickiego \u2013 pi\u0105tek, godz. 18.00.<\/li>\n<li>Za \u015bp. Mari\u0119 Serafin \u2013 intencja od R\u00f3\u017cy \u015bw. Krzysztofa \u2013 sobota, godz. 18.00 i od Stra\u017cy Honorowej NSPJ \u2013 niedziela, godz. 16.00.<\/li>\n<\/ul>\n<p>W ostatnim tygodniu odeszli od nas do wieczno\u015bci <strong>\u015bp. Zbigniew Kula<\/strong> z ul. Podolszyny i\u00a0<strong>Magdalena So\u0142ek<\/strong> z ul. Kopernika \u2013 wieczny odpoczynek \u2026..<\/p>\n","protected":false},"excerpt":{"rendered":"<p>Dzi\u015b niedziela Misyjna, rozpoczynaj\u0105ca Tydzie\u0144 Misyjny. Pami\u0119tajmy z tej okazji w\u00a0modlitwie o misjach i misjonarzach. Nabo\u017ce\u0144stwo R\u00f3\u017ca\u0144cowe dzi\u015b o godz. 17.30. Zapraszamy wszystkich do wsp\u00f3lnej modlitwy r\u00f3\u017ca\u0144cowej, dzi\u015b szczeg\u00f3lnie w intencji misji i misjonarzy. W tym tygodniu odb\u0119d\u0105 si\u0119 kolejne spotkania kandydat\u00f3w do bierzmowania. I tak do sali katechetycznej w poniedzia\u0142ek, na godz. 18.00, zapraszamy [&hellip;]<\/p>\n","protected":false},"author":4,"featured_media":0,"comment_status":"closed","ping_status":"open","sticky":false,"template":"","format":"standard","meta":[],"categories":[5],"tags":[],"_links":{"self":[{"href":"https:\/\/lezajsk.przemyska.pl\/index.php?rest_route=\/wp\/v2\/posts\/17935"}],"collection":[{"href":"https:\/\/lezajsk.przemyska.pl\/index.php?rest_route=\/wp\/v2\/posts"}],"about":[{"href":"https:\/\/lezajsk.przemyska.pl\/index.php?rest_route=\/wp\/v2\/types\/post"}],"author":[{"embeddable":true,"href":"https:\/\/lezajsk.przemyska.pl\/index.php?rest_route=\/wp\/v2\/users\/4"}],"replies":[{"embeddable":true,"href":"https:\/\/lezajsk.przemyska.pl\/index.php?rest_route=%2Fwp%2Fv2%2Fcomments&post=17935"}],"version-history":[{"count":1,"href":"https:\/\/lezajsk.przemyska.pl\/index.php?rest_route=\/wp\/v2\/posts\/17935\/revisions"}],"predecessor-version":[{"id":17936,"href":"https:\/\/lezajsk.przemyska.pl\/index.php?rest_route=\/wp\/v2\/posts\/17935\/revisions\/17936"}],"wp:attachment":[{"href":"https:\/\/lezajsk.przemyska.pl\/index.php?rest_route=%2Fwp%2Fv2%2Fmedia&parent=17935"}],"wp:term":[{"taxonomy":"category","embeddable":true,"href":"https:\/\/lezajsk.przemyska.pl\/index.php?rest_route=%2Fwp%2Fv2%2Fcategories&post=17935"},{"taxonomy":"post_tag","embeddable":true,"href":"https:\/\/lezajsk.przemyska.pl\/index.php?rest_route=%2Fwp%2Fv2%2Ftags&post=17935"}],"curies":[{"name":"wp","href":"https:\/\/api.w.org\/{rel}","templated":true}]}}