
{"id":17909,"date":"2024-10-12T21:51:27","date_gmt":"2024-10-12T19:51:27","guid":{"rendered":"https:\/\/lezajsk.przemyska.pl\/?p=17909"},"modified":"2024-10-12T21:51:27","modified_gmt":"2024-10-12T19:51:27","slug":"xxviii-niedziela-zwykla-13-10-2024-r","status":"publish","type":"post","link":"https:\/\/lezajsk.przemyska.pl\/?p=17909","title":{"rendered":"XXVIII Niedziela zwyk\u0142a &#8211; 13.10.2024 r."},"content":{"rendered":"<ol>\n<li>Dzi\u015b w ca\u0142ej Polsce \u015bwi\u0119tujemy kolejny <strong>Dzie\u0144 Papieski<\/strong>. Z tej okazji Oaza Dzieci Bo\u017cych przy pomocy rodzic\u00f3w i R\u00f3\u017c R\u00f3\u017ca\u0144cowych po ka\u017cdej Mszy \u015bw. rozprowadza <strong>\u201ekrem\u00f3wki papieskie\u201d<\/strong>. Uzyskany doch\u00f3d zasili ich fundusz rekolekcyjny a m\u0142odzie\u017c oazowa zbiera do puszek ofiary na rzecz Fundacji <strong>\u201eDzie\u0142o Nowego Tysi\u0105clecia\u201d.<\/strong><\/li>\n<li>Z okazji <strong>Dnia Papieskiego<\/strong> jak i rocznicy wyboru Ojca \u015awi\u0119tego, mo\u017cna dzi\u015b i w \u015brod\u0119 po Mszach \u015bw. uczci\u0107 <strong>relikwie \u015bw. Jana Paw\u0142a II<\/strong>.<\/li>\n<li><strong>Przypominamy, \u017ce ostatnie nabo\u017ce\u0144stwo Fatimskie z procesj\u0105 r\u00f3\u017ca\u0144cow\u0105 <\/strong>dzi\u015b wyj\u0105tkowo o godz. 17.00 a po nim Msza \u015bw. wieczorna o godz. 18.00. Zapraszamy tak\u017ce do jak najliczniejszego udzia\u0142u w\u00a0modlitwie r\u00f3\u017ca\u0144cowej w ci\u0105gu tygodnia.<\/li>\n<li>Jutro po Mszy \u015bw. wieczornej spotkanie <strong>Akcji Katolickiej<\/strong>. Wszystkich cz\u0142onk\u00f3w Akcji Katolickiej serdecznie zapraszamy.<\/li>\n<li>W tym tygodniu odb\u0119d\u0105 si\u0119 kolejne <strong>spotkania kandydat\u00f3w do bierzmowania<\/strong>. I tak do ma\u0142ego ko\u015bcio\u0142a na godz. 18.00 w poniedzia\u0142ek zapraszamy klasy VI, a we wtorek klasy VII. Natomiast do sali katechetycznej w \u015brod\u0119, r\u00f3wnie\u017c na godz. 18.00, przychodzi klasa VIII A, a w czwartek klasa VIII B ze SP nr 2.<\/li>\n<li>Z okazji <strong>Dnia Nauczyciela<\/strong> zapraszamy wszystkich nauczycieli i wychowawc\u00f3w na r\u00f3\u017caniec i Msz\u0119 \u015bw. w ich intencji, w \u015brod\u0119 na godz. 17.30 a\u00a0po Mszy \u015bw. spotkanie w\u00a0ramach <strong>Duszpasterstwa Nauczycieli<\/strong> na plebani. Wszystkich pedagog\u00f3w, nauczycieli i wychowawc\u00f3w a zw\u0142aszcza emeryt\u00f3w serdecznie zapraszamy.<\/li>\n<li>W \u015brod\u0119 16 pa\u017adziernika przypada <strong>46 rocznica wyboru \u015bw. Jana Paw\u0142a II<\/strong> na Stolic\u0119 Piotrow\u0105. Tego dnia pami\u0119tajmy w modlitwie tak\u017ce o naszym <strong>Arcybiskupie Seniorze J\u00f3zefie Michaliku<\/strong> z racji rocznicy Jego \u015bwi\u0119ce\u0144 biskupich.<\/li>\n<li>W pi\u0105tek <strong>\u015bwi\u0119to \u015bw. \u0141ukasza Aposto\u0142a<\/strong>. B\u0119dziemy modli\u0107 si\u0119 w\u00a0intencji wszystkich pracownik\u00f3w s\u0142u\u017cby zdrowia a tak\u017ce naszego wikariusza <strong> \u0141ukasza Mendrali z\u00a0okazji jego imienin<\/strong>.<\/li>\n<li>Przypominamy o pielgrzymce sympatyk\u00f3w i cz\u0142onk\u00f3w <strong>Dzie\u0142a Pomocy Powo\u0142aniom im. b\u0142. ks. Jana Balickiego<\/strong><strong>\u00a0<\/strong>do Przemy\u015bla w sobot\u0119 19 pa\u017adziernika. Zapisy w zakrystii do \u015brody w\u0142\u0105cznie a wyjazd z parkingu przy ko\u015bciele w sobot\u0119 o godz. 8.00.<\/li>\n<li>Dzi\u015b <strong>liczenie wiernych <\/strong>na potrzeby <strong>Instytutu Statystyki Ko\u015bcio\u0142a Katolickiego<\/strong>. Dzi\u0119kujemy Bractwu Szkaplerza \u015awi\u0119tego za podj\u0119cie si\u0119 tego zadania.<\/li>\n<li>Dzisiejsza taca mszalna jest przeznaczona na trwaj\u0105ce <strong>prace remontowe przy naszej Farze. <\/strong>Jak widzimy, dobieg\u0142y ko\u0144ca prace renowacyjno-konserwatorskie przy <strong>prospekcie organowym<\/strong>. Wcze\u015bniej zako\u0144czy\u0142y si\u0119 prace przy obrazach stacji drogi krzy\u017cowej. Ca\u0142o\u015bciowe rozliczenie wszystkich tych prac realizowanych w wi\u0119kszo\u015bci ze \u015brodk\u00f3w tzw. Polskiego \u0141adu przedstawimy po zako\u0144czeniu ostatniego zadania czyli remontu dachu wikar\u00f3wki \u2013 te prace maj\u0105 si\u0119 zako\u0144czy\u0107 do po\u0142owy listopada. Taca z\u00a0przysz\u0142ej niedzieli, kt\u00f3ra b\u0119dzie niedziel\u0105 misyjn\u0105, b\u0119dzie przeznaczona na Za wszystkie z\u0142o\u017cone dzi\u015b ofiary serdecznie dzi\u0119kujemy.<\/li>\n<li><strong>Od przysz\u0142ej niedzieli nasza <\/strong><strong>m\u0142odzie\u017c oazowa<\/strong>, b\u0119dzie <strong>rozprowadza\u0107\u00a0znicze<\/strong> a\u00a0zgromadzone w ten spos\u00f3b \u015brodki zasil\u0105 m\u0142odzie\u017cowy fundusz rekolekcyjny.<\/li>\n<li><strong>W Siewcy<\/strong> do nabycia prasa i publikacje katolickie. S\u0105 te\u017c <strong>Kalendarze Rolnik\u00f3w i\u00a0Ewangelie<\/strong> na rok 2025<strong>. <\/strong><\/li>\n<li><strong>Muzeum Ziemi Le\u017cajskiej <\/strong>zaprasza na wernisa\u017c wystawy <strong>\u201eZwyczajne drogi nadzwyczajnych \u017cyciorys\u00f3w\u201d, <\/strong>kt\u00f3ry odb\u0119dzie si\u0119 w czwartek 17 pa\u017adziernika 2024 r. w Sali Konferencyjnej Muzeum o godz. 17.00. Szczeg\u00f3\u0142y na plakacie.<\/li>\n<\/ol>\n<p><strong><u>Intencje zbiorowe: <\/u><\/strong><\/p>\n<ul>\n<li>Z intencji Stra\u017cy Honorowej NSPJ \u2013 poniedzia\u0142ek, godz. 18.00.<\/li>\n<li>Z R\u00f3\u017cy \u015bw. Urszuli Led\u00f3chowskiej \u2013 poniedzia\u0142ek, godz. 18.00.<\/li>\n<li>Za \u015bp. Ann\u0119 G\u00f3rny \u2013 intencja od kole\u017canek i koleg\u00f3w c\u00f3rki od Zarz\u0105du ZGK w Nowej Sarzynie \u2013 wtorek, godz. 6.30 i od s\u0105siad\u00f3w z klatki, pi\u0105tek i sobota, godz. 6.30.<\/li>\n<li>Z intencji Bractwa Szkaplerza \u015awi\u0119tego \u2013 wtorek, godz. 18.00.<\/li>\n<li>Z R\u00f3\u017cy \u015bw. Jana Paw\u0142a II \u2013 \u015broda, godz. 7.00.<\/li>\n<li>W intencji nowennowych pr\u00f3\u015bb i podzi\u0119kowa\u0144 do MB Pocieszenia \u2013 \u015broda, godz. 18.00.<\/li>\n<li>Z R\u00f3\u017cy MB Nieustaj\u0105cej Pomocy \u2013 \u015broda, godz. 18.00.<\/li>\n<li>W intencji naszego wikariusza ks. \u0141ukasza Mendrali \u2013 z okazji imienin, pi\u0105tek, godz. 18.00.<\/li>\n<li>Z R\u00f3\u017cy \u015bw. \u0141ukasza \u2013 pi\u0105tek, godz. 18.00.<\/li>\n<li>Z R\u00f3\u017cy \u015bw. Kr\u00f3lowej Jadwigi \u2013 niedziela, godz. 8.30.<\/li>\n<\/ul>\n<p>W ostatnim tygodniu odeszli od nas do wieczno\u015bci <strong>\u015bp. Stanis\u0142aw Peryga<\/strong> z ul. Kopernika i\u00a0<strong>Zdzis\u0142aw Go\u017adziewski<\/strong> z ul. \u015aw. Kr\u00f3lowej Jadwigi \u2013 wieczny odpoczynek \u2026..<\/p>\n","protected":false},"excerpt":{"rendered":"<p>Dzi\u015b w ca\u0142ej Polsce \u015bwi\u0119tujemy kolejny Dzie\u0144 Papieski. Z tej okazji Oaza Dzieci Bo\u017cych przy pomocy rodzic\u00f3w i R\u00f3\u017c R\u00f3\u017ca\u0144cowych po ka\u017cdej Mszy \u015bw. rozprowadza \u201ekrem\u00f3wki papieskie\u201d. Uzyskany doch\u00f3d zasili ich fundusz rekolekcyjny a m\u0142odzie\u017c oazowa zbiera do puszek ofiary na rzecz Fundacji \u201eDzie\u0142o Nowego Tysi\u0105clecia\u201d. Z okazji Dnia Papieskiego jak i rocznicy wyboru Ojca [&hellip;]<\/p>\n","protected":false},"author":4,"featured_media":0,"comment_status":"closed","ping_status":"open","sticky":false,"template":"","format":"standard","meta":[],"categories":[5],"tags":[],"_links":{"self":[{"href":"https:\/\/lezajsk.przemyska.pl\/index.php?rest_route=\/wp\/v2\/posts\/17909"}],"collection":[{"href":"https:\/\/lezajsk.przemyska.pl\/index.php?rest_route=\/wp\/v2\/posts"}],"about":[{"href":"https:\/\/lezajsk.przemyska.pl\/index.php?rest_route=\/wp\/v2\/types\/post"}],"author":[{"embeddable":true,"href":"https:\/\/lezajsk.przemyska.pl\/index.php?rest_route=\/wp\/v2\/users\/4"}],"replies":[{"embeddable":true,"href":"https:\/\/lezajsk.przemyska.pl\/index.php?rest_route=%2Fwp%2Fv2%2Fcomments&post=17909"}],"version-history":[{"count":1,"href":"https:\/\/lezajsk.przemyska.pl\/index.php?rest_route=\/wp\/v2\/posts\/17909\/revisions"}],"predecessor-version":[{"id":17910,"href":"https:\/\/lezajsk.przemyska.pl\/index.php?rest_route=\/wp\/v2\/posts\/17909\/revisions\/17910"}],"wp:attachment":[{"href":"https:\/\/lezajsk.przemyska.pl\/index.php?rest_route=%2Fwp%2Fv2%2Fmedia&parent=17909"}],"wp:term":[{"taxonomy":"category","embeddable":true,"href":"https:\/\/lezajsk.przemyska.pl\/index.php?rest_route=%2Fwp%2Fv2%2Fcategories&post=17909"},{"taxonomy":"post_tag","embeddable":true,"href":"https:\/\/lezajsk.przemyska.pl\/index.php?rest_route=%2Fwp%2Fv2%2Ftags&post=17909"}],"curies":[{"name":"wp","href":"https:\/\/api.w.org\/{rel}","templated":true}]}}