
{"id":1789,"date":"2017-04-22T22:29:05","date_gmt":"2017-04-22T20:29:05","guid":{"rendered":"http:\/\/lezajsk.przemyska.pl\/?p=1789"},"modified":"2017-04-22T23:55:26","modified_gmt":"2017-04-22T21:55:26","slug":"ii-niedziela-wielkanocna-swieto-bozego-milosierdzia-23-04-2017-r","status":"publish","type":"post","link":"https:\/\/lezajsk.przemyska.pl\/?p=1789","title":{"rendered":"II Niedziela Wielkanocna &#8211; \u015awi\u0119to Bo\u017cego Mi\u0142osierdzia (23.04.2017 r.)"},"content":{"rendered":"<ol>\n<li>Dzi\u015b z racji <strong>Niedzieli Mi\u0142osierdzia Bo\u017cego,<\/strong> po ka\u017cdej Mszy \u015bw. odm\u00f3wimy wsp\u00f3lnie Koronk\u0119 do Bo\u017cego Mi\u0142osierdzia. Popo\u0142udniu koronka w ko\u015bciele Jezusa Mi\u0142osiernego w Godzinie Mi\u0142osierdzia tj. o godz. 15.00 a wieczorem <strong><u>zamiast<\/u><\/strong> nabo\u017ce\u0144stwa o godz. 17.30 zapraszamy na <strong>Wiecz\u00f3r Uwielbienia <\/strong>po\u015bwi\u0119cony<strong> Naj\u015bwi\u0119tszemu Imieniu Jezus, <\/strong>z modlitw\u0105 wstawiennicz\u0105 i b\u0142ogos\u0142awie\u0144stwem Naj\u015bwi\u0119tszym Sakramentem, kt\u00f3ry rozpocznie si\u0119<strong> o godz. 19.00.<\/strong> Przypominamy, \u017ce wierni w Polsce codziennie mog\u0105 zyskiwa\u0107 <strong>odpust zupe\u0142ny<\/strong> za pobo\u017cne odm\u00f3wienie koronki do Bo\u017cego Mi\u0142osierdzia przed Naj\u015bwi\u0119tszym Sakramentem w ko\u015bciele. Chorzy oczywi\u015bcie mog\u0105 zyskiwa\u0107 ten odpust w domu.<\/li>\n<li>Dzi\u015b tak\u017ce rozpoczyna si\u0119 kolejny <strong>Tydzie\u0144 Mi\u0142osierdzia<\/strong>. Niech b\u0119dzie to dla nas wszystkich okazja do podj\u0119cia refleksji nad nasz\u0105 relacj\u0105 do bli\u017aniego, zw\u0142aszcza tego b\u0119d\u0105cego w wi\u0119kszej potrzebie. Z tej te\u017c okazji dzi\u015b po ka\u017cdej Mszy \u015bw. <strong>zbi\u00f3rka ofiar do puszek Caritas z przeznaczeniem na pomoc ofiarom wojny w Syrii<\/strong>.<\/li>\n<li>Jutro <strong>uroczysto\u015b\u0107 \u015bw. Wojciecha<\/strong> \u2013 g\u0142\u00f3wnego patrona Polski.<\/li>\n<li>We wtorek <strong>\u015bwi\u0119to \u015bw. Marka<\/strong> \u2013 Ewangelisty. <span style=\"color: #ff0000;\"><strong>Jest to dzie\u0144 imienin naszego Ksi\u0119dza Proboszcza. Wszystkich parafian zapraszamy na uroczyst\u0105 Msze \u015awi\u0119t\u0105 sprawowan\u0105 w intencji ks. Proboszcza Marka o godz. 18.00. <\/strong><\/span>W\u00a0sobot\u0119 <strong>\u015bw. Katarzyny Siene\u0144skiej<\/strong>.<\/li>\n<li>Tak\u017ce we wtorek <strong>o godz. 15.15<\/strong> <strong>zbi\u00f3rka <\/strong>ministrant\u00f3w i lektor\u00f3w.<\/li>\n<li>Za tydzie\u0144 <strong>Niedziela Biblijna<\/strong>, rozpoczynaj\u0105ca <strong>Og\u00f3lnopolski Tydzie\u0144 Biblijny <\/strong>oraz<strong> Pierwszy Narodowy Dzie\u0144 Czytania Pisma \u015awi\u0119tego. <\/strong>Szczeg\u00f3\u0142y w najbli\u017csz\u0105 niedziel\u0119.<\/li>\n<li><strong>Skarbonki Caritas z ja\u0142mu\u017cn\u0105 wielkopostn\u0105<\/strong> mo\u017cna sk\u0142ada\u0107 na o\u0142tarzu lub w\u00a0zakrystii a\u00a0w razie potrzeby b\u0119dzie to mo\u017cna uczyni\u0107 tak\u017ce w przysz\u0142\u0105 niedziel\u0119.<\/li>\n<li>Wszystkim wyje\u017cd\u017caj\u0105cym na <strong>pielgrzymk\u0119 do Ziemi \u015awi\u0119tej<\/strong> przypominamy, i\u017c wyjazd b\u0119dzie w pi\u0105tek 28 kwietnia z parkingu przy ko\u015bciele o godz. 4.30.<\/li>\n<li>W najbli\u017csz\u0105 niedziel\u0119 po Mszy \u015bw. o godz. 19.00 koncert pie\u015bni maryjnych i\u00a0patriotycznych w wykonaniu <strong> Ma\u0142gorzaty Kellis<\/strong>, znanej polsko-ameryka\u0144skiej \u015bpiewaczki i grupy muzyk\u00f3w. Szczeg\u00f3\u0142y na tablicy og\u0142osze\u0144.<\/li>\n<li><strong>W Siewcy<\/strong> do nabycia prasa i publikacje katolickie. Dzi\u015b szczeg\u00f3lnie polecamy zar\u00f3wno tygodnik <strong>Niedziela jak i Go\u015bcia Niedzielnego<\/strong>\u00a0do kt\u00f3rego jest do\u0142\u0105czona p\u0142yta z filmem \u201eZmartwychwsta\u0142y\u201d.<\/li>\n<li><strong>Zaproszenia<\/strong>: Powiatowy Urz\u0105d Pracy i Starostwo Powiatowe w Le\u017cajsku zaprasza we czwartek 27 kwietnia br. na <strong>Le\u017cajskie Targi Pracy i Edukacji 2017<\/strong>. Szczeg\u00f3\u0142y na tablicy og\u0142osze\u0144.<\/li>\n<\/ol>\n<p><strong><u>Intencje zbiorowe: <\/u><\/strong><\/p>\n<ul>\n<li>W intencji ks. Proboszcza z okazji imienin \u2013 Msze \u015bw. od Akcji Katolickiej, Stra\u017cy Honorowej NSPJ,\u00a0 R\u00f3\u017c R\u00f3\u017ca\u0144cowych i Bractwa Szkaplerza \u015awi\u0119tego \u2013 wtorek, godz. 18.00.<\/li>\n<li>W intencji nowennowych pr\u00f3\u015bb i podzi\u0119kowa\u0144 do MB Pocieszenia \u2013 \u015broda, godz. 18.00.<\/li>\n<li>Za \u015bp. Stanis\u0142awa Kolano \u2013 intencja od kole\u017canek i koleg\u00f3w z klasy c\u00f3rki Barbary \u2013 pi\u0105tek, godz. 6.30.<\/li>\n<li>Za \u015bp. Leokadi\u0119 Krawczyk \u2013 intencja od pracownik\u00f3w kot\u0142owni w Le\u017cajsku \u2013 sobota, godz. 7.30.<\/li>\n<\/ul>\n","protected":false},"excerpt":{"rendered":"<p>Dzi\u015b z racji Niedzieli Mi\u0142osierdzia Bo\u017cego, po ka\u017cdej Mszy \u015bw. odm\u00f3wimy wsp\u00f3lnie Koronk\u0119 do Bo\u017cego Mi\u0142osierdzia. Popo\u0142udniu koronka w ko\u015bciele Jezusa Mi\u0142osiernego w Godzinie Mi\u0142osierdzia tj. o godz. 15.00 a wieczorem zamiast nabo\u017ce\u0144stwa o godz. 17.30 zapraszamy na Wiecz\u00f3r Uwielbienia po\u015bwi\u0119cony Naj\u015bwi\u0119tszemu Imieniu Jezus, z modlitw\u0105 wstawiennicz\u0105 i b\u0142ogos\u0142awie\u0144stwem Naj\u015bwi\u0119tszym Sakramentem, kt\u00f3ry rozpocznie si\u0119 o [&hellip;]<\/p>\n","protected":false},"author":4,"featured_media":0,"comment_status":"closed","ping_status":"open","sticky":false,"template":"","format":"standard","meta":[],"categories":[5],"tags":[],"_links":{"self":[{"href":"https:\/\/lezajsk.przemyska.pl\/index.php?rest_route=\/wp\/v2\/posts\/1789"}],"collection":[{"href":"https:\/\/lezajsk.przemyska.pl\/index.php?rest_route=\/wp\/v2\/posts"}],"about":[{"href":"https:\/\/lezajsk.przemyska.pl\/index.php?rest_route=\/wp\/v2\/types\/post"}],"author":[{"embeddable":true,"href":"https:\/\/lezajsk.przemyska.pl\/index.php?rest_route=\/wp\/v2\/users\/4"}],"replies":[{"embeddable":true,"href":"https:\/\/lezajsk.przemyska.pl\/index.php?rest_route=%2Fwp%2Fv2%2Fcomments&post=1789"}],"version-history":[{"count":3,"href":"https:\/\/lezajsk.przemyska.pl\/index.php?rest_route=\/wp\/v2\/posts\/1789\/revisions"}],"predecessor-version":[{"id":1792,"href":"https:\/\/lezajsk.przemyska.pl\/index.php?rest_route=\/wp\/v2\/posts\/1789\/revisions\/1792"}],"wp:attachment":[{"href":"https:\/\/lezajsk.przemyska.pl\/index.php?rest_route=%2Fwp%2Fv2%2Fmedia&parent=1789"}],"wp:term":[{"taxonomy":"category","embeddable":true,"href":"https:\/\/lezajsk.przemyska.pl\/index.php?rest_route=%2Fwp%2Fv2%2Fcategories&post=1789"},{"taxonomy":"post_tag","embeddable":true,"href":"https:\/\/lezajsk.przemyska.pl\/index.php?rest_route=%2Fwp%2Fv2%2Ftags&post=1789"}],"curies":[{"name":"wp","href":"https:\/\/api.w.org\/{rel}","templated":true}]}}