
{"id":17865,"date":"2024-10-05T21:33:43","date_gmt":"2024-10-05T19:33:43","guid":{"rendered":"https:\/\/lezajsk.przemyska.pl\/?p=17865"},"modified":"2024-10-06T10:32:15","modified_gmt":"2024-10-06T08:32:15","slug":"xxvii-niedziela-zwykla-06-10-2024-r","status":"publish","type":"post","link":"https:\/\/lezajsk.przemyska.pl\/?p=17865","title":{"rendered":"XXVII Niedziela zwyk\u0142a &#8211; 06.10.2024 r."},"content":{"rendered":"<ol>\n<li><strong>Nabo\u017ce\u0144stwo R\u00f3\u017ca\u0144cowe<\/strong> dzi\u015b o godz. 17.30. Zapraszamy wszystkich do wsp\u00f3lnej modlitwy r\u00f3\u017ca\u0144cowej i przypominamy, \u017ce w\u00a0naszym ko\u015bciele <strong>nabo\u017ce\u0144stwo r\u00f3\u017ca\u0144cowe odprawiamy codziennie o godz. 16.30 dla dzieci<\/strong> (w dniach nauki tj. od poniedzia\u0142ku do pi\u0105tku) i <strong>17.30 dla wszystkich<\/strong>.<\/li>\n<li>Jutro po Mszy \u015bw. wieczornej <strong>spotkanie R\u00f3\u017c R\u00f3\u017ca\u0144cowych, Apostolskiego Dzie\u0142a Pomocy dla Czy\u015b\u0107ca oraz Dzie\u0142a Pomocy Powo\u0142aniom<\/strong>.<\/li>\n<li>We wtorek, <strong>spotkanie Stra\u017cy Honorowej NSPJ<\/strong>.<\/li>\n<li>Tak\u017ce we wtorek <strong>nowenna do \u015bw. Antoniego<\/strong> i b\u0142ogos\u0142awie\u0144stwo dzieci. Pro\u015bby i\u00a0podzi\u0119kowania mo\u017cna sk\u0142ada\u0107 przy figurze \u015bwi\u0119tego.<\/li>\n<li>W \u015brod\u0119<strong> spotkanie Bractwa Szkaplerza \u015awi\u0119tego, <\/strong>po Mszy \u015bw.<\/li>\n<li>W najbli\u017csz\u0105 niedziel\u0119 13 pa\u017adziernika, zapraszamy wszystkich czcicieli <strong>MB Fatimskiej<\/strong> na ostatnie w tym roku nabo\u017ce\u0144stwo fatimskie i procesj\u0119 r\u00f3\u017ca\u0144cow\u0105. Nabo\u017ce\u0144stwo to, z tej racji, \u017ce jest to niedziela, rozpocznie si\u0119 wyj\u0105tkowo od procesji r\u00f3\u017ca\u0144cowej <strong><u>o\u00a0godz. 17.00<\/u><\/strong> a po niej Msza \u015bw. jak w ka\u017cd\u0105 niedziel\u0119 o godz. 18.00.<\/li>\n<li>Za tydzie\u0144 b\u0119dziemy \u015bwi\u0119towa\u0107 kolejny <strong>Dzie\u0144 Papieski<\/strong>. W tym dniu Oaza Dzieci Bo\u017cych z\u00a0pomoc\u0105 R\u00f3\u017c R\u00f3\u017ca\u0144cowych b\u0119dzie rozprowadza\u0107 \u201ekrem\u00f3wki papieskie\u201d a\u00a0przed ko\u015bcio\u0142em b\u0119d\u0105 zbierane przez m\u0142odzie\u017c ofiary do puszek na rzecz <strong>Fundacji \u201eDzie\u0142o Nowego Tysi\u0105clecia\u201d.<\/strong><\/li>\n<li><strong>Cz\u0142onk\u00f3w Dzie\u0142a Pomocy Powo\u0142aniom im. b\u0142. ks. Jana Balickiego<\/strong>, oraz wszystkich zatroskanych o powo\u0142ania kap\u0142a\u0144skie i zakonne zapraszamy do udzia\u0142u w dorocznej pielgrzymce do Bazyliki Archikatedralnej i Wy\u017cszego Seminarium Duchownego w\u00a0Przemy\u015blu, kt\u00f3ra odb\u0119dzie si\u0119\u00a0w\u00a0<strong>sobot\u0119\u00a0\u00a019 pa\u017adziernika<\/strong>. Zapisy w zakrystii lub u\u00a0ks. Witolda.<\/li>\n<li>Jak zapewne niekt\u00f3rzy zd\u0105\u017cyli si\u0119 ju\u017c zorientowa\u0107, od 1 pa\u017adziernika, mamy nowego organist\u0119. Jest to spowodowane tym, i\u017c\u00a0 \u00a0 \u00a0 \u00a0 \u00a0 \u00a0 \u00a0 \u00a0<strong>p.<\/strong> <strong>Micha\u0142 Gdula<\/strong>, ze wzgl\u0119du na podwojenie obowi\u0105zk\u00f3w zawodowych na uczelni, przynajmniej przez najbli\u017cszy rok, b\u0119dzie m\u00f3g\u0142 na s\u0142u\u017cy\u0107 tylko sporadycznie. Z tego wzgl\u0119du, jego obowi\u0105zki przej\u0105\u0142 <strong>p. Benjamin Bechta z\u00a0Giedlarowej<\/strong>. Pana Benjamina witamy w naszej wsp\u00f3lnocie bardzo serdecznie i\u00a0\u017cyczymy, aby Jego pos\u0142uga organisty w naszej wsp\u00f3lnocie zapisa\u0142a si\u0119 z\u0142otymi zg\u0142oskami, Bogu przynios\u0142a chwa\u0142\u0119 a nam pomoc w modlitwie. Serdecznie witamy i \u017cyczymy &#8211; Szcz\u0119\u015b\u0107 Bo\u017ce.<\/li>\n<li>Dzisiejsza taca mszalna jest przeznaczona na potrzeby <strong>Wy\u017cszego Seminarium Duchownego w Przemy\u015blu<\/strong>, za\u015b za tydzie\u0144, w\u00a0II niedziel\u0119 miesi\u0105ca, taca b\u0119dzie przeznaczona na <strong>trwaj\u0105ce prace remontowe przy naszej parafii<\/strong>. R\u00f3wnocze\u015bnie chcieli\u015bmy poinformowa\u0107 i podzi\u0119kowa\u0107 za niespotykan\u0105 do tej pory hojno\u015b\u0107, kt\u00f3ra objawi\u0142a si\u0119 w <strong>sk\u0142adce na rzecz powodzian<\/strong>. Zebrali\u015bmy na ten cel \u0142\u0105cznie (kilka ofiar zosta\u0142o z\u0142o\u017conych wcze\u015bniej) ogromn\u0105 jak na nasze mo\u017cliwo\u015bci kwot\u0119, bo prawie <strong>48 ty\u015b z\u0142<\/strong>. Wszystkim darczy\u0144com za ka\u017cd\u0105 przekazan\u0105 z\u0142ot\u00f3wk\u0119, za \u017cyczliwo\u015b\u0107 i\u00a0zrozumienie sk\u0142adamy serdeczne B\u00f3g zap\u0142a\u0107.<\/li>\n<li><strong>W Siewcy<\/strong> przed po\u0142udniem do nabycia <strong>prasa i publikacje katolickie a p<\/strong>rzed ko\u015bcio\u0142em, z\u00a0r\u0105k ministrant\u00f3w mo\u017cna odebra\u0107 najnowszy numer naszej parafialnej gazetki<\/li>\n<\/ol>\n<p><strong><u>Intencje zbiorowe: <\/u><\/strong><\/p>\n<ul>\n<li>W intencji wszystkich R\u00f3\u017c R\u00f3\u017ca\u0144cowych \u2013 poniedzia\u0142ek, godz. 18.00 i niedziela, godz. 16.00.<\/li>\n<li>Z R\u00f3\u017cy \u015bw. Heleny \u2013 poniedzia\u0142ek, godz. 18.00.<\/li>\n<li>Z R\u00f3\u017cy MB Pocieszenia \u2013 wtorek, godz. 18.00.<\/li>\n<li>W intencji nowennowych pr\u00f3\u015bb i podzi\u0119kowa\u0144 do MB Pocieszenia \u2013 \u015broda, godz. 18.00.<\/li>\n<li>Za dusze w czy\u015b\u0107cu cierpi\u0105ce \u2013 intencja od Apostolskiego Dzie\u0142a Pomocy Duszom Czy\u015b\u0107cowym \u2013 pi\u0105tek, godz. 6.30.<\/li>\n<li>Z intencji Ko\u0142a Przyjaci\u00f3\u0142 Radia Maryja \u2013 pi\u0105tek, godz. 18.00.<\/li>\n<li>Za \u015bp. Mari\u0119 Marek \u2013 intencja od Bractwa Szkaplerza \u015awi\u0119tego \u2013 sobota, godz. 6.30.<\/li>\n<li>Z R\u00f3\u017cy \u015bw. Kazimierza \u2013 niedziela, godz. 18.00.<\/li>\n<\/ul>\n<p>W ostatnim tygodniu odeszli od nas do wieczno\u015bci <strong>\u015bp. Cecylia Wachnik <\/strong>z ul. Kopernika (zamieszka\u0142a ostatnio w USA) i <strong>Jan Koguc <\/strong>z ul. Kopernika \u2013 wieczny odpoczynek. \u2026..<\/p>\n","protected":false},"excerpt":{"rendered":"<p>Nabo\u017ce\u0144stwo R\u00f3\u017ca\u0144cowe dzi\u015b o godz. 17.30. Zapraszamy wszystkich do wsp\u00f3lnej modlitwy r\u00f3\u017ca\u0144cowej i przypominamy, \u017ce w\u00a0naszym ko\u015bciele nabo\u017ce\u0144stwo r\u00f3\u017ca\u0144cowe odprawiamy codziennie o godz. 16.30 dla dzieci (w dniach nauki tj. od poniedzia\u0142ku do pi\u0105tku) i 17.30 dla wszystkich. Jutro po Mszy \u015bw. wieczornej spotkanie R\u00f3\u017c R\u00f3\u017ca\u0144cowych, Apostolskiego Dzie\u0142a Pomocy dla Czy\u015b\u0107ca oraz Dzie\u0142a Pomocy Powo\u0142aniom. [&hellip;]<\/p>\n","protected":false},"author":4,"featured_media":0,"comment_status":"closed","ping_status":"open","sticky":false,"template":"","format":"standard","meta":[],"categories":[5],"tags":[],"_links":{"self":[{"href":"https:\/\/lezajsk.przemyska.pl\/index.php?rest_route=\/wp\/v2\/posts\/17865"}],"collection":[{"href":"https:\/\/lezajsk.przemyska.pl\/index.php?rest_route=\/wp\/v2\/posts"}],"about":[{"href":"https:\/\/lezajsk.przemyska.pl\/index.php?rest_route=\/wp\/v2\/types\/post"}],"author":[{"embeddable":true,"href":"https:\/\/lezajsk.przemyska.pl\/index.php?rest_route=\/wp\/v2\/users\/4"}],"replies":[{"embeddable":true,"href":"https:\/\/lezajsk.przemyska.pl\/index.php?rest_route=%2Fwp%2Fv2%2Fcomments&post=17865"}],"version-history":[{"count":4,"href":"https:\/\/lezajsk.przemyska.pl\/index.php?rest_route=\/wp\/v2\/posts\/17865\/revisions"}],"predecessor-version":[{"id":17869,"href":"https:\/\/lezajsk.przemyska.pl\/index.php?rest_route=\/wp\/v2\/posts\/17865\/revisions\/17869"}],"wp:attachment":[{"href":"https:\/\/lezajsk.przemyska.pl\/index.php?rest_route=%2Fwp%2Fv2%2Fmedia&parent=17865"}],"wp:term":[{"taxonomy":"category","embeddable":true,"href":"https:\/\/lezajsk.przemyska.pl\/index.php?rest_route=%2Fwp%2Fv2%2Fcategories&post=17865"},{"taxonomy":"post_tag","embeddable":true,"href":"https:\/\/lezajsk.przemyska.pl\/index.php?rest_route=%2Fwp%2Fv2%2Ftags&post=17865"}],"curies":[{"name":"wp","href":"https:\/\/api.w.org\/{rel}","templated":true}]}}