
{"id":17857,"date":"2024-09-28T20:49:30","date_gmt":"2024-09-28T18:49:30","guid":{"rendered":"https:\/\/lezajsk.przemyska.pl\/?p=17857"},"modified":"2024-09-28T20:49:30","modified_gmt":"2024-09-28T18:49:30","slug":"xxvi-niedziela-zwykla-29-09-2024-r","status":"publish","type":"post","link":"https:\/\/lezajsk.przemyska.pl\/?p=17857","title":{"rendered":"XXVI Niedziela zwyk\u0142a &#8211; 29.09.2024 r."},"content":{"rendered":"<ol>\n<li>Dzi\u015b <strong>nabo\u017ce\u0144stwo eucharystyczne z koronk\u0105 do Bo\u017cego Mi\u0142osierdzia<\/strong> o godz. 17.30 a po nim Msza \u015bw. Od wtorku zapraszamy wszystkich do wsp\u00f3lnej modlitwy r\u00f3\u017ca\u0144cowej i przypominamy, \u017ce w naszym ko\u015bciele <strong>nabo\u017ce\u0144stwo r\u00f3\u017ca\u0144cowe odprawiamy codziennie o godz. 16.30 dla dzieci<\/strong> (w dniach nauki tj. od poniedzia\u0142ku do pi\u0105tku) i <strong>17.30 dla wszystkich<\/strong>.<\/li>\n<li><strong>Dzieci klas III, przygotowuj\u0105ce si\u0119 do przyj\u0119cia I Komunii \u015bw.<\/strong> i ich rodzic\u00f3w zapraszamy w \u015brod\u0119 na nabo\u017ce\u0144stwo r\u00f3\u017ca\u0144cowe o godz. 17.30 i Msz\u0119 \u015bw. W\u00a0czasie tego\u017c nabo\u017ce\u0144stwa dzieci otrzymaj\u0105 pob\u0142ogos\u0142awione r\u00f3\u017ca\u0144ce.<\/li>\n<li>W tam tygodniu przypada <strong>I czwartek, I pi\u0105tek miesi\u0105ca i I sobota miesi\u0105ca<\/strong>. Adoracja Naj\u015bwi\u0119tszego Sakramentu po Mszy \u015bw. zar\u00f3wno w czwartek ja i w pi\u0105tek do godz. 20.00 a spowied\u017a w\u00a0pi\u0105tek od godz. 16.30.<\/li>\n<li>W pi\u0105tek <strong>odwiedziny chorych w domach z Komuni\u0105 \u015bw<\/strong>. od godz. 9.00.<\/li>\n<li>W sobot\u0119 wszystkich czcicieli Matki Bo\u017cej, zapraszamy na kolejne <strong>nabo\u017ce\u0144stwo I\u00a0soboty<\/strong>, wynagradzaj\u0105ce Niepokalanemu Sercu NMP, po\u0142\u0105czone z modlitw\u0105 r\u00f3\u017ca\u0144cow\u0105 na godz. 17.00. <strong><u>Uwaga; nabo\u017ce\u0144stwo w sobot\u0119 o godz. 17.00 a nie 17.30<\/u><\/strong>. Tego te\u017c dnia po Mszy \u015bw. o godz. 18.00 odb\u0119dzie si\u0119 ostatni w tym roku <strong> \u201eM\u0119ski R\u00f3\u017caniec\u201d<\/strong>. Na to wyj\u0105tkowe nabo\u017ce\u0144stwo i wieczorn\u0105 procesj\u0119 r\u00f3\u017ca\u0144cow\u0105 ju\u017c dzi\u015b zapraszamy wszystkich m\u0119\u017cczyzn, niezale\u017cnie od wieku a tak\u017ce wszystkich zainteresowanych.<\/li>\n<li><strong>Dzisiejsza taca mszalna<\/strong> jest przeznaczona za po\u015brednictwem <strong>Caritas<\/strong> na pomoc powodzianom<strong>.<\/strong> W ich imieniu, wszystkim darczy\u0144com za ka\u017cd\u0105 przekazan\u0105 z\u0142ot\u00f3wk\u0119, sk\u0142adamy serdeczne B\u00f3g zap\u0142a\u0107.<\/li>\n<li>Ufamy, \u017ce przez pomy\u0142k\u0119, kto\u015b zabra\u0142 w pi\u0105tek z przedsionka <strong>elementy dekoracji<\/strong> przeznaczone do naszego o\u0142tarza. S. Irena prosi o zwrot.<\/li>\n<li><strong>W Siewcy<\/strong> przed po\u0142udniem do nabycia prasa i publikacje katolickie. Za\u015b przed ko\u015bcio\u0142em z r\u0105k ministrant\u00f3w mo\u017cna odebra\u0107 kolejny darmowy numer <strong>Dobrych Nowin<\/strong>. Serdecznie polecamy.<\/li>\n<\/ol>\n<p><strong><u>Intencje zbiorowe:<\/u><\/strong><\/p>\n<ul>\n<li>Za \u015bp. Mari\u0119 Marek \u2013 intencja od Stra\u017cy Honorowej NSPJ \u2013 poniedzia\u0142ek, godz. 7.00.<\/li>\n<li>Msze gregoria\u0144skie za \u015bp. Zbigniewa Wojnarowicza, pocz\u0105tek &#8211; wtorek, godz. 6.30.<\/li>\n<li>Msze gregoria\u0144skie za \u015bp. J\u00f3zefa Soch\u0119, pocz\u0105tek &#8211; wtorek, godz. 18.00, (poza parafi\u0105).<\/li>\n<li>Z intencji Bractwa Szkaplerza \u015awi\u0119tego \u2013 wtorek, godz. 18.00.<\/li>\n<li>Za \u015bp. Mari\u0119 Pawelec \u2013 intencja od s\u0105siad\u00f3w z ul. Lipy \u2013 wtorek, godz. 18.00.<\/li>\n<li>W intencji nowennowych pr\u00f3\u015bb i podzi\u0119kowa\u0144 do MB Pocieszenia \u2013 \u015broda godz. 18.00.<\/li>\n<li>Za kap\u0142an\u00f3w i o nowe powo\u0142ania kap\u0142a\u0144skie i zakonne \u2013 intencja od Stra\u017cy Honorowej NSPJ \u2013 czwartek, godz. 18.00.<\/li>\n<li>Z R\u00f3\u017cy \u015bw. s. Faustyny \u2013 czwartek, godz. 18.00.<\/li>\n<li>Z intencji Stra\u017cy Honorowej NSPJ \u2013 pi\u0105tek, godz. 18.00.<\/li>\n<li>Wynagradzaj\u0105ca Niepokalanemu Sercu NMP \u2013 intencja od Bractwa Szkaplerza \u015awi\u0119tego i\u00a0R\u00f3\u017c R\u00f3\u017ca\u0144cowych \u2013 sobota, godz. 18.00.<\/li>\n<li>Z R\u00f3\u017cy \u015bw. Jana z Dukli \u2013 niedziela, godz. 8.30.<\/li>\n<li>Z R\u00f3\u017cy \u015bw. Teresy od Dzieci\u0105tka Jezus \u2013 niedziela, godz. 10.00.<\/li>\n<\/ul>\n<p>W ostatnim tygodniu odszed\u0142 od nas do wieczno\u015bci <strong>\u015bp.<\/strong> <strong>J\u00f3zef Chmura <\/strong>z ul. Mickiewicza \u2013 wieczny odpoczynek \u2026<\/p>\n","protected":false},"excerpt":{"rendered":"<p>Dzi\u015b nabo\u017ce\u0144stwo eucharystyczne z koronk\u0105 do Bo\u017cego Mi\u0142osierdzia o godz. 17.30 a po nim Msza \u015bw. Od wtorku zapraszamy wszystkich do wsp\u00f3lnej modlitwy r\u00f3\u017ca\u0144cowej i przypominamy, \u017ce w naszym ko\u015bciele nabo\u017ce\u0144stwo r\u00f3\u017ca\u0144cowe odprawiamy codziennie o godz. 16.30 dla dzieci (w dniach nauki tj. od poniedzia\u0142ku do pi\u0105tku) i 17.30 dla wszystkich. Dzieci klas III, przygotowuj\u0105ce [&hellip;]<\/p>\n","protected":false},"author":4,"featured_media":0,"comment_status":"closed","ping_status":"open","sticky":false,"template":"","format":"standard","meta":[],"categories":[5],"tags":[],"_links":{"self":[{"href":"https:\/\/lezajsk.przemyska.pl\/index.php?rest_route=\/wp\/v2\/posts\/17857"}],"collection":[{"href":"https:\/\/lezajsk.przemyska.pl\/index.php?rest_route=\/wp\/v2\/posts"}],"about":[{"href":"https:\/\/lezajsk.przemyska.pl\/index.php?rest_route=\/wp\/v2\/types\/post"}],"author":[{"embeddable":true,"href":"https:\/\/lezajsk.przemyska.pl\/index.php?rest_route=\/wp\/v2\/users\/4"}],"replies":[{"embeddable":true,"href":"https:\/\/lezajsk.przemyska.pl\/index.php?rest_route=%2Fwp%2Fv2%2Fcomments&post=17857"}],"version-history":[{"count":1,"href":"https:\/\/lezajsk.przemyska.pl\/index.php?rest_route=\/wp\/v2\/posts\/17857\/revisions"}],"predecessor-version":[{"id":17858,"href":"https:\/\/lezajsk.przemyska.pl\/index.php?rest_route=\/wp\/v2\/posts\/17857\/revisions\/17858"}],"wp:attachment":[{"href":"https:\/\/lezajsk.przemyska.pl\/index.php?rest_route=%2Fwp%2Fv2%2Fmedia&parent=17857"}],"wp:term":[{"taxonomy":"category","embeddable":true,"href":"https:\/\/lezajsk.przemyska.pl\/index.php?rest_route=%2Fwp%2Fv2%2Fcategories&post=17857"},{"taxonomy":"post_tag","embeddable":true,"href":"https:\/\/lezajsk.przemyska.pl\/index.php?rest_route=%2Fwp%2Fv2%2Ftags&post=17857"}],"curies":[{"name":"wp","href":"https:\/\/api.w.org\/{rel}","templated":true}]}}