
{"id":17854,"date":"2024-09-21T22:55:32","date_gmt":"2024-09-21T20:55:32","guid":{"rendered":"https:\/\/lezajsk.przemyska.pl\/?p=17854"},"modified":"2024-09-21T22:55:32","modified_gmt":"2024-09-21T20:55:32","slug":"xxv-niedziela-zwykla-22-09-2024-r","status":"publish","type":"post","link":"https:\/\/lezajsk.przemyska.pl\/?p=17854","title":{"rendered":"XXV Niedziela zwyk\u0142a &#8211; 22.09.2024 r."},"content":{"rendered":"<ol>\n<li>Dzi\u015b zapraszamy jeszcze na <strong>nieszpory niedzielne<\/strong> o godz. 30 a po nich Msza \u015bw. wieczorna.<\/li>\n<li><strong>Rodzic\u00f3w dzieci z klas III, przygotowuj\u0105cych si\u0119 do przyj\u0119cia I Komunii \u015bw.<\/strong> zapraszamy w \u015brod\u0119 na Msz\u0119 \u015bw. o godz. 18.00 i spotkanie organizacyjne.<\/li>\n<li>W pi\u0105tek na <strong>Msz\u0119 \u015bw. o godz. 18.00 i spotkanie zapraszamy uczni\u00f3w klas VI ze SP nr 1 i 2<\/strong>, rozpoczynaj\u0105cych przygotowanie do sakramentu bierzmowania wraz z Rodzicami. Bardzo prosimy wszystkich zainteresowanych o niezawodne przybycie.<\/li>\n<li><strong>Wyjazd na Parafialn\u0105 Pielgrzymk\u0119 do Warszawy i Niepokalanowa<\/strong> <strong>odb\u0119dzie si\u0119 w\u00a0pi\u0105tek z parkingu przy ko\u015bciele po pierwszej Mszy \u015bw. ok. godz. 6.50<\/strong>. Ca\u0142y program, rozpisany godzinowo, znajduje si\u0119 na naszej stronie parafialnej w zak\u0142adce, aktualno\u015bci.<\/li>\n<li>W sobot\u0119 przy <strong>Sanktuarium Matki Bo\u017cej Bolesnej w\u00a0 Haczowie<\/strong> odb\u0119dzie si\u0119 doroczna <strong>Pielgrzymka R\u00f3\u017c \u017bywego R\u00f3\u017ca\u0144ca<\/strong>. Zosta\u0142o jeszcze kilka wolnych miejsc. Zapisy w\u00a0zakrystii. Wyjazd z parkingu przy ko\u015bciele <strong>w sobot\u0119 o godz. 7.00<\/strong>.<\/li>\n<li>W najbli\u017csz\u0105 niedziel\u0119, 29 wrze\u015bnia w czasie <strong>Mszy \u015bw. o godz. 11.30<\/strong>, b\u0119dziemy prze\u017cywa\u0107 wyj\u0105tkow\u0105 uroczysto\u015b\u0107 prymicji biskupich <strong>Le\u017cajskiego Rodaka ks. Arcybiskupa Kryspina Dubiela \u2013 Nuncjusza Apostolskiego w Angoli<\/strong>. Serdecznie zapraszamy.<\/li>\n<li><strong>Nasza Parafia Farna<\/strong> wraz ze spo\u0142eczno\u015bci\u0105 szkoln\u0105 <strong>Zespo\u0142u Szk\u00f3\u0142 Licealnych w\u00a0Le\u017cajsku, <\/strong>w porozumieniu z<strong> Caritas Archidiecezji Przemyskiej<\/strong>, przyst\u0105pi\u0142a do charytatywnej akcji <strong>&#8222;Razem dla Powodzian&#8221;<\/strong>.\u00a0Zbi\u00f3rka najpotrzebniejszych artyku\u0142\u00f3w, kt\u00f3rych wykaz mo\u017cemy znale\u017a\u0107 na plakatach w gablocie i na naszej stronie parafialnej, b\u0119dzie trwa\u0142a <strong>od poniedzia\u0142ku do pi\u0105tku w godz. 8.00 &#8211; 18.00<\/strong> w salce katechetycznej obok plebani. Ponadto odpowiadaj\u0105c na apel KEP i naszego Ksi\u0119dza Arcybiskupa, informujemy, i\u017c <strong>wszystkie ofiary zebrane na tac\u0119 z najbli\u017csz\u0105 niedziel\u0119<\/strong> zostan\u0105 przekazane powodzianom za po\u015brednictwem Caritas naszej Archidiecezji.\u00a0<strong>Podobn\u0105 zbi\u00f3rk\u0119 dar\u00f3w na rzecz powodzian organizuje tak\u017ce nasze Miasto<\/strong> \u2013 szczeg\u00f3\u0142y na plakacie na tablicy og\u0142osze\u0144. Otw\u00f3rzmy nasze serca na pomoc tym, kt\u00f3rzy przez pow\u00f3d\u017a stracili ca\u0142y dobytek swojego \u017cycia. Pami\u0119tajmy, \u017ce dobro zawsze wraca ze zdwojon\u0105 si\u0142\u0105.<\/li>\n<li><strong>W Siewcy<\/strong> przed po\u0142udniem do nabycia <strong>prasa i publikacje katolickie.<\/strong> Serdecznie polecamy.<\/li>\n<\/ol>\n<p><strong><u>Intencje zbiorowe: <\/u><\/strong><\/p>\n<ul>\n<li>Za \u015bp. Alin\u0119 Karaku\u0142a \u2013 intencja od emerytek z Banku PKO SA \u2013 poniedzia\u0142ek, godz. 6.30.<\/li>\n<li>Z R\u00f3\u017cy \u015bw. Ojca Pio \u2013 poniedzia\u0142ek, godz. 18.00 i sobota, godz. 7.00.<\/li>\n<li>Za \u015bp. Wies\u0142aw\u0119 Styskal \u2013 intencja od kole\u017canek i koleg\u00f3w ze SP nr 2 w Le\u017cajsku \u2013 wtorek, godz. 6.30 i od R\u00f3\u017cy \u015bw. Jana z Dukli \u2013 sobota, godz. 6.30.<\/li>\n<li>W intencji nowennowych pr\u00f3\u015bb i podzi\u0119kowa\u0144 do MB Pocieszenia \u2013 \u015broda godz. 18.00.<\/li>\n<li>Za \u015bp. Kazimierza Majer \u2013 intencja od s\u0105siad\u00f3w z ul. Sportowej \u2013 pi\u0105tek, godz. 6.30.<\/li>\n<\/ul>\n<p>W ostatnim tygodniu odeszli od nas do wieczno\u015bci <strong>\u015bp.<\/strong> <strong>Mariusz Dro\u017cd\u017cal <\/strong>z\u00a0ul. Sanowej i\u00a0<strong>Maria Baj<\/strong> z ul. Podolszyny \u2013 wieczny odpoczynek \u2026<\/p>\n","protected":false},"excerpt":{"rendered":"<p>Dzi\u015b zapraszamy jeszcze na nieszpory niedzielne o godz. 30 a po nich Msza \u015bw. wieczorna. Rodzic\u00f3w dzieci z klas III, przygotowuj\u0105cych si\u0119 do przyj\u0119cia I Komunii \u015bw. zapraszamy w \u015brod\u0119 na Msz\u0119 \u015bw. o godz. 18.00 i spotkanie organizacyjne. W pi\u0105tek na Msz\u0119 \u015bw. o godz. 18.00 i spotkanie zapraszamy uczni\u00f3w klas VI ze SP [&hellip;]<\/p>\n","protected":false},"author":4,"featured_media":0,"comment_status":"closed","ping_status":"open","sticky":false,"template":"","format":"standard","meta":[],"categories":[5],"tags":[],"_links":{"self":[{"href":"https:\/\/lezajsk.przemyska.pl\/index.php?rest_route=\/wp\/v2\/posts\/17854"}],"collection":[{"href":"https:\/\/lezajsk.przemyska.pl\/index.php?rest_route=\/wp\/v2\/posts"}],"about":[{"href":"https:\/\/lezajsk.przemyska.pl\/index.php?rest_route=\/wp\/v2\/types\/post"}],"author":[{"embeddable":true,"href":"https:\/\/lezajsk.przemyska.pl\/index.php?rest_route=\/wp\/v2\/users\/4"}],"replies":[{"embeddable":true,"href":"https:\/\/lezajsk.przemyska.pl\/index.php?rest_route=%2Fwp%2Fv2%2Fcomments&post=17854"}],"version-history":[{"count":1,"href":"https:\/\/lezajsk.przemyska.pl\/index.php?rest_route=\/wp\/v2\/posts\/17854\/revisions"}],"predecessor-version":[{"id":17855,"href":"https:\/\/lezajsk.przemyska.pl\/index.php?rest_route=\/wp\/v2\/posts\/17854\/revisions\/17855"}],"wp:attachment":[{"href":"https:\/\/lezajsk.przemyska.pl\/index.php?rest_route=%2Fwp%2Fv2%2Fmedia&parent=17854"}],"wp:term":[{"taxonomy":"category","embeddable":true,"href":"https:\/\/lezajsk.przemyska.pl\/index.php?rest_route=%2Fwp%2Fv2%2Fcategories&post=17854"},{"taxonomy":"post_tag","embeddable":true,"href":"https:\/\/lezajsk.przemyska.pl\/index.php?rest_route=%2Fwp%2Fv2%2Ftags&post=17854"}],"curies":[{"name":"wp","href":"https:\/\/api.w.org\/{rel}","templated":true}]}}