
{"id":17755,"date":"2024-09-07T21:34:54","date_gmt":"2024-09-07T19:34:54","guid":{"rendered":"https:\/\/lezajsk.przemyska.pl\/?p=17755"},"modified":"2024-09-07T21:34:54","modified_gmt":"2024-09-07T19:34:54","slug":"xxiii-niedziela-zwykla-08-09-2024-r","status":"publish","type":"post","link":"https:\/\/lezajsk.przemyska.pl\/?p=17755","title":{"rendered":"XXIII Niedziela zwyk\u0142a &#8211; 08.09.2024 r."},"content":{"rendered":"<ol>\n<li>Dzi\u015b zapraszamy jeszcze na <strong>nieszpory niedzielne<\/strong> na godz. 17.30.<\/li>\n<li>Jutro na Msz\u0119 \u015bw. o godz. 18.00 zapraszamy Rodziny, kt\u00f3re podejm\u0105 trzy kolejne <strong>Obrazy Naj\u015bwi\u0119tszego Serca Pana Jezusa<\/strong> i rozpoczn\u0105 peregrynacj\u0119 po rodzinach naszej parafii. Jutro rozpoczyna <strong> Furgalskiego, ul. Mickiewicza 53 i Kopernika 1<\/strong>. Przypominamy, \u017ce harmonogram jest dost\u0119pny na naszej stronie parafialnej i w gablocie, a Rodziny podejmuj\u0105ce Obraz prosimy aby najpierw zainteresowa\u0142y si\u0119 od kogo obraz przyjm\u0105 i\u00a0komu przeka\u017c\u0105. Obrazowi towarzyszy kronika, rytua\u0142 b\u0119d\u0105cy pomoc\u0105 w prze\u017cywaniu peregrynacji a z o\u0142tarza Serca Jezusowego mo\u017cna dodatkowo zabra\u0107 modlitewnik.<\/li>\n<li>We wtorek <strong>nowenna do \u015bw. Antoniego<\/strong> i b\u0142ogos\u0142awie\u0144stwo dzieci. Pro\u015bby i\u00a0podzi\u0119kowania mo\u017cna sk\u0142ada\u0107 przy figurze \u015bwi\u0119tego.<\/li>\n<li><strong>Zbi\u00f3rki ministrant\u00f3w i lektor\u00f3w<\/strong> a tak\u017ce dla ch\u0119tnych ch\u0142opc\u00f3w z klasy III SP i starszych w ka\u017cd\u0105 \u015brod\u0119 po Mszy \u015bw. wieczornej. Serdecznie zapraszamy.<\/li>\n<li>W pi\u0105tek 13 \u2013 tego dnia, miesi\u0105ca, zapraszamy wszystkich czcicieli Matki Bo\u017cej na kolejne <strong>Nabo\u017ce\u0144stwo Fatimskie z procesj\u0105 r\u00f3\u017ca\u0144cow\u0105<\/strong>. R\u00f3wnocze\u015bnie tego dnia, Msz\u0105 \u015bw. o godz. 18.00, pragniemy zainaugurowa\u0107 <strong>nowy rok pracy formacyjnej wszystkich grup parafialnych,<\/strong> dlatego w pi\u0105tek szczeg\u00f3lnie zapraszamy wszystkich zaanga\u017cowanych w\u00a0grupy duszpasterskie i modlitewne dzia\u0142aj\u0105ce przy naszej parafii. Odpowiedzialnych za poszczeg\u00f3lne grupy prosimy aby zg\u0142osi\u0142y si\u0119 do ks. Witolda celem przygotowania liturgii.<\/li>\n<li>W sobot\u0119 <strong>\u015bwi\u0119to Podwy\u017cszenia Krzy\u017ca \u015awi\u0119tego.<\/strong> Po Mszy \u015bw. o godz. 18.00, odprawimy <strong>nabo\u017ce\u0144stwo Drogi Krzy\u017cowej<\/strong> id\u0105c do krzy\u017ca przy placu targowym. B\u0119dziemy modli\u0107 si\u0119 w intencji naszej Ojczyzny. Na to nabo\u017ce\u0144stwo prosimy zabra\u0107 ze sob\u0105 \u015bwiece lub znicze.<\/li>\n<li>Za tydzie\u0144 w\u00a0sobot\u0119 14\u00a0wrze\u015bnia w Starym Mie\u015bcie odb\u0119dzie si\u0119 <strong>Dzie\u0144 Skupienia dla Arcybractwa Stra\u017cy Honorowej NSPJ<\/strong>. Szczeg\u00f3\u0142y na tablicy og\u0142osze\u0144 a zapisy za po\u015brednictwem ks. diakona Paw\u0142a.<\/li>\n<li>Dzisiejsza taca mszalna jest przeznaczona na trwaj\u0105ce <strong>prace remontowe przy naszej parafii. <\/strong>Za wszystkie z\u0142o\u017cone dzi\u015b ofiary, za zrozumienie i \u017cyczliwo\u015b\u0107 sk\u0142adamy serdeczne B\u00f3g zap\u0142a\u0107, za\u015b taca z przysz\u0142ej niedzieli, kt\u00f3ra b\u0119dzie niedziel\u0105 \u015brodk\u00f3w spo\u0142ecznego przekazu, b\u0119dzie przeznaczona na <strong>Archidiecezjalne Radio \u201eFara\u201d.<\/strong><\/li>\n<li><strong>W Siewcy<\/strong> przed po\u0142udniem do nabycia prasa katolicka, album po\u015bwi\u0119cony b\u0142. Rodzinie Ulm\u00f3w, ksi\u0105\u017cka pami\u0105tkowa po\u015bwi\u0119cona rocznicy konsekracji naszej Fary i wiele innych publikacji. Serdecznie polecamy.<\/li>\n<\/ol>\n<p><strong><u>Intencje zbiorowe:<\/u><\/strong><\/p>\n<ul>\n<li><strong>\u00a0<\/strong>Za dusze w czy\u015b\u0107cu cierpi\u0105ce \u2013 intencja od Apostolskiego Dzie\u0142a Pomocy Duszom Czy\u015b\u0107cowym \u2013 poniedzia\u0142ek, godz. 6.30.<\/li>\n<li>Za \u015bp. Alin\u0119 Karaku\u0142a \u2013 intencja od kole\u017canek i koleg\u00f3w ze SP w W\u00f3lce Grodziskiej \u2013 \u015broda, godz. 6.30.<\/li>\n<li>W intencji nowennowych pr\u00f3\u015bb i podzi\u0119kowa\u0144 do MB Pocieszenia \u2013 \u015broda godz. 18.00.<\/li>\n<li>Z intencji Bractwa Szkaplerza \u015awi\u0119tego \u2013 czwartek, godz. 18.00 i niedziela, godz. 10.00.<\/li>\n<li>W intencji R\u00f3\u017c R\u00f3\u017ca\u0144cowych \u2013 pi\u0105tek, godz. 18.00.<\/li>\n<li>Z intencji Ko\u0142a Przyjaci\u00f3\u0142 Radia Maryja \u2013 pi\u0105tek, godz. 18.00.<\/li>\n<li>Z intencji Stra\u017cy Honorowej NSPJ \u2013 wynagradzaj\u0105ca za grzechy \u2013 sobota, godz. 18.00.<\/li>\n<\/ul>\n","protected":false},"excerpt":{"rendered":"<p>Dzi\u015b zapraszamy jeszcze na nieszpory niedzielne na godz. 17.30. Jutro na Msz\u0119 \u015bw. o godz. 18.00 zapraszamy Rodziny, kt\u00f3re podejm\u0105 trzy kolejne Obrazy Naj\u015bwi\u0119tszego Serca Pana Jezusa i rozpoczn\u0105 peregrynacj\u0119 po rodzinach naszej parafii. Jutro rozpoczyna Furgalskiego, ul. Mickiewicza 53 i Kopernika 1. Przypominamy, \u017ce harmonogram jest dost\u0119pny na naszej stronie parafialnej i w gablocie, [&hellip;]<\/p>\n","protected":false},"author":4,"featured_media":0,"comment_status":"closed","ping_status":"open","sticky":false,"template":"","format":"standard","meta":[],"categories":[5],"tags":[],"_links":{"self":[{"href":"https:\/\/lezajsk.przemyska.pl\/index.php?rest_route=\/wp\/v2\/posts\/17755"}],"collection":[{"href":"https:\/\/lezajsk.przemyska.pl\/index.php?rest_route=\/wp\/v2\/posts"}],"about":[{"href":"https:\/\/lezajsk.przemyska.pl\/index.php?rest_route=\/wp\/v2\/types\/post"}],"author":[{"embeddable":true,"href":"https:\/\/lezajsk.przemyska.pl\/index.php?rest_route=\/wp\/v2\/users\/4"}],"replies":[{"embeddable":true,"href":"https:\/\/lezajsk.przemyska.pl\/index.php?rest_route=%2Fwp%2Fv2%2Fcomments&post=17755"}],"version-history":[{"count":1,"href":"https:\/\/lezajsk.przemyska.pl\/index.php?rest_route=\/wp\/v2\/posts\/17755\/revisions"}],"predecessor-version":[{"id":17756,"href":"https:\/\/lezajsk.przemyska.pl\/index.php?rest_route=\/wp\/v2\/posts\/17755\/revisions\/17756"}],"wp:attachment":[{"href":"https:\/\/lezajsk.przemyska.pl\/index.php?rest_route=%2Fwp%2Fv2%2Fmedia&parent=17755"}],"wp:term":[{"taxonomy":"category","embeddable":true,"href":"https:\/\/lezajsk.przemyska.pl\/index.php?rest_route=%2Fwp%2Fv2%2Fcategories&post=17755"},{"taxonomy":"post_tag","embeddable":true,"href":"https:\/\/lezajsk.przemyska.pl\/index.php?rest_route=%2Fwp%2Fv2%2Ftags&post=17755"}],"curies":[{"name":"wp","href":"https:\/\/api.w.org\/{rel}","templated":true}]}}