
{"id":17744,"date":"2024-08-31T22:17:42","date_gmt":"2024-08-31T20:17:42","guid":{"rendered":"https:\/\/lezajsk.przemyska.pl\/?p=17744"},"modified":"2024-08-31T22:17:42","modified_gmt":"2024-08-31T20:17:42","slug":"xxii-niedziela-zwykla","status":"publish","type":"post","link":"https:\/\/lezajsk.przemyska.pl\/?p=17744","title":{"rendered":"XXII Niedziela zwyk\u0142a"},"content":{"rendered":"<ol>\n<li>Dzi\u015b I niedziela miesi\u0105ca, <strong>zmiana tajemnic r\u00f3\u017ca\u0144cowych<\/strong> po Mszy \u015bw. o godz. 8.30 i\u00a010.00 a\u00a0podczas <strong>nabo\u017ce\u0144stwa r\u00f3\u017ca\u0144cowego<\/strong> o 17.30 dzi\u0119kowa\u0107 b\u0119dziemy Bogu za tegoroczne plony i\u00a0prosi\u0107 o potrzebne \u0142aski dla dzieci i m\u0142odzie\u017cy w rozpoczynaj\u0105cym si\u0119 roku szkolnym.<\/li>\n<li>Jutro w poniedzia\u0142ek, <strong>pocz\u0105tek nowego roku szkolnego<\/strong>. Msza \u015bw. dla m\u0142odzie\u017cy licealnej o\u00a0godz. 8.00 a dla dzieci ze szk\u00f3\u0142 podstawowych o godz. 9.00 w ko\u015bciele Farnym.<\/li>\n<li>W tym tygodniu przypada <strong>I czwartek, I pi\u0105tek i I sobota miesi\u0105ca<\/strong>. Adoracja Naj\u015bwi\u0119tszego Sakramentu po Mszy \u015bw. wieczornej zar\u00f3wno w czwartek jak i w pi\u0105tek do godz. 20.00.<\/li>\n<li><strong>Spowied\u017a w\u00a0pi\u0105tek od godz. 17.00<\/strong>. Zach\u0119camy wszystkie dzieci jak i m\u0142odzie\u017c, aby zbli\u017caj\u0105cy si\u0119 nowy rok szkolny rozpocz\u0119li z\u00a0Bogiem, czego znakiem niech b\u0119dzie spowied\u017a i\u00a0przyj\u0119ta Komunia \u015bw.<\/li>\n<li>W pi\u0105tek <strong>odwiedziny chorych w domach z Komuni\u0105 \u015bw<\/strong>. od godz. 9.00.<\/li>\n<li>W sobot\u0119 wszystkich czcicieli Matki Bo\u017cej, zapraszamy na kolejne <strong>nabo\u017ce\u0144stwo I\u00a0soboty, wynagradzaj\u0105ce Niepokalanemu Sercu NMP<\/strong> z\u00a0modlitw\u0105 r\u00f3\u017ca\u0144cow\u0105. <strong><u>na godz. 17.00<\/u><\/strong>. Tego te\u017c dnia po Mszy \u015bw. o godz. 18.00 odb\u0119dzie si\u0119 kolejny w naszej parafii <strong> \u201eM\u0119ski R\u00f3\u017caniec\u201d<\/strong>. Na to wyj\u0105tkowe nabo\u017ce\u0144stwo i wieczorn\u0105 procesj\u0119 r\u00f3\u017ca\u0144cow\u0105 ju\u017c dzi\u015b zapraszamy wszystkich m\u0119\u017cczyzn, niezale\u017cnie od wieku.<\/li>\n<li>W najbli\u017csz\u0105 niedziel\u0119 8 wrze\u015bnia, przypada <strong>\u015bwi\u0119to Narodzenia Matki Bo\u017cej, czyli MB Siewnej<\/strong>. Z tej okazji, jak co roku Starostwo Powiatowe i OO. Bernardyni zapraszaj\u0105 na kolejn\u0105 <strong>XXV Pielgrzymk\u0119 S\u0142u\u017cb Mundurowych Wojew\u00f3dztwa Podkarpackiego po\u0142\u0105czon\u0105 z\u00a0Do\u017cynkami Powiatowymi<\/strong> na godz. 11.00 na plac przed Bazylik\u0105.<\/li>\n<li>Od najbli\u017cszej niedzieli tj. od 8 wrze\u015bnia <strong>wracaj\u0105 Msze \u015bw. w ko\u015bciele Jezusa Mi\u0142osiernego<\/strong> o godz. 9.30 i 11.00.<\/li>\n<li>Zapraszamy wszystkich kandydat\u00f3w, ministrant\u00f3w i lektor\u00f3w na <strong>zbi\u00f3rki<\/strong> <strong>Liturgicznej S\u0142u\u017cby O\u0142tarza<\/strong>. Spotkania b\u0119d\u0105 si\u0119 odbywa\u0142y w poniedzia\u0142ki w salce katechetycznej przy Le\u017cajskiej Farze po Mszy \u015awi\u0119tej wieczornej. Zach\u0119camy uczni\u00f3w 3 klasy Szko\u0142y Podstawowej i starszych, kt\u00f3rzy chcieliby s\u0142u\u017cy\u0107 przy O\u0142tarzu Pa\u0144skim. Pierwsze spotkanie organizacyjne wyj\u0105tkowo odb\u0119dzie si\u0119 we \u015brod\u0119 (4.09). Pozosta\u0142e zbi\u00f3rki w\u00a0poniedzia\u0142ki.<\/li>\n<li>Dzieci i m\u0142odzie\u017c serdecznie zapraszamy na <strong>spotkania\u00a0Ruchu \u015awiat\u0142o \u2013 \u017bycie\u00a0czyli Oazy<\/strong>do salki katechetycznej przy Le\u017cajskiej Farze w\u00a0ka\u017cdy pi\u0105tek w dw\u00f3ch grupach. Dzieci ze Szk\u00f3\u0142 Podstawowych do klasy VI w\u0142\u0105cznie zapraszamy na godz. 17.00, za\u015b z\u00a0klasy VII i\u00a0VIII Szko\u0142y Podstawowej oraz m\u0142odzie\u017c licealn\u0105 i\u00a0starsz\u0105 na godz. 18.00. Spotkania starszej grupy b\u0119dzie si\u0119 rozpoczyna\u0107 Msz\u0105 \u015bw. a\u00a0ko\u0144czy\u0107 ok. godz. 21.00. Na pierwsze spotkanie Oazy Dzieci Bo\u017cych w najbli\u017cszy pi\u0105tek (4.09). Zapraszamy tak\u017ce rodzic\u00f3w celem zapisania dzieci, podpisania wymaganych zg\u00f3d i om\u00f3wienia spraw organizacyjnych.<\/li>\n<li><strong>Od poniedzia\u0142ku 9 wrze\u015bnia, wyrusz\u0105 w drog\u0119 peregrynacji trzy kolejne Obrazy Naj\u015bwi\u0119tszego Serca Pana Jezusa<\/strong>. Porz\u0105dek peregrynacji jest ju\u017c rozpisany do ko\u0144ca i\u00a0uwzgl\u0119dnia wszystkie ulice i wszystkie rejony naszej parafii. I tak kolejny <strong>Obraz nr 4<\/strong> w poniedzia\u0142ek 9 wrze\u015bnia podejm\u0105 parafianie z ul. Furgalskiego, potem Sandomierska itd., <strong>Obraz nr 5<\/strong> parafianie mieszkaj\u0105cy w bloku przy ul. Mickiewicza 53 a <strong>Obraz nr 6<\/strong> parafianie mieszkaj\u0105cy przy ul. Kopernika 1. Kolejne ulice czy te\u017c bloki wg wskazanego porz\u0105dku. Uzupe\u0142niono te\u017c listy ulic dla obraz\u00f3w nr 1,2 i 3. Aktualna lista, obejmuj\u0105ca ju\u017c ca\u0142\u0105 parafi\u0119 jest wywieszona na tablicy og\u0142osze\u0144 jak i na naszej stronie parafialnej. Prosimy aby si\u0119 z ni\u0105 zapozna\u0107 i przestrzega\u0107 wyznaczonej kolejno\u015bci. <strong>Przyjmuj\u0105c Obraz Naj\u015bwi\u0119tszego Serca Pana Jezusa do swojego domu czy mieszkania pami\u0119tajmy o podstawowej zasadzie, kt\u00f3ra umo\u017cliwi zachowanie porz\u0105dku a mianowicie: najpierw musimy zorientowa\u0107 si\u0119 od kogo obraz przyjmiemy i komu go przeka\u017cemy<\/strong>. Starajmy si\u0119 te\u017c w tym dniu uczestniczy\u0107 we Mszy \u015bw. a skorzystawszy z sakramentu pokuty przyj\u0105\u0107 Komuni\u0119 \u015bw. w intencji Rodziny.<\/li>\n<li>Dzisiejsza taca mszalna przeznaczana jest na <strong>Seminarium Duchowne w Przemy\u015blu<\/strong> za\u015b za tydzie\u0144 w\u00a0<strong>drug\u0105 niedziel\u0119<\/strong> miesi\u0105ca wszystkie z\u0142o\u017cone na tac\u0119 ofiary b\u0119d\u0105 przeznaczone na trwaj\u0105ce prace remontowe przy naszej parafii. Wszystkim darczy\u0144com za ka\u017cd\u0105 przekazan\u0105 z\u0142ot\u00f3wk\u0119, za \u017cyczliwo\u015b\u0107 i\u00a0zrozumienie sk\u0142adamy serdeczne B\u00f3g zap\u0142a\u0107.<\/li>\n<li><strong>W Siewcy<\/strong> przed po\u0142udniem do nabycia prasa katolicka, album po\u015bwi\u0119cony b\u0142. Rodzinie Ulm\u00f3w, ksi\u0105\u017cka pami\u0105tkowa po\u015bwi\u0119cona rocznicy konsekracji naszej Fary i wiele innych publikacji. Na o\u0142tarzach s\u0105 jeszcze darmowe egzemplarze najnowszych <strong>Dobrych Nowin<\/strong>. Serdecznie polecamy.<\/li>\n<\/ol>\n<p><strong><u>Intencje zbiorowe:<\/u><\/strong><strong> \u00a0\u00a0\u00a0\u00a0\u00a0\u00a0\u00a0\u00a0\u00a0\u00a0\u00a0\u00a0\u00a0\u00a0\u00a0\u00a0\u00a0\u00a0\u00a0\u00a0\u00a0\u00a0\u00a0\u00a0\u00a0\u00a0\u00a0\u00a0\u00a0\u00a0\u00a0\u00a0\u00a0\u00a0\u00a0\u00a0\u00a0\u00a0\u00a0\u00a0\u00a0\u00a0\u00a0\u00a0\u00a0\u00a0\u00a0\u00a0\u00a0\u00a0\u00a0\u00a0\u00a0\u00a0\u00a0\u00a0\u00a0\u00a0\u00a0\u00a0\u00a0\u00a0\u00a0\u00a0\u00a0\u00a0\u00a0\u00a0\u00a0\u00a0\u00a0\u00a0\u00a0\u00a0\u00a0\u00a0\u00a0\u00a0\u00a0\u00a0\u00a0\u00a0\u00a0\u00a0\u00a0\u00a0\u00a0\u00a0\u00a0\u00a0\u00a0\u00a0\u00a0\u00a0\u00a0\u00a0\u00a0\u00a0\u00a0\u00a0\u00a0\u00a0\u00a0\u00a0\u00a0\u00a0\u00a0\u00a0\u00a0\u00a0 <\/strong><\/p>\n<ul>\n<li>Z R\u00f3\u017cy MB Pocieszenia \u2013 wtorek, godz. 18.00.<\/li>\n<li>W intencji nowennowych pr\u00f3\u015bb i podzi\u0119kowa\u0144 do MB Pocieszenia \u2013 \u015broda, godz. 18.00.<\/li>\n<li>Z intencji Bractwa Szkaplerza \u015awi\u0119tego \u2013 \u015broda, godz. 18.00 i niedziela, godz. 10.00.<\/li>\n<li>Z intencji Stra\u017cy Honorowej NSPJ \u2013 czwartek i pi\u0105tek, godz. 18.00.<\/li>\n<li>Wynagradzaj\u0105ca Niepokalanemu Sercu NMP z intencji Bractwa Szkaplerza \u015awi\u0119tego i R\u00f3\u017c R\u00f3\u017ca\u0144cowych \u2013 sobota, godz. 18.00.<\/li>\n<li>Z R\u00f3\u017cy b\u0142. Anieli Salawy \u2013 niedziela, godz. 8.30.<\/li>\n<\/ul>\n<p>W ostatnim tygodniu odszed\u0142 od nas do wieczno\u015bci <strong>\u015bp. Tadeusz Duda <\/strong>z ul. Mickiewicza i\u00a0<strong>Teresa Lotz<\/strong> z ul. Kopernika \u2013 wieczny odpoczynek,,, <strong>\u00a0<\/strong><\/p>\n","protected":false},"excerpt":{"rendered":"<p>Dzi\u015b I niedziela miesi\u0105ca, zmiana tajemnic r\u00f3\u017ca\u0144cowych po Mszy \u015bw. o godz. 8.30 i\u00a010.00 a\u00a0podczas nabo\u017ce\u0144stwa r\u00f3\u017ca\u0144cowego o 17.30 dzi\u0119kowa\u0107 b\u0119dziemy Bogu za tegoroczne plony i\u00a0prosi\u0107 o potrzebne \u0142aski dla dzieci i m\u0142odzie\u017cy w rozpoczynaj\u0105cym si\u0119 roku szkolnym. Jutro w poniedzia\u0142ek, pocz\u0105tek nowego roku szkolnego. Msza \u015bw. dla m\u0142odzie\u017cy licealnej o\u00a0godz. 8.00 a dla dzieci [&hellip;]<\/p>\n","protected":false},"author":4,"featured_media":0,"comment_status":"closed","ping_status":"open","sticky":false,"template":"","format":"standard","meta":[],"categories":[5],"tags":[],"_links":{"self":[{"href":"https:\/\/lezajsk.przemyska.pl\/index.php?rest_route=\/wp\/v2\/posts\/17744"}],"collection":[{"href":"https:\/\/lezajsk.przemyska.pl\/index.php?rest_route=\/wp\/v2\/posts"}],"about":[{"href":"https:\/\/lezajsk.przemyska.pl\/index.php?rest_route=\/wp\/v2\/types\/post"}],"author":[{"embeddable":true,"href":"https:\/\/lezajsk.przemyska.pl\/index.php?rest_route=\/wp\/v2\/users\/4"}],"replies":[{"embeddable":true,"href":"https:\/\/lezajsk.przemyska.pl\/index.php?rest_route=%2Fwp%2Fv2%2Fcomments&post=17744"}],"version-history":[{"count":1,"href":"https:\/\/lezajsk.przemyska.pl\/index.php?rest_route=\/wp\/v2\/posts\/17744\/revisions"}],"predecessor-version":[{"id":17745,"href":"https:\/\/lezajsk.przemyska.pl\/index.php?rest_route=\/wp\/v2\/posts\/17744\/revisions\/17745"}],"wp:attachment":[{"href":"https:\/\/lezajsk.przemyska.pl\/index.php?rest_route=%2Fwp%2Fv2%2Fmedia&parent=17744"}],"wp:term":[{"taxonomy":"category","embeddable":true,"href":"https:\/\/lezajsk.przemyska.pl\/index.php?rest_route=%2Fwp%2Fv2%2Fcategories&post=17744"},{"taxonomy":"post_tag","embeddable":true,"href":"https:\/\/lezajsk.przemyska.pl\/index.php?rest_route=%2Fwp%2Fv2%2Ftags&post=17744"}],"curies":[{"name":"wp","href":"https:\/\/api.w.org\/{rel}","templated":true}]}}