
{"id":17742,"date":"2024-08-24T22:06:39","date_gmt":"2024-08-24T20:06:39","guid":{"rendered":"https:\/\/lezajsk.przemyska.pl\/?p=17742"},"modified":"2024-08-24T22:06:39","modified_gmt":"2024-08-24T20:06:39","slug":"xxi-niedziela-zwykla-25-08-2024-r","status":"publish","type":"post","link":"https:\/\/lezajsk.przemyska.pl\/?p=17742","title":{"rendered":"XXI Niedziela zwyk\u0142a &#8211; 25.08.2024 r."},"content":{"rendered":"<ol>\n<li>Dzi\u015b zapraszamy jeszcze na <strong>nabo\u017ce\u0144stwo eucharystyczne z Koronk\u0105 do Bo\u017cego Mi\u0142osierdzia<\/strong> na godz. 17.30 a po nim Msza \u015bw. wieczorna.<\/li>\n<li>Jutro <strong>Uroczysto\u015b\u0107 Matki Bo\u017cej Cz\u0119stochowskiej<\/strong>, porz\u0105dek Mszy \u015bw. tak jak w\u00a0dni powszednie za\u015b wieczorem zapraszamy na uroczyst\u0105 Msz\u0119 \u015bw. na godz. 18.00.<\/li>\n<li>W zwi\u0105zku z du\u017c\u0105 liczb\u0105 os\u00f3b ch\u0119tnych na <strong>Pielgrzymk\u0119 do Warszawy i\u00a0Niepokalanowa<\/strong>, prosimy aby zapisane osoby wp\u0142aci\u0142y do \u015brody w zakrystii b\u0105d\u017a u ks. Witolda zaliczk\u0119 <strong>w\u00a0wysoko\u015bci 100 z\u0142.<\/strong> Mo\u017cna te\u017c wp\u0142aci\u0107 ca\u0142o\u015b\u0107 kwoty.\u00a0 B\u0119dzie to dla nas potwierdzenie udzia\u0142u w Pielgrzymce. Na miejsce os\u00f3b, kt\u00f3re zrezygnuj\u0105 zapiszemy osoby z listy rezerwowej.<\/li>\n<li><strong>W Siewcy<\/strong> przed po\u0142udniem do nabycia prasa i publikacje katolickie. Na o\u0142tarzach s\u0105 wy\u0142o\u017cone b\u0105d\u017a z r\u0105k ministrant\u00f3w przed ko\u015bcio\u0142em mo\u017cna sobie odebra\u0107 kolejny darmowy numer <strong>Dobrych Nowin<\/strong>.<\/li>\n<\/ol>\n<p><strong><u>Intencje zbiorowe<\/u><\/strong><strong>:<\/strong><\/p>\n<ul>\n<li>Z intencji Bractwa Szkaplerza \u015awi\u0119tego \u2013 poniedzia\u0142ek, godz. 18.00.<\/li>\n<li>W intencji nowennowych pr\u00f3\u015bb i podzi\u0119kowa\u0144 do MB Pocieszenia \u2013 \u015broda, godz. 18.00.<\/li>\n<li>Za \u015bp. Stanis\u0142aw\u0119 Gle\u0144 \u2013 intencja od s\u0105siad\u00f3w z klatki \u2013 pi\u0105tek, godz. 7.00.<\/li>\n<li>Msze gregoria\u0144skie za \u015bp. Edwarda Jonko, pocz\u0105tek \u2013 niedziela, godz. 7.00.<\/li>\n<li>Z R\u00f3\u017cy \u015bw. Antoniego \u2013 niedziela, godz. 10.00.<\/li>\n<\/ul>\n<p>W ostatnim tygodniu odeszli od nas do wieczno\u015bci <strong>\u015bp. Tadeusz Pisarczyk <\/strong>z ul. Braci \u015aniadeckich i <strong>W\u0142adys\u0142awa Samojedna <\/strong>z ul. M.C. Sk\u0142odowskiej \u2013 wieczny odpoczynek,,, <strong>\u00a0<\/strong><\/p>\n","protected":false},"excerpt":{"rendered":"<p>Dzi\u015b zapraszamy jeszcze na nabo\u017ce\u0144stwo eucharystyczne z Koronk\u0105 do Bo\u017cego Mi\u0142osierdzia na godz. 17.30 a po nim Msza \u015bw. wieczorna. Jutro Uroczysto\u015b\u0107 Matki Bo\u017cej Cz\u0119stochowskiej, porz\u0105dek Mszy \u015bw. tak jak w\u00a0dni powszednie za\u015b wieczorem zapraszamy na uroczyst\u0105 Msz\u0119 \u015bw. na godz. 18.00. W zwi\u0105zku z du\u017c\u0105 liczb\u0105 os\u00f3b ch\u0119tnych na Pielgrzymk\u0119 do Warszawy i\u00a0Niepokalanowa, prosimy [&hellip;]<\/p>\n","protected":false},"author":4,"featured_media":0,"comment_status":"closed","ping_status":"open","sticky":false,"template":"","format":"standard","meta":[],"categories":[5],"tags":[],"_links":{"self":[{"href":"https:\/\/lezajsk.przemyska.pl\/index.php?rest_route=\/wp\/v2\/posts\/17742"}],"collection":[{"href":"https:\/\/lezajsk.przemyska.pl\/index.php?rest_route=\/wp\/v2\/posts"}],"about":[{"href":"https:\/\/lezajsk.przemyska.pl\/index.php?rest_route=\/wp\/v2\/types\/post"}],"author":[{"embeddable":true,"href":"https:\/\/lezajsk.przemyska.pl\/index.php?rest_route=\/wp\/v2\/users\/4"}],"replies":[{"embeddable":true,"href":"https:\/\/lezajsk.przemyska.pl\/index.php?rest_route=%2Fwp%2Fv2%2Fcomments&post=17742"}],"version-history":[{"count":1,"href":"https:\/\/lezajsk.przemyska.pl\/index.php?rest_route=\/wp\/v2\/posts\/17742\/revisions"}],"predecessor-version":[{"id":17743,"href":"https:\/\/lezajsk.przemyska.pl\/index.php?rest_route=\/wp\/v2\/posts\/17742\/revisions\/17743"}],"wp:attachment":[{"href":"https:\/\/lezajsk.przemyska.pl\/index.php?rest_route=%2Fwp%2Fv2%2Fmedia&parent=17742"}],"wp:term":[{"taxonomy":"category","embeddable":true,"href":"https:\/\/lezajsk.przemyska.pl\/index.php?rest_route=%2Fwp%2Fv2%2Fcategories&post=17742"},{"taxonomy":"post_tag","embeddable":true,"href":"https:\/\/lezajsk.przemyska.pl\/index.php?rest_route=%2Fwp%2Fv2%2Ftags&post=17742"}],"curies":[{"name":"wp","href":"https:\/\/api.w.org\/{rel}","templated":true}]}}