
{"id":17721,"date":"2024-08-10T21:56:36","date_gmt":"2024-08-10T19:56:36","guid":{"rendered":"https:\/\/lezajsk.przemyska.pl\/?p=17721"},"modified":"2024-08-10T21:56:36","modified_gmt":"2024-08-10T19:56:36","slug":"xix-niedziela-zwykla-11-08-2024-r","status":"publish","type":"post","link":"https:\/\/lezajsk.przemyska.pl\/?p=17721","title":{"rendered":"XIX Niedziela zwyk\u0142a &#8211; 11.08.2024 r."},"content":{"rendered":"<ol>\n<li>Dzi\u015b zapraszamy jeszcze na\u00a0<strong>nabo\u017ce\u0144stwo eucharystyczne z Koronk\u0105 do Bo\u017cego Mi\u0142osierdzia <\/strong>na godz. 17.30 a po nim Msza \u015bw. wieczorna.<\/li>\n<li>We wtorek wszystkich czcicieli Matki Bo\u017cej zapraszamy na kolejne\u00a0<strong>Nabo\u017ce\u0144stwo Fatimskie<\/strong> z procesj\u0105 r\u00f3\u017ca\u0144cow\u0105 o godz. 18.00.\u00a0Serdecznie zapraszamy.<\/li>\n<li>Tak\u017ce we wtorek\u00a0<strong>nowenna do \u015bw. Antoniego\u00a0i b\u0142ogos\u0142awie\u0144stwo dzieci<\/strong>. Pro\u015bby i\u00a0podzi\u0119kowania mo\u017cna sk\u0142ada\u0107 przy figurze \u015bwi\u0119tego.<\/li>\n<li>W czwartek\u00a0<strong>15 sierpnia<\/strong> <strong>Uroczysto\u015b\u0107 Wniebowzi\u0119cia NMP<\/strong>.\u00a0Porz\u0105dek Mszy \u015bw. jak w\u00a0ka\u017cd\u0105 niedziel\u0119. W czasie ka\u017cdej Mszy \u015bwi\u0119tej b\u0142ogos\u0142awie\u0144stwo zi\u00f3\u0142 i\u00a0kwiat\u00f3w.<\/li>\n<li><strong>W klasztorze OO. Bernardyn\u00f3w<\/strong> od wtorku rozpoczynaj\u0105 si\u0119 uroczysto\u015bci odpustowe, na kt\u00f3re zapraszaj\u0105 Ojcowie Bernardyni.<\/li>\n<li>Dzisiejsza\u00a0taca mszalna jest przeznaczona na trwaj\u0105ce <strong>prace remontowe\u00a0przy naszej parafii<\/strong>. Za wszystkie z\u0142o\u017cone dzi\u015b ofiary sk\u0142adamy serdeczne B\u00f3g zap\u0142a\u0107.<\/li>\n<li><strong>W Siewcy<\/strong> przed po\u0142udniem do nabycia prasa katolicka, album po\u015bwi\u0119cony b\u0142. Rodzinie Ulm\u00f3w, ksi\u0105\u017cka pami\u0105tkowa po\u015bwi\u0119cona rocznicy konsekracji naszej Fary i wiele innych publikacji. Serdecznie polecamy.<\/li>\n<\/ol>\n<p><u>Intencje zbiorowe:<\/u><\/p>\n<ul>\n<li>Za \u015bp. Stanis\u0142aw\u0119 Gle\u0144 \u2013 intencja od Si\u00f3str z R\u00f3\u017cy MB Nieustaj\u0105cej Pomocy \u2013 poniedzia\u0142ek, godz. 7.00.<\/li>\n<li>W intencji wszystkich R\u00f3\u017c R\u00f3\u017ca\u0144cowych \u2013 wtorek, godz. 18.00.<\/li>\n<li>W intencji nowennowych pr\u00f3\u015bb i podzi\u0119kowa\u0144 do MB Pocieszenia \u2013 \u015broda, godz. 18.00.<\/li>\n<li>Z intencji Bractwa Szkaplerza \u015awi\u0119tego \u2013 czwartek, godz. 10.00.<\/li>\n<li>Z R\u00f3\u017cy MB Wniebowzi\u0119tej \u2013 pi\u0105tek, godz. 18.00.<\/li>\n<li>Z R\u00f3\u017cy \u015bw. Bernadetty \u2013 niedziela, godz. 8.30.<\/li>\n<li>Za \u015bp. Henryka Szyde\u0142ko \u2013 intencja od by\u0142ych pracownik\u00f3w Pilawy \u2013 niedziela, godz. 18.00.<\/li>\n<\/ul>\n","protected":false},"excerpt":{"rendered":"<p>Dzi\u015b zapraszamy jeszcze na\u00a0nabo\u017ce\u0144stwo eucharystyczne z Koronk\u0105 do Bo\u017cego Mi\u0142osierdzia na godz. 17.30 a po nim Msza \u015bw. wieczorna. We wtorek wszystkich czcicieli Matki Bo\u017cej zapraszamy na kolejne\u00a0Nabo\u017ce\u0144stwo Fatimskie z procesj\u0105 r\u00f3\u017ca\u0144cow\u0105 o godz. 18.00.\u00a0Serdecznie zapraszamy. Tak\u017ce we wtorek\u00a0nowenna do \u015bw. Antoniego\u00a0i b\u0142ogos\u0142awie\u0144stwo dzieci. Pro\u015bby i\u00a0podzi\u0119kowania mo\u017cna sk\u0142ada\u0107 przy figurze \u015bwi\u0119tego. W czwartek\u00a015 sierpnia Uroczysto\u015b\u0107 [&hellip;]<\/p>\n","protected":false},"author":4,"featured_media":0,"comment_status":"closed","ping_status":"open","sticky":false,"template":"","format":"standard","meta":[],"categories":[5],"tags":[],"_links":{"self":[{"href":"https:\/\/lezajsk.przemyska.pl\/index.php?rest_route=\/wp\/v2\/posts\/17721"}],"collection":[{"href":"https:\/\/lezajsk.przemyska.pl\/index.php?rest_route=\/wp\/v2\/posts"}],"about":[{"href":"https:\/\/lezajsk.przemyska.pl\/index.php?rest_route=\/wp\/v2\/types\/post"}],"author":[{"embeddable":true,"href":"https:\/\/lezajsk.przemyska.pl\/index.php?rest_route=\/wp\/v2\/users\/4"}],"replies":[{"embeddable":true,"href":"https:\/\/lezajsk.przemyska.pl\/index.php?rest_route=%2Fwp%2Fv2%2Fcomments&post=17721"}],"version-history":[{"count":1,"href":"https:\/\/lezajsk.przemyska.pl\/index.php?rest_route=\/wp\/v2\/posts\/17721\/revisions"}],"predecessor-version":[{"id":17722,"href":"https:\/\/lezajsk.przemyska.pl\/index.php?rest_route=\/wp\/v2\/posts\/17721\/revisions\/17722"}],"wp:attachment":[{"href":"https:\/\/lezajsk.przemyska.pl\/index.php?rest_route=%2Fwp%2Fv2%2Fmedia&parent=17721"}],"wp:term":[{"taxonomy":"category","embeddable":true,"href":"https:\/\/lezajsk.przemyska.pl\/index.php?rest_route=%2Fwp%2Fv2%2Fcategories&post=17721"},{"taxonomy":"post_tag","embeddable":true,"href":"https:\/\/lezajsk.przemyska.pl\/index.php?rest_route=%2Fwp%2Fv2%2Ftags&post=17721"}],"curies":[{"name":"wp","href":"https:\/\/api.w.org\/{rel}","templated":true}]}}