
{"id":17718,"date":"2024-08-03T22:10:43","date_gmt":"2024-08-03T20:10:43","guid":{"rendered":"https:\/\/lezajsk.przemyska.pl\/?p=17718"},"modified":"2024-08-03T22:10:43","modified_gmt":"2024-08-03T20:10:43","slug":"xviii-niedziela-zwykla-04-08-2024-r","status":"publish","type":"post","link":"https:\/\/lezajsk.przemyska.pl\/?p=17718","title":{"rendered":"XVIII Niedziela zwyk\u0142a &#8211; 04.08.2024 r."},"content":{"rendered":"<ol>\n<li>Dzi\u015b z racji I niedzieli miesi\u0105ca, zapraszamy jeszcze na <strong>nabo\u017ce\u0144stwo eucharystyczne z\u00a0modlitw\u0105 r\u00f3\u017ca\u0144cow\u0105 o godz. 17.30<\/strong>. B\u0119dziemy modli\u0107 si\u0119 w\u00a0intencji trze\u017awo\u015bci w naszej Ojczy\u017anie a po niej Msza \u015bw. wieczorna.<\/li>\n<li>Dzi\u015b tak\u017ce <strong>wspomnienie \u015bw. Jana Marii Vianney\u2019a<\/strong>\u2013 patrona kap\u0142an\u00f3w.<\/li>\n<li>We wtorek <strong>\u015bwi\u0119to Przemienienia Pa\u0144skiego<\/strong>.<\/li>\n<li>W pi\u0105tek<strong> \u015bwi\u0119to \u015bw. Teresy Benedykty od Krzy\u017ca (Edyty Stein)<\/strong>, dziewicy i\u00a0m\u0119czennicy, patronki Europy.<\/li>\n<li>W sobot\u0119 <strong>\u015bwi\u0119to \u015bw. Wawrzy\u0144ca<\/strong> \u2013 diakona i m\u0119czennika.<\/li>\n<li>W naszej parafialnej wsp\u00f3lnocie witamy now\u0105 siostr\u0119; <strong> Iren\u0119 Paluch<\/strong>, kt\u00f3ra b\u0119dzie katechetk\u0105 w Szkole Podstawowej nr 2, a r\u00f3wnocze\u015bnie b\u0119dzie dba\u0107 o kwiaty i\u00a0dekoracje w\u00a0naszych ko\u015bcio\u0142ach. Siostr\u0119 Iren\u0119 serdecznie witamy i\u00a0\u017cyczymy obfito\u015bci Bo\u017cych dar\u00f3w a szczeg\u00f3lna opieka naszej Pani Le\u017cajskiej niechaj Jej zawsze towarzyszy.<\/li>\n<li>Dzisiejsza taca mszalna jest przeznaczona na <strong>potrzeby Archidiecezji<\/strong>, za\u015b za tydzie\u0144, w\u00a0II niedziel\u0119 miesi\u0105ca, taca b\u0119dzie przeznaczona na trwaj\u0105ce prace remontowe przy naszej parafii. Wszystkim darczy\u0144com za ka\u017cd\u0105 przekazan\u0105 z\u0142ot\u00f3wk\u0119, za \u017cyczliwo\u015b\u0107 i\u00a0zrozumienie sk\u0142adamy serdeczne B\u00f3g zap\u0142a\u0107.<\/li>\n<li><strong>W Siewcy<\/strong> przed po\u0142udniem do nabycia prasa katolicka, album po\u015bwi\u0119cony b\u0142. Rodzinie Ulm\u00f3w, ksi\u0105\u017cka pami\u0105tkowa po\u015bwi\u0119cona rocznicy konsekracji naszej Fary i wiele innych publikacji. Serdecznie polecamy.<\/li>\n<\/ol>\n<p><strong><u>Intencje zbiorowe: <\/u><\/strong><\/p>\n<ul>\n<li>W intencji nowennowych pr\u00f3\u015bb i podzi\u0119kowa\u0144 do MB Pocieszenia \u2013 \u015broda, godz. 18.00.<\/li>\n<li>Z intencji Ko\u0142a Przyjaci\u00f3\u0142 Radia Maryja \u2013 pi\u0105tek, godz. 18.00.<\/li>\n<li>Z R\u00f3\u017cy \u015bw. s. Faustyny \u2013 niedziela, godz. 11.30.<\/li>\n<\/ul>\n<p>W ostatnim tygodniu odszed\u0142 od nas do wieczno\u015bci <strong>\u015bp. Jerzy Konior<\/strong> z ul. Rynek \u2013 wieczny odpoczynek\u2026<\/p>\n","protected":false},"excerpt":{"rendered":"<p>Dzi\u015b z racji I niedzieli miesi\u0105ca, zapraszamy jeszcze na nabo\u017ce\u0144stwo eucharystyczne z\u00a0modlitw\u0105 r\u00f3\u017ca\u0144cow\u0105 o godz. 17.30. B\u0119dziemy modli\u0107 si\u0119 w\u00a0intencji trze\u017awo\u015bci w naszej Ojczy\u017anie a po niej Msza \u015bw. wieczorna. Dzi\u015b tak\u017ce wspomnienie \u015bw. Jana Marii Vianney\u2019a\u2013 patrona kap\u0142an\u00f3w. We wtorek \u015bwi\u0119to Przemienienia Pa\u0144skiego. W pi\u0105tek \u015bwi\u0119to \u015bw. Teresy Benedykty od Krzy\u017ca (Edyty Stein), dziewicy [&hellip;]<\/p>\n","protected":false},"author":4,"featured_media":0,"comment_status":"closed","ping_status":"open","sticky":false,"template":"","format":"standard","meta":[],"categories":[5],"tags":[],"_links":{"self":[{"href":"https:\/\/lezajsk.przemyska.pl\/index.php?rest_route=\/wp\/v2\/posts\/17718"}],"collection":[{"href":"https:\/\/lezajsk.przemyska.pl\/index.php?rest_route=\/wp\/v2\/posts"}],"about":[{"href":"https:\/\/lezajsk.przemyska.pl\/index.php?rest_route=\/wp\/v2\/types\/post"}],"author":[{"embeddable":true,"href":"https:\/\/lezajsk.przemyska.pl\/index.php?rest_route=\/wp\/v2\/users\/4"}],"replies":[{"embeddable":true,"href":"https:\/\/lezajsk.przemyska.pl\/index.php?rest_route=%2Fwp%2Fv2%2Fcomments&post=17718"}],"version-history":[{"count":1,"href":"https:\/\/lezajsk.przemyska.pl\/index.php?rest_route=\/wp\/v2\/posts\/17718\/revisions"}],"predecessor-version":[{"id":17719,"href":"https:\/\/lezajsk.przemyska.pl\/index.php?rest_route=\/wp\/v2\/posts\/17718\/revisions\/17719"}],"wp:attachment":[{"href":"https:\/\/lezajsk.przemyska.pl\/index.php?rest_route=%2Fwp%2Fv2%2Fmedia&parent=17718"}],"wp:term":[{"taxonomy":"category","embeddable":true,"href":"https:\/\/lezajsk.przemyska.pl\/index.php?rest_route=%2Fwp%2Fv2%2Fcategories&post=17718"},{"taxonomy":"post_tag","embeddable":true,"href":"https:\/\/lezajsk.przemyska.pl\/index.php?rest_route=%2Fwp%2Fv2%2Ftags&post=17718"}],"curies":[{"name":"wp","href":"https:\/\/api.w.org\/{rel}","templated":true}]}}