
{"id":17709,"date":"2024-07-27T22:24:42","date_gmt":"2024-07-27T20:24:42","guid":{"rendered":"https:\/\/lezajsk.przemyska.pl\/?p=17709"},"modified":"2024-07-27T22:24:42","modified_gmt":"2024-07-27T20:24:42","slug":"xvii-niedziela-zwykla-28-07-2024-r","status":"publish","type":"post","link":"https:\/\/lezajsk.przemyska.pl\/?p=17709","title":{"rendered":"XVII Niedziela zwyk\u0142a &#8211; 28.07.2024 r."},"content":{"rendered":"<ol>\n<li>Dzi\u015b zapraszamy jeszcze na <strong>nieszpory niedzielne o godz. 17.30<\/strong>. a po nich Msza \u015bw. wieczorna.<\/li>\n<li>W czwartek rozpoczynamy <strong>miesi\u0105c sierpie\u0144<\/strong>, dla wielu czas dobrowolnie podejmowanej abstynencji. Zach\u0119ceni s\u0142owami listu pasterskiego, jako chrze\u015bcijanie miejmy si\u0142\u0119 i\u00a0odwag\u0119 przeciwstawia\u0107 si\u0119 temu z\u0142u, jakie niesie w sobie plaga alkoholizmu. Miejmy te\u017c \u015bwiadomo\u015b\u0107, \u017ce wiele zale\u017cy od naszej osobistej postawy i\u00a0\u015bwiadectwa.<\/li>\n<li>W tym tygodniu przypada<strong> I czwartek, pi\u0105tek i I sobota miesi\u0105ca<\/strong>. Adoracja Naj\u015bwi\u0119tszego Sakramentu po Mszy \u015bw. w czwartek i pi\u0105tek do godz. 20.00. Spowied\u017a w\u00a0pi\u0105tek od godz. 17.00.<\/li>\n<li><strong>Odwiedziny chorych w domach <\/strong>w pi\u0105tek od godz. 9.00.<\/li>\n<li>W pi\u0105tek 2 sierpnia, w ka\u017cdym ko\u015bciele parafialnym mo\u017cna zyska\u0107\u00a0<strong>odpust zupe\u0142ny tzw. \u201ePorcjunkuli\u201d,<\/strong> pod zwyk\u0142ymi warunkami.<\/li>\n<li>W sobot\u0119 wszystkich czcicieli Matki Bo\u017cej, zapraszamy na kolejne <strong>nabo\u017ce\u0144stwo I\u00a0soboty<\/strong>, wynagradzaj\u0105ce Niepokalanemu Sercu NMP, po\u0142\u0105czone z\u00a0modlitw\u0105 r\u00f3\u017ca\u0144cow\u0105 o godz. 17.00. Tego te\u017c dnia <strong>po Mszy \u015bw. o godz. 18.00<\/strong> odb\u0119dzie si\u0119 kolejny w naszej parafii <strong> \u201eM\u0119ski R\u00f3\u017caniec\u201d<\/strong>. Na to wyj\u0105tkowe nabo\u017ce\u0144stwo i\u00a0wieczorn\u0105 procesj\u0119 r\u00f3\u017ca\u0144cow\u0105 ju\u017c dzi\u015b zapraszamy wszystkich m\u0119\u017cczyzn, niezale\u017cnie od wieku.<\/li>\n<li>W niedziel\u0119 <strong>wspomnienie \u015bw. Jana Marii Vianney\u2019a<\/strong>\u2013 patrona kap\u0142an\u00f3w.<\/li>\n<li>W imieniu\u00a0<strong>Zarz\u0105du MZKS Pogo\u0144 Le\u017cajsk, <\/strong>zapraszamy dzia\u0142aczy, trener\u00f3w, rodzic\u00f3w, zawodnik\u00f3w i wszystkich sympatyk\u00f3w klubu <strong>na\u00a0Msz\u0119 \u015awi\u0119t\u0105 <\/strong>inauguruj\u0105c\u0105 sezon pi\u0142karski, kt\u00f3ra zostanie odprawiona w naszej Farze, <strong>w niedziel\u0119 4 sierpnia o\u00a0godz. 14.00.<\/strong><\/li>\n<li><strong>W Siewcy<\/strong> przed po\u0142udniem do nabycia prasa katolicka, album po\u015bwi\u0119cony b\u0142. Rodzinie Ulm\u00f3w, ksi\u0105\u017cka pami\u0105tkowa po\u015bwi\u0119cona rocznicy konsekracji naszej Fary i wiele innych publikacji. Serdecznie polecamy.<\/li>\n<li><strong>Zaproszenia<\/strong>: Dzi\u015b w Kury\u0142\u00f3wce na wysoko\u015bci mostu <strong>Wiecz\u00f3r Papieski \u201eWyp\u0142y\u0144 na g\u0142\u0119bi\u0119\u201d <\/strong>nad brzegiem Sanu przy \u201eKamieniu Papieskim\u201d. Pocz\u0105tek godz. 19.00 a <strong>Muzeum Ziemi Le\u017cajskiej zaprasza w czwartek 1 sierpnia na \u201ePowiatowy Piknik Patriotyczny\u201d<\/strong>, kt\u00f3ry odb\u0119dzie si\u0119 na dziedzi\u0144cu obok muzeum. Pocz\u0105tek, godz. 16.00.<\/li>\n<\/ol>\n<p><strong>\u00a0<\/strong><strong><u>Intencje zbiorowe: <\/u><\/strong><\/p>\n<ul>\n<li>W intencji nowennowych pr\u00f3\u015bb i podzi\u0119kowa\u0144 do MB Pocieszenia \u2013 \u015broda, godz. 18.00.<\/li>\n<li>Za \u015bp. Stanis\u0142aw\u0119 Siara w 1 r. \u015bmierci \u2013 intencja od nauczycieli emeryt\u00f3w ze SP nr 1 \u2013 czwartek, godz. 6.30.<\/li>\n<li>Za dusze w czy\u015b\u0107cu cierpi\u0105ce \u2013 intencja od Apostolskiego Dzie\u0142a Pomocy Duszom Czy\u015b\u0107cowym \u2013 czwartek, godz. 7.00.<\/li>\n<li>Za kap\u0142an\u00f3w i o nowe \u015bwi\u0119te powo\u0142ania kap\u0142a\u0144skie i zakonne \u2013 intencja od Stra\u017cy Honorowej NSPJ \u2013 czwartek, godz. 18.00.<\/li>\n<li>Msze \u015bw. gregoria\u0144skie za \u015bp. W\u0142adys\u0142aw\u0119 Pietrusk\u0105, pocz\u0105tek \u2013 czwartek, godz. 18.00 (poza parafi\u0105).<\/li>\n<li>Z intencji Stra\u017cy Honorowej NSPJ \u2013 pi\u0105tek, godz. 18.00.<\/li>\n<li>Wynagradzaj\u0105ca Niepokalanemu Sercu NMP \u2013 intencja od R\u00f3\u017c R\u00f3\u017ca\u0144cowych i Bractwa Szkaplerza \u015awi\u0119tego \u2013 sobota, godz. 18.00.<\/li>\n<li>Za \u015bp. Henryka Szyde\u0142ko \u2013 intencja od pracownik\u00f3w PILAWY \u2013 niedziela, godz. 16.00.<\/li>\n<li>Z R\u00f3\u017cy \u015bw. Kingi \u2013 niedziela, godz. 18.00.<\/li>\n<\/ul>\n<p>W ostatnim tygodniu odszed\u0142 od nas do wieczno\u015bci <strong>\u015bp. J\u00f3zef Nyc<\/strong> z ul. B\u0142onie \u2013 wieczny odpoczynek\u2026<\/p>\n","protected":false},"excerpt":{"rendered":"<p>Dzi\u015b zapraszamy jeszcze na nieszpory niedzielne o godz. 17.30. a po nich Msza \u015bw. wieczorna. W czwartek rozpoczynamy miesi\u0105c sierpie\u0144, dla wielu czas dobrowolnie podejmowanej abstynencji. Zach\u0119ceni s\u0142owami listu pasterskiego, jako chrze\u015bcijanie miejmy si\u0142\u0119 i\u00a0odwag\u0119 przeciwstawia\u0107 si\u0119 temu z\u0142u, jakie niesie w sobie plaga alkoholizmu. Miejmy te\u017c \u015bwiadomo\u015b\u0107, \u017ce wiele zale\u017cy od naszej osobistej postawy [&hellip;]<\/p>\n","protected":false},"author":4,"featured_media":0,"comment_status":"closed","ping_status":"open","sticky":false,"template":"","format":"standard","meta":[],"categories":[5],"tags":[],"_links":{"self":[{"href":"https:\/\/lezajsk.przemyska.pl\/index.php?rest_route=\/wp\/v2\/posts\/17709"}],"collection":[{"href":"https:\/\/lezajsk.przemyska.pl\/index.php?rest_route=\/wp\/v2\/posts"}],"about":[{"href":"https:\/\/lezajsk.przemyska.pl\/index.php?rest_route=\/wp\/v2\/types\/post"}],"author":[{"embeddable":true,"href":"https:\/\/lezajsk.przemyska.pl\/index.php?rest_route=\/wp\/v2\/users\/4"}],"replies":[{"embeddable":true,"href":"https:\/\/lezajsk.przemyska.pl\/index.php?rest_route=%2Fwp%2Fv2%2Fcomments&post=17709"}],"version-history":[{"count":1,"href":"https:\/\/lezajsk.przemyska.pl\/index.php?rest_route=\/wp\/v2\/posts\/17709\/revisions"}],"predecessor-version":[{"id":17710,"href":"https:\/\/lezajsk.przemyska.pl\/index.php?rest_route=\/wp\/v2\/posts\/17709\/revisions\/17710"}],"wp:attachment":[{"href":"https:\/\/lezajsk.przemyska.pl\/index.php?rest_route=%2Fwp%2Fv2%2Fmedia&parent=17709"}],"wp:term":[{"taxonomy":"category","embeddable":true,"href":"https:\/\/lezajsk.przemyska.pl\/index.php?rest_route=%2Fwp%2Fv2%2Fcategories&post=17709"},{"taxonomy":"post_tag","embeddable":true,"href":"https:\/\/lezajsk.przemyska.pl\/index.php?rest_route=%2Fwp%2Fv2%2Ftags&post=17709"}],"curies":[{"name":"wp","href":"https:\/\/api.w.org\/{rel}","templated":true}]}}